{"id":36380,"date":"2023-10-30T17:58:27","date_gmt":"2023-10-30T20:58:27","guid":{"rendered":"https:\/\/radiorevelacionfm.cl\/?p=36380"},"modified":"2023-10-30T17:58:27","modified_gmt":"2023-10-30T20:58:27","slug":"estudiantes-de-aysen-estuvieron-presentes-en-juegos-panamericanos-santiago-2023-alentando-a-deportistas-nacionales-y-regionales","status":"publish","type":"post","link":"https:\/\/radiorevelacionfm.cl\/?p=36380","title":{"rendered":"Estudiantes de Ays\u00e9n estuvieron presentes en Juegos Panamericanos Santiago 2023 alentando a deportistas nacionales y regionales"},"content":{"rendered":"<div class=\"flex_column av_one_full  flex_column_div av-zero-column-padding first  avia-builder-el-0  el_before_av_one_full  avia-builder-el-first  \" style='border-radius:0px; '><div  class='avia-image-container  av-styling-    avia-builder-el-1  avia-builder-el-no-sibling  avia-align-center '  itemprop=\"image\" itemscope=\"itemscope\" itemtype=\"https:\/\/schema.org\/ImageObject\"  ><div class='avia-image-container-inner'><div class='avia-image-overlay-wrap'><img decoding=\"async\" class='wp-image-36381 avia-img-lazy-loading-not-36381 avia_image' src=\"https:\/\/radiorevelacionfm.cl\/wp-content\/uploads\/2023\/10\/delegacion-aysen-1_optimized-1.jpg\" alt='' title='delegaci\u00f3n-ays\u00e9n-(1)_optimized (1)' height=\"600\" width=\"1333\"  itemprop=\"thumbnailUrl\" srcset=\"https:\/\/radiorevelacionfm.cl\/wp-content\/uploads\/2023\/10\/delegacion-aysen-1_optimized-1.jpg 1333w, https:\/\/radiorevelacionfm.cl\/wp-content\/uploads\/2023\/10\/delegacion-aysen-1_optimized-1-300x135.jpg 300w, https:\/\/radiorevelacionfm.cl\/wp-content\/uploads\/2023\/10\/delegacion-aysen-1_optimized-1-1030x464.jpg 1030w, https:\/\/radiorevelacionfm.cl\/wp-content\/uploads\/2023\/10\/delegacion-aysen-1_optimized-1-768x346.jpg 768w, https:\/\/radiorevelacionfm.cl\/wp-content\/uploads\/2023\/10\/delegacion-aysen-1_optimized-1-705x317.jpg 705w, https:\/\/radiorevelacionfm.cl\/wp-content\/uploads\/2023\/10\/delegacion-aysen-1_optimized-1-450x203.jpg 450w, https:\/\/radiorevelacionfm.cl\/wp-content\/uploads\/2023\/10\/delegacion-aysen-1_optimized-1-600x270.jpg 600w\" sizes=\"(max-width: 1333px) 100vw, 1333px\" \/><\/div><\/div><\/div><\/div><div class=\"flex_column av_one_full  flex_column_div av-zero-column-padding first  avia-builder-el-2  el_after_av_one_full  el_before_av_one_full  column-top-margin\" style='border-radius:0px; '><section class=\"av_textblock_section \"  itemscope=\"itemscope\" itemtype=\"https:\/\/schema.org\/BlogPosting\" itemprop=\"blogPost\" ><div class='avia_textblock  '   itemprop=\"text\" ><p style=\"text-align: center;\"><span style=\"font-size: 18pt;\"><b>Estudiantes de Ays\u00e9n estuvieron presentes en Juegos Panamericanos Santiago 2023 alentando a deportistas nacionales y regionales<\/b><\/span><\/p>\n<div id=\"gtx-trans\" style=\"position: absolute; left: -50px; top: 4.31534px;\">\n<div class=\"gtx-trans-icon\"><\/div>\n<\/div>\n<\/div><\/section><\/div><div class=\"flex_column av_one_full  flex_column_div av-zero-column-padding first  avia-builder-el-4  el_after_av_one_full  el_before_av_hr  column-top-margin\" style='border-radius:0px; '><section class=\"av_textblock_section \"  itemscope=\"itemscope\" itemtype=\"https:\/\/schema.org\/BlogPosting\" itemprop=\"blogPost\" ><div class='avia_textblock  '   itemprop=\"text\" ><p class=\"v1MsoNormal\" style=\"text-align: justify;\">Hasta la capital nacional viaj\u00f3 una delegaci\u00f3n de estudiantes y docentes de la regi\u00f3n de Ays\u00e9n para alentar a los deportistas representativos de Chile y especialmente a los competidores de nuestra regi\u00f3n.<\/p>\n<p class=\"v1MsoNormal\" style=\"text-align: justify;\">La delegaci\u00f3n estuvo integrada por estudiantes de Coyhaique (Escuela Diferencial Espa\u00f1a y Escuela rural Valle Simpson), Chile Chico (Liceo Luisa Rabanal Palma), Puyuhuapi (Escuela Hamburgo) Melinka (Liceo Melinka) y Villa O\u2019Higgins (Liceo Pioneros del Sur). Algunos de ellos se reunieron en Coyhaique con la Seremi de Educaci\u00f3n Isabel Garrido, quien los felicit\u00f3 e indic\u00f3 \u00a0que \u201cEste viaje de los estudiantes de Ays\u00e9n se concret\u00f3 mediante un convenio firmado por el ministerio de Educaci\u00f3n y el Ministerio del Deporte que busca relevar este evento y profundizar en el rol educativo que cumple, presentando distintas disciplinas, nueva infraestructura, gesti\u00f3n deportiva, inclusi\u00f3n y compa\u00f1erismo\u201d.<\/p>\n<p class=\"v1MsoNormal\" style=\"text-align: justify;\">La seremi les expres\u00f3 a los estudiantes su alegr\u00eda porque puedan representar a los estudiantes de la regi\u00f3n alentando a sus compatriotas atletas.<\/p>\n<p class=\"v1MsoNormal\" style=\"text-align: justify;\">Por su parte, el director del Liceo Bicentenario Luisa Rabanal Palma de Chile Chico Victor Dur\u00e1n expres\u00f3 su satisfacci\u00f3n y la de sus estudiantes por esta oportunidad. \u201cEstamos contentos de que algunos de nuestros estudiantes participen en este evento deportivo que talvez es el m\u00e1s grande que tiene lugar en nuestro pa\u00eds. Podremos ver algunas de las disciplinas deportivas y conocer de cerca como se organizan y funcionan estos juegos panamericanos. Tambi\u00e9n permite que nuestros estudiantes de Chile Chico compartan con sus pares de la regi\u00f3n y del pa\u00eds. Agradecidos de haber sido seleccionados para formar parte de este tremendo evento deportivo\u201d.<\/p>\n<p class=\"v1MsoNormal\" style=\"text-align: justify;\">El estudiante del Liceo de Chile Chico Luis Figueroa se mostr\u00f3 feliz de participar esta delegaci\u00f3n: \u201cEs un honor haber sido elegidos para representar a nuestra regi\u00f3n en este caso alentando a los deportistas de Ays\u00e9n y de Chile\u201d.<\/p>\n<p class=\"v1MsoNormal\" style=\"text-align: justify;\">En la ciudad Santiago los estudiantes y profesores de Ays\u00e9n fueron recibidos y saludados por el Ministro de Educaci\u00f3n Nicolas Cataldo, quien pudo dialogar con ellos y escuchar las dificultades que implica el traslado desde la Regi\u00f3n de Ays\u00e9n a la ciudad de Santiago.<\/p>\n<p class=\"v1MsoNormal\" style=\"text-align: justify;\">Los estudiantes y docentes estuvieron presentes en las pruebas de Ciclismo en Pista, Voleibol Playa, que se desarrollaron en el Parque Pe\u00f1alol\u00e9n, Boxeo disputado en el Centro de Entrenamiento Ol\u00edmpico (CEO) y Hockey C\u00e9sped en el Parque Estadio Nacional. Adem\u00e1s pudieron compartir con el boxeador argentino Abraham Buonarrigo quien fue medallista de bronce en los Juegos Panamericanos Santiago 2023.<\/p>\n<p class=\"v1MsoNormal\" style=\"text-align: justify;\"><b>Cursos de formaci\u00f3n docentes<\/b><\/p>\n<p class=\"v1MsoNormal\" style=\"text-align: justify;\">Adem\u00e1s de la visita de las delegaciones a las competencias, el Programa de Educaci\u00f3n de los Juegos Panamericanos y Parapanamericanos contempla un curso de formaci\u00f3n para docentes el cual fue dise\u00f1ado por la Corporaci\u00f3n Santiago 2023 en conjunto con el Ministerio de Educaci\u00f3n y que se encuentra disponible para todos los equipos docentes del pa\u00eds a trav\u00e9s de la plataforma del Centro de Perfeccionamiento, Experimentaci\u00f3n e Investigaciones Pedag\u00f3gicas (CPEIP) del Mineduc, con foco especial en el profesorado de 60 establecimientos pertenecientes a las cuatro regiones sedes.<\/p>\n<p class=\"v1MsoNormal\" style=\"text-align: justify;\">El contenido de estos cursos considera informaci\u00f3n sobre el sentido e importante de la competencia deportiva en que participan representantes de todos los pa\u00edses del continente, junto con material que invita a reflexionar sobre el valor del deporte como herramienta para la inclusi\u00f3n, la sostenibilidad y la cultura.<\/p>\n<\/div><\/section><\/div><div  style='height:50px' class='hr hr-invisible   avia-builder-el-6  el_after_av_one_full  el_before_av_social_share '><span class='hr-inner ' ><span class='hr-inner-style'><\/span><\/span><\/div><\/p>\n<div  class='av-social-sharing-box  avia-builder-el-7  el_after_av_hr  el_before_av_hr  '><div class='av-share-box'><h5 class='av-share-link-description av-no-toc '>Compartir esta noticia<\/h5><ul class='av-share-box-list noLightbox'><li class='av-share-link av-social-link-facebook' ><a target=\"_blank\" aria-label=\"Compartir en Facebook\" href='https:\/\/www.facebook.com\/sharer.php?u=https:\/\/radiorevelacionfm.cl\/?p=36380&#038;t=Estudiantes%20de%20Ays%C3%A9n%20estuvieron%20presentes%20en%20Juegos%20Panamericanos%20Santiago%202023%20alentando%20a%20deportistas%20nacionales%20y%20regionales' aria-hidden='false' data-av_icon='\ue8f3' data-av_iconfont='entypo-fontello' title='' data-avia-related-tooltip='Compartir en Facebook' rel=\"noopener\"><span class='avia_hidden_link_text'>Compartir en Facebook<\/span><\/a><\/li><li class='av-share-link av-social-link-twitter' ><a target=\"_blank\" aria-label=\"Compartir en Twitter\" href='https:\/\/twitter.com\/share?text=Estudiantes%20de%20Ays%C3%A9n%20estuvieron%20presentes%20en%20Juegos%20Panamericanos%20Santiago%202023%20alentando%20a%20deportistas%20nacionales%20y%20regionales&#038;url=https:\/\/radiorevelacionfm.cl\/?p=36380' aria-hidden='false' data-av_icon='\ue8f1' data-av_iconfont='entypo-fontello' title='' data-avia-related-tooltip='Compartir en Twitter' rel=\"noopener\"><span class='avia_hidden_link_text'>Compartir en Twitter<\/span><\/a><\/li><li class='av-share-link av-social-link-whatsapp' ><a target=\"_blank\" aria-label=\"Compartir en Whatsapp\" href='https:\/\/api.whatsapp.com\/send?text=https:\/\/radiorevelacionfm.cl\/?p=36380' aria-hidden='false' data-av_icon='\uf232' data-av_iconfont='entypo-fontello' title='' data-avia-related-tooltip='Compartir en Whatsapp' rel=\"noopener\"><span class='avia_hidden_link_text'>Compartir en Whatsapp<\/span><\/a><\/li><li class='av-share-link av-social-link-linkedin' ><a target=\"_blank\" aria-label=\"Compartir en LinkedIn\" href='https:\/\/linkedin.com\/shareArticle?mini=true&#038;title=Estudiantes%20de%20Ays%C3%A9n%20estuvieron%20presentes%20en%20Juegos%20Panamericanos%20Santiago%202023%20alentando%20a%20deportistas%20nacionales%20y%20regionales&#038;url=https:\/\/radiorevelacionfm.cl\/?p=36380' aria-hidden='false' data-av_icon='\ue8fc' data-av_iconfont='entypo-fontello' title='' data-avia-related-tooltip='Compartir en LinkedIn' rel=\"noopener\"><span class='avia_hidden_link_text'>Compartir en LinkedIn<\/span><\/a><\/li><li class='av-share-link av-social-link-mail' ><a  aria-label=\"Compartir por correo\" href='mailto:?subject=Estudiantes%20de%20Ays%C3%A9n%20estuvieron%20presentes%20en%20Juegos%20Panamericanos%20Santiago%202023%20alentando%20a%20deportistas%20nacionales%20y%20regionales&#038;body=https:\/\/radiorevelacionfm.cl\/?p=36380' aria-hidden='false' data-av_icon='\ue805' data-av_iconfont='entypo-fontello' title='' data-avia-related-tooltip='Compartir por correo'><span class='avia_hidden_link_text'>Compartir por correo<\/span><\/a><\/li><\/ul><\/div><\/div>\n<div  style='height:50px' class='hr hr-invisible   avia-builder-el-8  el_after_av_social_share  el_before_av_comments_list '><span class='hr-inner ' ><span class='hr-inner-style'><\/span><\/span><\/div>\n<div  class='av-buildercomment  av-blog-meta-html-info-disabled av-blog-meta-tag-disabled  '><\/div>\n","protected":false},"excerpt":{"rendered":"","protected":false},"author":1,"featured_media":36381,"comment_status":"open","ping_status":"open","sticky":false,"template":"","format":"standard","meta":{"footnotes":""},"categories":[38],"tags":[],"class_list":["post-36380","post","type-post","status-publish","format-standard","has-post-thumbnail","hentry","category-regional"],"jetpack_featured_media_url":"https:\/\/radiorevelacionfm.cl\/wp-content\/uploads\/2023\/10\/delegacion-aysen-1_optimized-1.jpg","_links":{"self":[{"href":"https:\/\/radiorevelacionfm.cl\/index.php?rest_route=\/wp\/v2\/posts\/36380","targetHints":{"allow":["GET"]}}],"collection":[{"href":"https:\/\/radiorevelacionfm.cl\/index.php?rest_route=\/wp\/v2\/posts"}],"about":[{"href":"https:\/\/radiorevelacionfm.cl\/index.php?rest_route=\/wp\/v2\/types\/post"}],"author":[{"embeddable":true,"href":"https:\/\/radiorevelacionfm.cl\/index.php?rest_route=\/wp\/v2\/users\/1"}],"replies":[{"embeddable":true,"href":"https:\/\/radiorevelacionfm.cl\/index.php?rest_route=%2Fwp%2Fv2%2Fcomments&post=36380"}],"version-history":[{"count":1,"href":"https:\/\/radiorevelacionfm.cl\/index.php?rest_route=\/wp\/v2\/posts\/36380\/revisions"}],"predecessor-version":[{"id":36383,"href":"https:\/\/radiorevelacionfm.cl\/index.php?rest_route=\/wp\/v2\/posts\/36380\/revisions\/36383"}],"wp:featuredmedia":[{"embeddable":true,"href":"https:\/\/radiorevelacionfm.cl\/index.php?rest_route=\/wp\/v2\/media\/36381"}],"wp:attachment":[{"href":"https:\/\/radiorevelacionfm.cl\/index.php?rest_route=%2Fwp%2Fv2%2Fmedia&parent=36380"}],"wp:term":[{"taxonomy":"category","embeddable":true,"href":"https:\/\/radiorevelacionfm.cl\/index.php?rest_route=%2Fwp%2Fv2%2Fcategories&post=36380"},{"taxonomy":"post_tag","embeddable":true,"href":"https:\/\/radiorevelacionfm.cl\/index.php?rest_route=%2Fwp%2Fv2%2Ftags&post=36380"}],"curies":[{"name":"wp","href":"https:\/\/api.w.org\/{rel}","templated":true}]}}