{"id":36377,"date":"2023-10-30T19:49:51","date_gmt":"2023-10-30T22:49:51","guid":{"rendered":"https:\/\/radiorevelacionfm.cl\/?p=36377"},"modified":"2023-10-30T19:49:51","modified_gmt":"2023-10-30T22:49:51","slug":"restablecen-suministro-electrico-en-palena-y-aysen-tras-interrupciones-causadas-por-el-frente-de-mal-tiempo","status":"publish","type":"post","link":"https:\/\/radiorevelacionfm.cl\/?p=36377","title":{"rendered":"Restablecen suministro el\u00e9ctrico en Palena y Ays\u00e9n tras interrupciones causadas por el frente de mal tiempo"},"content":{"rendered":"<div class=\"flex_column av_one_full  flex_column_div av-zero-column-padding first  avia-builder-el-0  el_before_av_one_full  avia-builder-el-first  \" style='border-radius:0px; '><div  class='avia-image-container  av-styling-    avia-builder-el-1  avia-builder-el-no-sibling  avia-align-center '  itemprop=\"image\" itemscope=\"itemscope\" itemtype=\"https:\/\/schema.org\/ImageObject\"  ><div class='avia-image-container-inner'><div class='avia-image-overlay-wrap'><img decoding=\"async\" class='wp-image-36378 avia-img-lazy-loading-not-36378 avia_image' src=\"https:\/\/radiorevelacionfm.cl\/wp-content\/uploads\/2023\/10\/EDELAYSEN_EMERGENCIA-SISPALENA-1-1.jpg\" alt='' title='EDELAYSEN_EMERGENCIA SISPALENA (1) (1)' height=\"682\" width=\"801\"  itemprop=\"thumbnailUrl\" srcset=\"https:\/\/radiorevelacionfm.cl\/wp-content\/uploads\/2023\/10\/EDELAYSEN_EMERGENCIA-SISPALENA-1-1.jpg 801w, https:\/\/radiorevelacionfm.cl\/wp-content\/uploads\/2023\/10\/EDELAYSEN_EMERGENCIA-SISPALENA-1-1-300x255.jpg 300w, https:\/\/radiorevelacionfm.cl\/wp-content\/uploads\/2023\/10\/EDELAYSEN_EMERGENCIA-SISPALENA-1-1-768x654.jpg 768w, https:\/\/radiorevelacionfm.cl\/wp-content\/uploads\/2023\/10\/EDELAYSEN_EMERGENCIA-SISPALENA-1-1-705x600.jpg 705w, https:\/\/radiorevelacionfm.cl\/wp-content\/uploads\/2023\/10\/EDELAYSEN_EMERGENCIA-SISPALENA-1-1-450x383.jpg 450w, https:\/\/radiorevelacionfm.cl\/wp-content\/uploads\/2023\/10\/EDELAYSEN_EMERGENCIA-SISPALENA-1-1-600x511.jpg 600w\" sizes=\"(max-width: 801px) 100vw, 801px\" \/><\/div><\/div><\/div><\/div><div class=\"flex_column av_one_full  flex_column_div av-zero-column-padding first  avia-builder-el-2  el_after_av_one_full  el_before_av_one_full  column-top-margin\" style='border-radius:0px; '><section class=\"av_textblock_section \"  itemscope=\"itemscope\" itemtype=\"https:\/\/schema.org\/BlogPosting\" itemprop=\"blogPost\" ><div class='avia_textblock  '   itemprop=\"text\" ><p style=\"text-align: center;\"><strong><span style=\"font-size: 18pt;\">Restablecen suministro el\u00e9ctrico en Palena y Ays\u00e9n tras interrupciones causadas por el frente de mal tiempo <\/span><\/strong><\/p>\n<div id=\"gtx-trans\" style=\"position: absolute; left: -50px; top: 4.31534px;\">\n<div class=\"gtx-trans-icon\"><\/div>\n<\/div>\n<\/div><\/section><\/div><div class=\"flex_column av_one_full  flex_column_div av-zero-column-padding first  avia-builder-el-4  el_after_av_one_full  el_before_av_hr  column-top-margin\" style='border-radius:0px; '><section class=\"av_textblock_section \"  itemscope=\"itemscope\" itemtype=\"https:\/\/schema.org\/BlogPosting\" itemprop=\"blogPost\" ><div class='avia_textblock  '   itemprop=\"text\" ><p style=\"text-align: justify;\">En las primeras horas del lunes, y tras el sistema frontal que afect\u00f3 a gran parte del sur del pa\u00eds durante el fin de semana, el servicio el\u00e9ctrico en la provincia de Palena experiment\u00f3 interrupciones debido a la ca\u00edda de \u00e1rboles sobre la red el\u00e9ctrica de la empresa, debido a las intensas nevazones y fuertes vientos. Las \u00e1reas afectadas incluyeron a vecinos de Futaleuf\u00fa, Chait\u00e9n y Puerto Cisnes.<\/p>\n<p style=\"text-align: justify;\">Frente a ello, la r\u00e1pida respuesta de los equipos t\u00e9cnicos de Edelaysen permitieron restablecer la electricidad en Lago Verde, Puyuhuapi y Futaleuf\u00fa gracias a sus centrales de respaldo. Sin embargo, en La Junta, se requiri\u00f3 un recorrido en la l\u00ednea el\u00e9ctrica para restablecer el servicio utilizando el generador local, restaurando el servicio durante la madrugada.<\/p>\n<p style=\"text-align: justify;\">Las condiciones clim\u00e1ticas, sumado a intensas nevazones provocaron ca\u00eddas de \u00e1rboles los cuales proyectaron su ca\u00edda hacia los tendidos el\u00e9ctricos, por lo que algunas l\u00edneas se cortaron por el peso de los \u00e1rboles, debiendo ser retirados de la v\u00eda y reparar las l\u00edneas el\u00e9ctricas. Pese a ello, este lunes durante la ma\u00f1ana se logr\u00f3 restaurar la electricidad en el casco urbano de Futaleuf\u00fa, el que previamente hab\u00eda sido recuperado de manera parcial.<\/p>\n<p style=\"text-align: justify;\">Ante la emergencia, Patricio Raimilla jefe de Servicio al Cliente de Edelaysen detall\u00f3 los trabajos de reposici\u00f3n que se est\u00e1n realizando en el sector donde agreg\u00f3: \u201cCerca de las 11:00 horas, logramos restablecer el servicio desde la central R\u00edo Azul hasta Futaleuf\u00fa, lo que equivale al 99% de los clientes del sistema el\u00e9ctrico de Palena, principalmente en Futaleuf\u00fa, La Junta e intermedios. Esta recuperaci\u00f3n fue un hito significante, dado que en Chait\u00e9n las afectaciones fueron menores\u201d.<\/p>\n<p style=\"text-align: justify;\">\u201cAgradecemos su paciencia y comprensi\u00f3n, como equipo continuaremos trabajando para garantizar un suministro estable y confiable, aun cuando sabemos que contingencias como la ocurrida este fin de semana, de \u00edndole climatol\u00f3gico, pudiesen afectar la continuidad del servicio que prestamos a la comunidad. No obstante, nuestro compromiso es poder recuperar prontamente la energ\u00eda el\u00e9ctrica a la mayor cantidad de vecinos posible y no descansaremos hasta lograr dar luz a cada vecino de nuestra zona de concesi\u00f3n\u201d, enfatiz\u00f3 Raimilla.<\/p>\n<p style=\"text-align: justify;\">Desde Edelaysen indicaron que los vecinos pueden mantenerse en contacto permanente con la empresa a trav\u00e9s de las plataformas digitales, como el bot\u00f3n \u201cEstoy sin Luz\u201d en la p\u00e1gina web, el mapa de desconexiones y la APP para tel\u00e9fonos m\u00f3viles. Para emergencias tambi\u00e9n est\u00e1 disponible la l\u00ednea gratuita 800 600 803.<\/p>\n<\/div><\/section><\/div><div  style='height:50px' class='hr hr-invisible   avia-builder-el-6  el_after_av_one_full  el_before_av_social_share '><span class='hr-inner ' ><span class='hr-inner-style'><\/span><\/span><\/div><\/p>\n<div  class='av-social-sharing-box  avia-builder-el-7  el_after_av_hr  el_before_av_hr  '><div class='av-share-box'><h5 class='av-share-link-description av-no-toc '>Compartir esta noticia<\/h5><ul class='av-share-box-list noLightbox'><li class='av-share-link av-social-link-facebook' ><a target=\"_blank\" aria-label=\"Compartir en Facebook\" href='https:\/\/www.facebook.com\/sharer.php?u=https:\/\/radiorevelacionfm.cl\/?p=36377&#038;t=Restablecen%20suministro%20el%C3%A9ctrico%20en%20Palena%20y%20Ays%C3%A9n%20tras%20interrupciones%20causadas%20por%20el%20frente%20de%20mal%20tiempo' aria-hidden='false' data-av_icon='\ue8f3' data-av_iconfont='entypo-fontello' title='' data-avia-related-tooltip='Compartir en Facebook' rel=\"noopener\"><span class='avia_hidden_link_text'>Compartir en Facebook<\/span><\/a><\/li><li class='av-share-link av-social-link-twitter' ><a target=\"_blank\" aria-label=\"Compartir en Twitter\" href='https:\/\/twitter.com\/share?text=Restablecen%20suministro%20el%C3%A9ctrico%20en%20Palena%20y%20Ays%C3%A9n%20tras%20interrupciones%20causadas%20por%20el%20frente%20de%20mal%20tiempo&#038;url=https:\/\/radiorevelacionfm.cl\/?p=36377' aria-hidden='false' data-av_icon='\ue8f1' data-av_iconfont='entypo-fontello' title='' data-avia-related-tooltip='Compartir en Twitter' rel=\"noopener\"><span class='avia_hidden_link_text'>Compartir en Twitter<\/span><\/a><\/li><li class='av-share-link av-social-link-whatsapp' ><a target=\"_blank\" aria-label=\"Compartir en Whatsapp\" href='https:\/\/api.whatsapp.com\/send?text=https:\/\/radiorevelacionfm.cl\/?p=36377' aria-hidden='false' data-av_icon='\uf232' data-av_iconfont='entypo-fontello' title='' data-avia-related-tooltip='Compartir en Whatsapp' rel=\"noopener\"><span class='avia_hidden_link_text'>Compartir en Whatsapp<\/span><\/a><\/li><li class='av-share-link av-social-link-linkedin' ><a target=\"_blank\" aria-label=\"Compartir en LinkedIn\" href='https:\/\/linkedin.com\/shareArticle?mini=true&#038;title=Restablecen%20suministro%20el%C3%A9ctrico%20en%20Palena%20y%20Ays%C3%A9n%20tras%20interrupciones%20causadas%20por%20el%20frente%20de%20mal%20tiempo&#038;url=https:\/\/radiorevelacionfm.cl\/?p=36377' aria-hidden='false' data-av_icon='\ue8fc' data-av_iconfont='entypo-fontello' title='' data-avia-related-tooltip='Compartir en LinkedIn' rel=\"noopener\"><span class='avia_hidden_link_text'>Compartir en LinkedIn<\/span><\/a><\/li><li class='av-share-link av-social-link-mail' ><a  aria-label=\"Compartir por correo\" href='mailto:?subject=Restablecen%20suministro%20el%C3%A9ctrico%20en%20Palena%20y%20Ays%C3%A9n%20tras%20interrupciones%20causadas%20por%20el%20frente%20de%20mal%20tiempo&#038;body=https:\/\/radiorevelacionfm.cl\/?p=36377' aria-hidden='false' data-av_icon='\ue805' data-av_iconfont='entypo-fontello' title='' data-avia-related-tooltip='Compartir por correo'><span class='avia_hidden_link_text'>Compartir por correo<\/span><\/a><\/li><\/ul><\/div><\/div>\n<div  style='height:50px' class='hr hr-invisible   avia-builder-el-8  el_after_av_social_share  el_before_av_comments_list '><span class='hr-inner ' ><span class='hr-inner-style'><\/span><\/span><\/div>\n<div  class='av-buildercomment  av-blog-meta-html-info-disabled av-blog-meta-tag-disabled  '><\/div>\n","protected":false},"excerpt":{"rendered":"","protected":false},"author":1,"featured_media":36378,"comment_status":"open","ping_status":"open","sticky":false,"template":"","format":"standard","meta":{"footnotes":""},"categories":[38],"tags":[],"class_list":["post-36377","post","type-post","status-publish","format-standard","has-post-thumbnail","hentry","category-regional"],"jetpack_featured_media_url":"https:\/\/radiorevelacionfm.cl\/wp-content\/uploads\/2023\/10\/EDELAYSEN_EMERGENCIA-SISPALENA-1-1.jpg","_links":{"self":[{"href":"https:\/\/radiorevelacionfm.cl\/index.php?rest_route=\/wp\/v2\/posts\/36377","targetHints":{"allow":["GET"]}}],"collection":[{"href":"https:\/\/radiorevelacionfm.cl\/index.php?rest_route=\/wp\/v2\/posts"}],"about":[{"href":"https:\/\/radiorevelacionfm.cl\/index.php?rest_route=\/wp\/v2\/types\/post"}],"author":[{"embeddable":true,"href":"https:\/\/radiorevelacionfm.cl\/index.php?rest_route=\/wp\/v2\/users\/1"}],"replies":[{"embeddable":true,"href":"https:\/\/radiorevelacionfm.cl\/index.php?rest_route=%2Fwp%2Fv2%2Fcomments&post=36377"}],"version-history":[{"count":1,"href":"https:\/\/radiorevelacionfm.cl\/index.php?rest_route=\/wp\/v2\/posts\/36377\/revisions"}],"predecessor-version":[{"id":36379,"href":"https:\/\/radiorevelacionfm.cl\/index.php?rest_route=\/wp\/v2\/posts\/36377\/revisions\/36379"}],"wp:featuredmedia":[{"embeddable":true,"href":"https:\/\/radiorevelacionfm.cl\/index.php?rest_route=\/wp\/v2\/media\/36378"}],"wp:attachment":[{"href":"https:\/\/radiorevelacionfm.cl\/index.php?rest_route=%2Fwp%2Fv2%2Fmedia&parent=36377"}],"wp:term":[{"taxonomy":"category","embeddable":true,"href":"https:\/\/radiorevelacionfm.cl\/index.php?rest_route=%2Fwp%2Fv2%2Fcategories&post=36377"},{"taxonomy":"post_tag","embeddable":true,"href":"https:\/\/radiorevelacionfm.cl\/index.php?rest_route=%2Fwp%2Fv2%2Ftags&post=36377"}],"curies":[{"name":"wp","href":"https:\/\/api.w.org\/{rel}","templated":true}]}}