{"id":36374,"date":"2023-10-30T17:01:03","date_gmt":"2023-10-30T20:01:03","guid":{"rendered":"https:\/\/radiorevelacionfm.cl\/?p=36374"},"modified":"2023-10-30T17:01:03","modified_gmt":"2023-10-30T20:01:03","slug":"capacitan-a-mas-de-30-personas-en-villa-manihuales-sobre-compostaje-y-vermicompost","status":"publish","type":"post","link":"https:\/\/radiorevelacionfm.cl\/?p=36374","title":{"rendered":"Capacitan a m\u00e1s de 30 personas en Villa Ma\u00f1ihuales sobre compostaje y vermicompost"},"content":{"rendered":"<div class=\"flex_column av_one_full  flex_column_div av-zero-column-padding first  avia-builder-el-0  el_before_av_one_full  avia-builder-el-first  \" style='border-radius:0px; '><div  class='avia-image-container  av-styling-    avia-builder-el-1  avia-builder-el-no-sibling  avia-align-center '  itemprop=\"image\" itemscope=\"itemscope\" itemtype=\"https:\/\/schema.org\/ImageObject\"  ><div class='avia-image-container-inner'><div class='avia-image-overlay-wrap'><img decoding=\"async\" class='wp-image-36375 avia-img-lazy-loading-not-36375 avia_image' src=\"https:\/\/radiorevelacionfm.cl\/wp-content\/uploads\/2023\/10\/img-bh-manicap3-1_optimized-1.jpeg\" alt='' title='img-bh-manicap3-(1)_optimized (1)' height=\"600\" width=\"800\"  itemprop=\"thumbnailUrl\" srcset=\"https:\/\/radiorevelacionfm.cl\/wp-content\/uploads\/2023\/10\/img-bh-manicap3-1_optimized-1.jpeg 800w, https:\/\/radiorevelacionfm.cl\/wp-content\/uploads\/2023\/10\/img-bh-manicap3-1_optimized-1-300x225.jpeg 300w, https:\/\/radiorevelacionfm.cl\/wp-content\/uploads\/2023\/10\/img-bh-manicap3-1_optimized-1-768x576.jpeg 768w, https:\/\/radiorevelacionfm.cl\/wp-content\/uploads\/2023\/10\/img-bh-manicap3-1_optimized-1-705x529.jpeg 705w, https:\/\/radiorevelacionfm.cl\/wp-content\/uploads\/2023\/10\/img-bh-manicap3-1_optimized-1-450x338.jpeg 450w, https:\/\/radiorevelacionfm.cl\/wp-content\/uploads\/2023\/10\/img-bh-manicap3-1_optimized-1-600x450.jpeg 600w\" sizes=\"(max-width: 800px) 100vw, 800px\" \/><\/div><\/div><\/div><\/div><div class=\"flex_column av_one_full  flex_column_div av-zero-column-padding first  avia-builder-el-2  el_after_av_one_full  el_before_av_one_full  column-top-margin\" style='border-radius:0px; '><section class=\"av_textblock_section \"  itemscope=\"itemscope\" itemtype=\"https:\/\/schema.org\/BlogPosting\" itemprop=\"blogPost\" ><div class='avia_textblock  '   itemprop=\"text\" ><p style=\"text-align: center;\"><strong><span style=\"font-size: 18pt;\">Capacitan a m\u00e1s de 30 personas en Villa Ma\u00f1ihuales sobre compostaje y vermicompost <\/span><\/strong><\/p>\n<div id=\"gtx-trans\" style=\"position: absolute; left: -50px; top: 4.31534px;\">\n<div class=\"gtx-trans-icon\"><\/div>\n<\/div>\n<\/div><\/section><\/div><div class=\"flex_column av_one_full  flex_column_div av-zero-column-padding first  avia-builder-el-4  el_after_av_one_full  el_before_av_hr  column-top-margin\" style='border-radius:0px; '><section class=\"av_textblock_section \"  itemscope=\"itemscope\" itemtype=\"https:\/\/schema.org\/BlogPosting\" itemprop=\"blogPost\" ><div class='avia_textblock  '   itemprop=\"text\" ><p style=\"text-align: justify;\"><em>En la instancia tambi\u00e9n participaron usuarios del Programa de Desarrollo Local (Indap) de la comuna vecina de Lago Verde. <\/em><\/p>\n<p style=\"text-align: justify;\">En colaboraci\u00f3n con la Oficina Municipal del Campesino de la Ilustre Municipalidad de Ays\u00e9n se efectu\u00f3 en la Biblioteca de Villa Ma\u00f1ihuales la primera capacitaci\u00f3n de compostaje y vermicompost de Empresas Bahamonde en la zona de acceso norte a la comuna de Ays\u00e9n. Este hito fue ampliamente valorado por los asistentes, quienes, poseen distintas actividades productivas relacionadas al trabajo con la tierra por lo que, la capacitaci\u00f3n les permiti\u00f3 conocer nuevas formas de aportar a su desarrollo productivo. En el encuentro, adem\u00e1s, se obsequi\u00f3 a los asistentes Humus proveniente del Relleno Sanitario que posee la empresa aysenina y que ha permitido mejorar las propiedades de los suelos en la Regi\u00f3n.<\/p>\n<p style=\"text-align: justify;\">Al respecto el gerente general de Empresas Bahamonde, Alejandro Bahamonde Corey, junto con comentar la actividad destac\u00f3 la cooperaci\u00f3n con la Oficina del Campesino \u201cfueron m\u00e1s de 35 personas, las cuales se encontraron fascinadas y contentas por el proyecto, porque es la primera vez que se realiza en esa localidad\u201d. Adem\u00e1s, el empresario local coment\u00f3 con orgullo que pretenden desarrollar este tipo de actividades en Islas Huichas para marzo de 2024 junto al equipo consultor del Relleno Sanitario principalmente por la cordialidad y amabilidad que han expresado los usuarios en estas instancias de aprendizaje.<\/p>\n<p style=\"text-align: justify;\">Por su parte, Danahe Sandoval, coordinadora de la Oficina Municipal del Campesino de Ays\u00e9n relev\u00f3 el aporte de Empresas Bahamonde en estas instancias, tras las distintas versiones efectuadas en Puerto Ays\u00e9n y que permiti\u00f3 la capacitaci\u00f3n de las usuarias y usuarios de este importante polo de producci\u00f3n hortofrut\u00edcola en la Regi\u00f3n. En esta oportunidad en compa\u00f1\u00eda de vecinas proveniente de la comuna aleda\u00f1a de Lago Verde.<\/p>\n<p style=\"text-align: justify;\">Una de las personas presentes fue Tabata Vargas, alumna del Liceo de Villa Ma\u00f1ihuales e integrante de la iniciativa \u201cForjadores Ambientales\u201d, abord\u00f3 positivamente encuentro desde una mirada educativa. \u201cyo antes ven\u00eda de una comunidad que hac\u00eda muchos cursos igual de estos, pero es primera vez que yo asisto uno ac\u00e1 en la Villa. Es s\u00faper f\u00e1cil ayudar al ecosistema, dividiendo la basura, lo que estaba diciendo en el curso, y que quiz\u00e1s no podemos tener todos una compostera, pero con solo ayudar a darle nuestros desechos a una persona que si tenga una compostera podremos hacer una gran diferencia.<\/p>\n<p style=\"text-align: justify;\">Finalmente, Mar\u00eda Teresa Mardones, vecina de Lago Verde y usuaria del PRODESAL enfatiz\u00f3 lo bueno de este tipo de actividades indicando que \u201csobre todo en mi caso, que yo vengo de Tapera en Lago Verde, entonces vali\u00f3 mucho esta salida para aprender, compartir conocer gente para m\u00ed, excelente, porque de aqu\u00ed se est\u00e1 viendo a futuro lo que se puede hacer, siembra u otra actividad como la crianza de animales, porque los suelos van a ser m\u00e1s naturales\u201d puntualiz\u00f3 Mardones tras la capacitaci\u00f3n.<\/p>\n<\/div><\/section><\/div><div  style='height:50px' class='hr hr-invisible   avia-builder-el-6  el_after_av_one_full  el_before_av_social_share '><span class='hr-inner ' ><span class='hr-inner-style'><\/span><\/span><\/div><\/p>\n<div  class='av-social-sharing-box  avia-builder-el-7  el_after_av_hr  el_before_av_hr  '><div class='av-share-box'><h5 class='av-share-link-description av-no-toc '>Compartir esta noticia<\/h5><ul class='av-share-box-list noLightbox'><li class='av-share-link av-social-link-facebook' ><a target=\"_blank\" aria-label=\"Compartir en Facebook\" href='https:\/\/www.facebook.com\/sharer.php?u=https:\/\/radiorevelacionfm.cl\/?p=36374&#038;t=Capacitan%20a%20m%C3%A1s%20de%2030%20personas%20en%20Villa%20Ma%C3%B1ihuales%20sobre%20compostaje%20y%20vermicompost' aria-hidden='false' data-av_icon='\ue8f3' data-av_iconfont='entypo-fontello' title='' data-avia-related-tooltip='Compartir en Facebook' rel=\"noopener\"><span class='avia_hidden_link_text'>Compartir en Facebook<\/span><\/a><\/li><li class='av-share-link av-social-link-twitter' ><a target=\"_blank\" aria-label=\"Compartir en Twitter\" href='https:\/\/twitter.com\/share?text=Capacitan%20a%20m%C3%A1s%20de%2030%20personas%20en%20Villa%20Ma%C3%B1ihuales%20sobre%20compostaje%20y%20vermicompost&#038;url=https:\/\/radiorevelacionfm.cl\/?p=36374' aria-hidden='false' data-av_icon='\ue8f1' data-av_iconfont='entypo-fontello' title='' data-avia-related-tooltip='Compartir en Twitter' rel=\"noopener\"><span class='avia_hidden_link_text'>Compartir en Twitter<\/span><\/a><\/li><li class='av-share-link av-social-link-whatsapp' ><a target=\"_blank\" aria-label=\"Compartir en Whatsapp\" href='https:\/\/api.whatsapp.com\/send?text=https:\/\/radiorevelacionfm.cl\/?p=36374' aria-hidden='false' data-av_icon='\uf232' data-av_iconfont='entypo-fontello' title='' data-avia-related-tooltip='Compartir en Whatsapp' rel=\"noopener\"><span class='avia_hidden_link_text'>Compartir en Whatsapp<\/span><\/a><\/li><li class='av-share-link av-social-link-linkedin' ><a target=\"_blank\" aria-label=\"Compartir en LinkedIn\" href='https:\/\/linkedin.com\/shareArticle?mini=true&#038;title=Capacitan%20a%20m%C3%A1s%20de%2030%20personas%20en%20Villa%20Ma%C3%B1ihuales%20sobre%20compostaje%20y%20vermicompost&#038;url=https:\/\/radiorevelacionfm.cl\/?p=36374' aria-hidden='false' data-av_icon='\ue8fc' data-av_iconfont='entypo-fontello' title='' data-avia-related-tooltip='Compartir en LinkedIn' rel=\"noopener\"><span class='avia_hidden_link_text'>Compartir en LinkedIn<\/span><\/a><\/li><li class='av-share-link av-social-link-mail' ><a  aria-label=\"Compartir por correo\" href='mailto:?subject=Capacitan%20a%20m%C3%A1s%20de%2030%20personas%20en%20Villa%20Ma%C3%B1ihuales%20sobre%20compostaje%20y%20vermicompost&#038;body=https:\/\/radiorevelacionfm.cl\/?p=36374' aria-hidden='false' data-av_icon='\ue805' data-av_iconfont='entypo-fontello' title='' data-avia-related-tooltip='Compartir por correo'><span class='avia_hidden_link_text'>Compartir por correo<\/span><\/a><\/li><\/ul><\/div><\/div>\n<div  style='height:50px' class='hr hr-invisible   avia-builder-el-8  el_after_av_social_share  el_before_av_comments_list '><span class='hr-inner ' ><span class='hr-inner-style'><\/span><\/span><\/div>\n<div  class='av-buildercomment  av-blog-meta-html-info-disabled av-blog-meta-tag-disabled  '><\/div>\n","protected":false},"excerpt":{"rendered":"","protected":false},"author":1,"featured_media":36375,"comment_status":"open","ping_status":"open","sticky":false,"template":"","format":"standard","meta":{"footnotes":""},"categories":[38],"tags":[],"class_list":["post-36374","post","type-post","status-publish","format-standard","has-post-thumbnail","hentry","category-regional"],"jetpack_featured_media_url":"https:\/\/radiorevelacionfm.cl\/wp-content\/uploads\/2023\/10\/img-bh-manicap3-1_optimized-1.jpeg","_links":{"self":[{"href":"https:\/\/radiorevelacionfm.cl\/index.php?rest_route=\/wp\/v2\/posts\/36374","targetHints":{"allow":["GET"]}}],"collection":[{"href":"https:\/\/radiorevelacionfm.cl\/index.php?rest_route=\/wp\/v2\/posts"}],"about":[{"href":"https:\/\/radiorevelacionfm.cl\/index.php?rest_route=\/wp\/v2\/types\/post"}],"author":[{"embeddable":true,"href":"https:\/\/radiorevelacionfm.cl\/index.php?rest_route=\/wp\/v2\/users\/1"}],"replies":[{"embeddable":true,"href":"https:\/\/radiorevelacionfm.cl\/index.php?rest_route=%2Fwp%2Fv2%2Fcomments&post=36374"}],"version-history":[{"count":1,"href":"https:\/\/radiorevelacionfm.cl\/index.php?rest_route=\/wp\/v2\/posts\/36374\/revisions"}],"predecessor-version":[{"id":36376,"href":"https:\/\/radiorevelacionfm.cl\/index.php?rest_route=\/wp\/v2\/posts\/36374\/revisions\/36376"}],"wp:featuredmedia":[{"embeddable":true,"href":"https:\/\/radiorevelacionfm.cl\/index.php?rest_route=\/wp\/v2\/media\/36375"}],"wp:attachment":[{"href":"https:\/\/radiorevelacionfm.cl\/index.php?rest_route=%2Fwp%2Fv2%2Fmedia&parent=36374"}],"wp:term":[{"taxonomy":"category","embeddable":true,"href":"https:\/\/radiorevelacionfm.cl\/index.php?rest_route=%2Fwp%2Fv2%2Fcategories&post=36374"},{"taxonomy":"post_tag","embeddable":true,"href":"https:\/\/radiorevelacionfm.cl\/index.php?rest_route=%2Fwp%2Fv2%2Ftags&post=36374"}],"curies":[{"name":"wp","href":"https:\/\/api.w.org\/{rel}","templated":true}]}}