{"id":36371,"date":"2023-10-30T20:40:22","date_gmt":"2023-10-30T23:40:22","guid":{"rendered":"https:\/\/radiorevelacionfm.cl\/?p=36371"},"modified":"2023-10-30T20:40:22","modified_gmt":"2023-10-30T23:40:22","slug":"corfo-relanza-programa-para-financiar-misiones-tecnologicas-e-impulsar-la-internacionalizacion-de-empresas-locales","status":"publish","type":"post","link":"https:\/\/radiorevelacionfm.cl\/?p=36371","title":{"rendered":"Corfo relanza programa para financiar misiones tecnol\u00f3gicas e impulsar la internacionalizaci\u00f3n de empresas locales"},"content":{"rendered":"<div class=\"flex_column av_one_full  flex_column_div av-zero-column-padding first  avia-builder-el-0  el_before_av_one_full  avia-builder-el-first  \" style='border-radius:0px; '><div  class='avia-image-container  av-styling-    avia-builder-el-1  avia-builder-el-no-sibling  avia-align-center '  itemprop=\"image\" itemscope=\"itemscope\" itemtype=\"https:\/\/schema.org\/ImageObject\"  ><div class='avia-image-container-inner'><div class='avia-image-overlay-wrap'><img decoding=\"async\" class='wp-image-36372 avia-img-lazy-loading-not-36372 avia_image' src=\"https:\/\/radiorevelacionfm.cl\/wp-content\/uploads\/2023\/10\/jocelyn-olivari-prospeccion-tecnologica-corfo-1_optimized.jpg\" alt='' title='jocelyn-olivari---prospeccion-tecnol\u00f3gica-corfo-(1)_optimized' height=\"600\" width=\"1067\"  itemprop=\"thumbnailUrl\" srcset=\"https:\/\/radiorevelacionfm.cl\/wp-content\/uploads\/2023\/10\/jocelyn-olivari-prospeccion-tecnologica-corfo-1_optimized.jpg 1067w, https:\/\/radiorevelacionfm.cl\/wp-content\/uploads\/2023\/10\/jocelyn-olivari-prospeccion-tecnologica-corfo-1_optimized-300x169.jpg 300w, https:\/\/radiorevelacionfm.cl\/wp-content\/uploads\/2023\/10\/jocelyn-olivari-prospeccion-tecnologica-corfo-1_optimized-1030x579.jpg 1030w, https:\/\/radiorevelacionfm.cl\/wp-content\/uploads\/2023\/10\/jocelyn-olivari-prospeccion-tecnologica-corfo-1_optimized-768x432.jpg 768w, https:\/\/radiorevelacionfm.cl\/wp-content\/uploads\/2023\/10\/jocelyn-olivari-prospeccion-tecnologica-corfo-1_optimized-705x396.jpg 705w, https:\/\/radiorevelacionfm.cl\/wp-content\/uploads\/2023\/10\/jocelyn-olivari-prospeccion-tecnologica-corfo-1_optimized-450x253.jpg 450w, https:\/\/radiorevelacionfm.cl\/wp-content\/uploads\/2023\/10\/jocelyn-olivari-prospeccion-tecnologica-corfo-1_optimized-600x337.jpg 600w\" sizes=\"(max-width: 1067px) 100vw, 1067px\" \/><\/div><\/div><\/div><\/div><div class=\"flex_column av_one_full  flex_column_div av-zero-column-padding first  avia-builder-el-2  el_after_av_one_full  el_before_av_one_full  column-top-margin\" style='border-radius:0px; '><section class=\"av_textblock_section \"  itemscope=\"itemscope\" itemtype=\"https:\/\/schema.org\/BlogPosting\" itemprop=\"blogPost\" ><div class='avia_textblock  '   itemprop=\"text\" ><p style=\"text-align: center;\"><strong><span style=\"font-size: 18pt;\">Corfo relanza programa para financiar misiones tecnol\u00f3gicas e impulsar la internacionalizaci\u00f3n de empresas locales<\/span><\/strong><\/p>\n<div id=\"gtx-trans\" style=\"position: absolute; left: -50px; top: 4.31534px;\">\n<div class=\"gtx-trans-icon\"><\/div>\n<\/div>\n<\/div><\/section><\/div><div class=\"flex_column av_one_full  flex_column_div av-zero-column-padding first  avia-builder-el-4  el_after_av_one_full  el_before_av_hr  column-top-margin\" style='border-radius:0px; '><section class=\"av_textblock_section \"  itemscope=\"itemscope\" itemtype=\"https:\/\/schema.org\/BlogPosting\" itemprop=\"blogPost\" ><div class='avia_textblock  '   itemprop=\"text\" ><p style=\"text-align: justify;\"><i><span lang=\"ES-MX\">Se trata de la convocatoria de Prospecci\u00f3n Tecnol\u00f3gica, instrumento que incentiva a que un sector o un conjunto de empresas nacionales, identifiquen tecnolog\u00edas y conocimientos disponibles fuera del pa\u00eds que puedan ayudarlas a resolver desaf\u00edos productivos en com\u00fan.<\/span><\/i><\/p>\n<p style=\"text-align: justify;\"><span lang=\"ES-MX\">Con el prop\u00f3sito de incentivar a las empresas nacionales en la b\u00fasqueda de soluciones innovadoras que mejoren su productividad y competitividad, Corfo abri\u00f3 la convocatoria al <\/span><a href=\"https:\/\/www.corfo.cl\/sites\/cpp\/convocatorias\/programa_de_prospeccion_tecnologica\" target=\"_blank\" rel=\"noopener\" data-saferedirecturl=\"https:\/\/www.google.com\/url?q=https:\/\/www.corfo.cl\/sites\/cpp\/convocatorias\/programa_de_prospeccion_tecnologica&amp;source=gmail&amp;ust=1698762252004000&amp;usg=AOvVaw3gg_C_0bgk01N_j_oGmlJA\"><b><span lang=\"ES-MX\">Programa Prospecci\u00f3n Tecnol\u00f3gica<\/span><\/b><\/a><span lang=\"ES-MX\">, instrumento con el que podr\u00e1n financiar actividades para identificar tecnolog\u00eda, conocimientos y mejores pr\u00e1cticas que hoy no est\u00e1n disponibles en Chile y que pueden ser un aporte para la creaci\u00f3n de valor y fortalecimiento de sus capacidades de innovaci\u00f3n.<\/span><\/p>\n<p style=\"text-align: justify;\"><span lang=\"ES-MX\">\u201cCon este programa queremos propiciar que grupos de empresas nacionales a lo largo del pa\u00eds conozcan\u00a0<i>in situ<\/i>\u00a0tecnolog\u00edas y nuevos conocimientos de vanguardia a nivel internacional, que sean relevantes para los desaf\u00edos que enfrenta su sector productivo, avanzando as\u00ed, en su adopci\u00f3n y adaptaci\u00f3n al contexto local, y con ello motivarse a desarrollar proyectos de innovaci\u00f3n que agreguen valor y las hagan m\u00e1s competitivas\u201d, destac\u00f3 la Gerenta de Innovaci\u00f3n de Corfo, Jocelyn Olivari.<\/span><\/p>\n<p style=\"text-align: justify;\"><span lang=\"ES-MX\">Por su parte, Humberto Mar\u00edn Leiva, director de Corfo Ays\u00e9n, se\u00f1al\u00f3 que \u00abnuestro objetivo es impulsar la innovaci\u00f3n y la competitividad de las empresas tanto a nivel nacional como regional. Con la realizaci\u00f3n de misiones tecnol\u00f3gicas en el extranjero, brindamos a las empresas la oportunidad de explorar tecnolog\u00edas de vanguardia y adquirir conocimientos espec\u00edficos para sus sectores, fomentando su adaptaci\u00f3n al entorno local y motiv\u00e1ndolas a embarcarse en proyectos innovadores\u00bb.<\/span><\/p>\n<p style=\"text-align: justify;\"><b><span lang=\"ES-MX\">PROGRAMA<\/span><\/b><\/p>\n<p style=\"text-align: justify;\"><span lang=\"ES-MX\">El\u00a0<\/span><a href=\"https:\/\/www.corfo.cl\/sites\/cpp\/convocatorias\/programa_de_prospeccion_tecnologica\" target=\"_blank\" rel=\"noopener\" data-saferedirecturl=\"https:\/\/www.google.com\/url?q=https:\/\/www.corfo.cl\/sites\/cpp\/convocatorias\/programa_de_prospeccion_tecnologica&amp;source=gmail&amp;ust=1698762252004000&amp;usg=AOvVaw3gg_C_0bgk01N_j_oGmlJA\"><b><span lang=\"ES-MX\">Programa Prospecci\u00f3n Tecnol\u00f3gica<\/span><\/b><\/a><b><span lang=\"ES-MX\">\u00a0<\/span><\/b><span lang=\"ES-MX\">entregar\u00e1 recursos para realizar misiones tecnol\u00f3gicas al extranjero, que incluyen actividades de coordinaci\u00f3n y de sistematizaci\u00f3n (previa y posterior al viaje), adem\u00e1s de actividades de difusi\u00f3n de los resultados. Un detalle importante es que en el caso de que las misiones consideren la visita a ferias tecnol\u00f3gicas, \u00e9stas deber\u00e1n estar insertas en el contexto de un programa de actividades y\/o trabajo m\u00e1s amplio.\u00a0<\/span><\/p>\n<p style=\"text-align: justify;\"><span lang=\"ES-MX\">Este instrumento<b>\u00a0<\/b>de Corfo<b>\u00a0<\/b>ofrece\u00a0<b>hasta $25 millones<\/b>\u00a0para cofinanciar hasta el 60% del costo total de cada proyecto. Y en el caso que la entidad gestora que postula sea liderada por mujeres, esta podr\u00e1 acceder a un 10% de cofinanciamiento adicional, siempre que incluya en su proyecto un 30% o m\u00e1s de \u201cempresas lideradas por mujeres\u201d como beneficiarias atendidas.<\/span><\/p>\n<p style=\"text-align: justify;\"><span lang=\"ES-MX\">Corfo, adem\u00e1s, otorgar\u00e1 un 5% extra en el puntaje -al momento de la evaluaci\u00f3n- a los proyectos postulados cuyos beneficiarios atendidos est\u00e9n certificados con el Sello 40 Horas otorgado por el Ministerio del Trabajo.<\/span><\/p>\n<p style=\"text-align: justify;\"><span lang=\"ES-MX\">A la convocatoria el\u00a0\u00a0<\/span><a href=\"https:\/\/www.corfo.cl\/sites\/cpp\/convocatorias\/programa_de_prospeccion_tecnologica\" target=\"_blank\" rel=\"noopener\" data-saferedirecturl=\"https:\/\/www.google.com\/url?q=https:\/\/www.corfo.cl\/sites\/cpp\/convocatorias\/programa_de_prospeccion_tecnologica&amp;source=gmail&amp;ust=1698762252004000&amp;usg=AOvVaw3gg_C_0bgk01N_j_oGmlJA\"><b><span lang=\"ES-MX\">Programa Prospecci\u00f3n Tecnol\u00f3gica<\/span><\/b><\/a><b><span lang=\"ES-MX\">\u00a0<\/span><\/b><span lang=\"ES-MX\">pueden postular entidades gestoras las que, a su vez, ser\u00e1n las encargadas de identificar y sumar a las empresas que ser\u00e1n las beneficiarias con el proyecto presentado.<\/span><\/p>\n<p style=\"text-align: justify;\"><span lang=\"ES-MX\">Para postular y\/o conocer los requisitos de este instrumento, visitar\u00a0<a href=\"http:\/\/www.corfo.cl\/\" target=\"_blank\" rel=\"noopener\" data-saferedirecturl=\"https:\/\/www.google.com\/url?q=http:\/\/www.corfo.cl&amp;source=gmail&amp;ust=1698762252005000&amp;usg=AOvVaw1PSZROI-oAFxBXyzKBq7eD\">www.corfo.cl<\/a>\u00a0(<b>postulaciones permanentes).<\/b><\/span><\/p>\n<p style=\"text-align: justify;\"><span lang=\"ES-MX\">\u00a0<\/span><\/p>\n<\/div><\/section><\/div><div  style='height:50px' class='hr hr-invisible   avia-builder-el-6  el_after_av_one_full  el_before_av_social_share '><span class='hr-inner ' ><span class='hr-inner-style'><\/span><\/span><\/div><\/p>\n<div  class='av-social-sharing-box  avia-builder-el-7  el_after_av_hr  el_before_av_hr  '><div class='av-share-box'><h5 class='av-share-link-description av-no-toc '>Compartir esta noticia<\/h5><ul class='av-share-box-list noLightbox'><li class='av-share-link av-social-link-facebook' ><a target=\"_blank\" aria-label=\"Compartir en Facebook\" href='https:\/\/www.facebook.com\/sharer.php?u=https:\/\/radiorevelacionfm.cl\/?p=36371&#038;t=Corfo%20relanza%20programa%20para%20financiar%20misiones%20tecnol%C3%B3gicas%20e%20impulsar%20la%20internacionalizaci%C3%B3n%20de%20empresas%20locales' aria-hidden='false' data-av_icon='\ue8f3' data-av_iconfont='entypo-fontello' title='' data-avia-related-tooltip='Compartir en Facebook' rel=\"noopener\"><span class='avia_hidden_link_text'>Compartir en Facebook<\/span><\/a><\/li><li class='av-share-link av-social-link-twitter' ><a target=\"_blank\" aria-label=\"Compartir en Twitter\" href='https:\/\/twitter.com\/share?text=Corfo%20relanza%20programa%20para%20financiar%20misiones%20tecnol%C3%B3gicas%20e%20impulsar%20la%20internacionalizaci%C3%B3n%20de%20empresas%20locales&#038;url=https:\/\/radiorevelacionfm.cl\/?p=36371' aria-hidden='false' data-av_icon='\ue8f1' data-av_iconfont='entypo-fontello' title='' data-avia-related-tooltip='Compartir en Twitter' rel=\"noopener\"><span class='avia_hidden_link_text'>Compartir en Twitter<\/span><\/a><\/li><li class='av-share-link av-social-link-whatsapp' ><a target=\"_blank\" aria-label=\"Compartir en Whatsapp\" href='https:\/\/api.whatsapp.com\/send?text=https:\/\/radiorevelacionfm.cl\/?p=36371' aria-hidden='false' data-av_icon='\uf232' data-av_iconfont='entypo-fontello' title='' data-avia-related-tooltip='Compartir en Whatsapp' rel=\"noopener\"><span class='avia_hidden_link_text'>Compartir en Whatsapp<\/span><\/a><\/li><li class='av-share-link av-social-link-linkedin' ><a target=\"_blank\" aria-label=\"Compartir en LinkedIn\" href='https:\/\/linkedin.com\/shareArticle?mini=true&#038;title=Corfo%20relanza%20programa%20para%20financiar%20misiones%20tecnol%C3%B3gicas%20e%20impulsar%20la%20internacionalizaci%C3%B3n%20de%20empresas%20locales&#038;url=https:\/\/radiorevelacionfm.cl\/?p=36371' aria-hidden='false' data-av_icon='\ue8fc' data-av_iconfont='entypo-fontello' title='' data-avia-related-tooltip='Compartir en LinkedIn' rel=\"noopener\"><span class='avia_hidden_link_text'>Compartir en LinkedIn<\/span><\/a><\/li><li class='av-share-link av-social-link-mail' ><a  aria-label=\"Compartir por correo\" href='mailto:?subject=Corfo%20relanza%20programa%20para%20financiar%20misiones%20tecnol%C3%B3gicas%20e%20impulsar%20la%20internacionalizaci%C3%B3n%20de%20empresas%20locales&#038;body=https:\/\/radiorevelacionfm.cl\/?p=36371' aria-hidden='false' data-av_icon='\ue805' data-av_iconfont='entypo-fontello' title='' data-avia-related-tooltip='Compartir por correo'><span class='avia_hidden_link_text'>Compartir por correo<\/span><\/a><\/li><\/ul><\/div><\/div>\n<div  style='height:50px' class='hr hr-invisible   avia-builder-el-8  el_after_av_social_share  el_before_av_comments_list '><span class='hr-inner ' ><span class='hr-inner-style'><\/span><\/span><\/div>\n<div  class='av-buildercomment  av-blog-meta-html-info-disabled av-blog-meta-tag-disabled  '><\/div>\n","protected":false},"excerpt":{"rendered":"","protected":false},"author":1,"featured_media":36372,"comment_status":"open","ping_status":"open","sticky":false,"template":"","format":"standard","meta":{"footnotes":""},"categories":[61],"tags":[],"class_list":["post-36371","post","type-post","status-publish","format-standard","has-post-thumbnail","hentry","category-nacional"],"jetpack_featured_media_url":"https:\/\/radiorevelacionfm.cl\/wp-content\/uploads\/2023\/10\/jocelyn-olivari-prospeccion-tecnologica-corfo-1_optimized.jpg","_links":{"self":[{"href":"https:\/\/radiorevelacionfm.cl\/index.php?rest_route=\/wp\/v2\/posts\/36371","targetHints":{"allow":["GET"]}}],"collection":[{"href":"https:\/\/radiorevelacionfm.cl\/index.php?rest_route=\/wp\/v2\/posts"}],"about":[{"href":"https:\/\/radiorevelacionfm.cl\/index.php?rest_route=\/wp\/v2\/types\/post"}],"author":[{"embeddable":true,"href":"https:\/\/radiorevelacionfm.cl\/index.php?rest_route=\/wp\/v2\/users\/1"}],"replies":[{"embeddable":true,"href":"https:\/\/radiorevelacionfm.cl\/index.php?rest_route=%2Fwp%2Fv2%2Fcomments&post=36371"}],"version-history":[{"count":1,"href":"https:\/\/radiorevelacionfm.cl\/index.php?rest_route=\/wp\/v2\/posts\/36371\/revisions"}],"predecessor-version":[{"id":36373,"href":"https:\/\/radiorevelacionfm.cl\/index.php?rest_route=\/wp\/v2\/posts\/36371\/revisions\/36373"}],"wp:featuredmedia":[{"embeddable":true,"href":"https:\/\/radiorevelacionfm.cl\/index.php?rest_route=\/wp\/v2\/media\/36372"}],"wp:attachment":[{"href":"https:\/\/radiorevelacionfm.cl\/index.php?rest_route=%2Fwp%2Fv2%2Fmedia&parent=36371"}],"wp:term":[{"taxonomy":"category","embeddable":true,"href":"https:\/\/radiorevelacionfm.cl\/index.php?rest_route=%2Fwp%2Fv2%2Fcategories&post=36371"},{"taxonomy":"post_tag","embeddable":true,"href":"https:\/\/radiorevelacionfm.cl\/index.php?rest_route=%2Fwp%2Fv2%2Ftags&post=36371"}],"curies":[{"name":"wp","href":"https:\/\/api.w.org\/{rel}","templated":true}]}}