{"id":36368,"date":"2023-10-30T16:31:35","date_gmt":"2023-10-30T19:31:35","guid":{"rendered":"https:\/\/radiorevelacionfm.cl\/?p=36368"},"modified":"2023-10-30T16:31:35","modified_gmt":"2023-10-30T19:31:35","slug":"lanzan-nuevo-portal-todos-los-fondos-concursables-del-estado-estan-en-un-solo-lugar","status":"publish","type":"post","link":"https:\/\/radiorevelacionfm.cl\/?p=36368","title":{"rendered":"Lanzan nuevo portal: Todos los fondos concursables del Estado est\u00e1n en un solo lugar"},"content":{"rendered":"<div class=\"flex_column av_one_full  flex_column_div av-zero-column-padding first  avia-builder-el-0  el_before_av_one_full  avia-builder-el-first  \" style='border-radius:0px; '><div  class='avia-image-container  av-styling-    avia-builder-el-1  avia-builder-el-no-sibling  avia-align-center '  itemprop=\"image\" itemscope=\"itemscope\" itemtype=\"https:\/\/schema.org\/ImageObject\"  ><div class='avia-image-container-inner'><div class='avia-image-overlay-wrap'><img decoding=\"async\" class='wp-image-36369 avia-img-lazy-loading-not-36369 avia_image' src=\"https:\/\/radiorevelacionfm.cl\/wp-content\/uploads\/2023\/10\/FOTO-LANZAMIENTO-NUEVO-PORTTAL-DE-FONDOS-1-1.jpg\" alt='' title='FOTO LANZAMIENTO NUEVO PORTTAL DE FONDOS (1) (1)' height=\"600\" width=\"900\"  itemprop=\"thumbnailUrl\" srcset=\"https:\/\/radiorevelacionfm.cl\/wp-content\/uploads\/2023\/10\/FOTO-LANZAMIENTO-NUEVO-PORTTAL-DE-FONDOS-1-1.jpg 900w, https:\/\/radiorevelacionfm.cl\/wp-content\/uploads\/2023\/10\/FOTO-LANZAMIENTO-NUEVO-PORTTAL-DE-FONDOS-1-1-300x200.jpg 300w, https:\/\/radiorevelacionfm.cl\/wp-content\/uploads\/2023\/10\/FOTO-LANZAMIENTO-NUEVO-PORTTAL-DE-FONDOS-1-1-768x512.jpg 768w, https:\/\/radiorevelacionfm.cl\/wp-content\/uploads\/2023\/10\/FOTO-LANZAMIENTO-NUEVO-PORTTAL-DE-FONDOS-1-1-705x470.jpg 705w, https:\/\/radiorevelacionfm.cl\/wp-content\/uploads\/2023\/10\/FOTO-LANZAMIENTO-NUEVO-PORTTAL-DE-FONDOS-1-1-450x300.jpg 450w, https:\/\/radiorevelacionfm.cl\/wp-content\/uploads\/2023\/10\/FOTO-LANZAMIENTO-NUEVO-PORTTAL-DE-FONDOS-1-1-600x400.jpg 600w\" sizes=\"(max-width: 900px) 100vw, 900px\" \/><\/div><\/div><\/div><\/div><div class=\"flex_column av_one_full  flex_column_div av-zero-column-padding first  avia-builder-el-2  el_after_av_one_full  el_before_av_one_full  column-top-margin\" style='border-radius:0px; '><section class=\"av_textblock_section \"  itemscope=\"itemscope\" itemtype=\"https:\/\/schema.org\/BlogPosting\" itemprop=\"blogPost\" ><div class='avia_textblock  '   itemprop=\"text\" ><p style=\"text-align: center;\"><strong><span style=\"font-size: 18pt;\">Lanzan nuevo portal: Todos los fondos concursables del Estado est\u00e1n en un solo lugar<\/span><\/strong><\/p>\n<div id=\"gtx-trans\" style=\"position: absolute; left: -50px; top: 4.31534px;\">\n<div class=\"gtx-trans-icon\"><\/div>\n<\/div>\n<\/div><\/section><\/div><div class=\"flex_column av_one_full  flex_column_div av-zero-column-padding first  avia-builder-el-4  el_after_av_one_full  el_before_av_hr  column-top-margin\" style='border-radius:0px; '><section class=\"av_textblock_section \"  itemscope=\"itemscope\" itemtype=\"https:\/\/schema.org\/BlogPosting\" itemprop=\"blogPost\" ><div class='avia_textblock  '   itemprop=\"text\" ><p style=\"text-align: justify;\">Con la presencia de la ministra Secretaria General de Gobierno, Camila Vallejo, y la subsecretaria Nicole Cardoch, el Ministerio Secretar\u00eda General de Gobierno lanz\u00f3 la nueva plataforma de fondos concursables del Estado. La p\u00e1gina <a href=\"http:\/\/www.fondos.gob.cl\">www.fondos.gob.cl<\/a> re\u00fane en un solo lugar la informaci\u00f3n y postulaciones a m\u00e1s de 70 opciones de financiamiento de proyectos otorgadas por diversos organismos p\u00fablicos como: ministerios, subsecretar\u00edas, servicios, gobiernos regionales y municipalidades.<\/p>\n<p style=\"text-align: justify;\">\u201cEsta es una gran iniciativa ya que, como estamos avanzando a una sociedad cada vez m\u00e1s digitalizada, el hecho de que todos los fondos se encuentren en un solo lugar, facilita mucho las cosas, haci\u00e9ndolas m\u00e1s simples y expeditas. En este portal, las y los usuarios, podr\u00e1n encontrar fondos del Estado, de gobiernos locales y municipios. Con esta nueva iniciativa estamos avanzando hacia un Estado m\u00e1s moderno y m\u00e1s amigable\u201d se\u00f1al\u00f3 Tatiana Pl\u00e1 \u00c1lvarez, seremi de Gobierno de la regi\u00f3n de Ays\u00e9n.<\/p>\n<p style=\"text-align: justify;\">La plataforma permite a la ciudadan\u00eda acceder a fondos concursables, es decir, aquellos a los cuales las personas u organizaciones deben postular presentando un proyecto, el cual es analizado por comisiones evaluadoras t\u00e9cnicas e independientes, a partir de par\u00e1metros de p\u00fablico conocimiento establecidos en las bases de cada concurso.<\/p>\n<p style=\"text-align: justify;\">Los fondos concursables disponibles en el portal se agrupan en \u00e1mbitos como deporte y vida sana; medioambiente; arte y cultura; ciudad y vivienda; ciencia y tecnolog\u00eda; participaci\u00f3n ciudadana; comunicaci\u00f3n y emprendimiento e innovaci\u00f3n, entre otras.<\/p>\n<p style=\"text-align: justify;\">Esta plataforma tiene como\u00a0 objetivo acercar los recursos disponibles que tienen distintos ministerios y servicios para proyectos e ideas que permitan seguir fortaleciendo el tejido social y profundizando la democracia a nivel nacional y regional. La idea es que m\u00e1s municipios y m\u00e1s gobiernos regionales se sumen a este portal \u00fanico de fondos.<\/p>\n<p style=\"text-align: justify;\">Una de las principales novedades de la plataforma es que cuenta con interoperabilidad de tr\u00e1mites con el Servicio de Registro Civil e Identificaci\u00f3n. Esto significa que, durante el proceso de postulaci\u00f3n a un fondo, la plataforma puede incorporar autom\u00e1ticamente aquellos documentos que las bases del concurso requieren y que sean emitidos por el Registro Civil.<\/p>\n<p style=\"text-align: justify;\">Este portal de fondos tambi\u00e9n fue dise\u00f1ado con accesibilidad universal, lo cual facilita el acceso a las opciones de financiamiento de proyectos a personas con discapacidad y a las organizaciones que los re\u00fanen.<\/p>\n<\/div><\/section><\/div><div  style='height:50px' class='hr hr-invisible   avia-builder-el-6  el_after_av_one_full  el_before_av_social_share '><span class='hr-inner ' ><span class='hr-inner-style'><\/span><\/span><\/div><\/p>\n<div  class='av-social-sharing-box  avia-builder-el-7  el_after_av_hr  el_before_av_hr  '><div class='av-share-box'><h5 class='av-share-link-description av-no-toc '>Compartir esta noticia<\/h5><ul class='av-share-box-list noLightbox'><li class='av-share-link av-social-link-facebook' ><a target=\"_blank\" aria-label=\"Compartir en Facebook\" href='https:\/\/www.facebook.com\/sharer.php?u=https:\/\/radiorevelacionfm.cl\/?p=36368&#038;t=Lanzan%20nuevo%20portal%3A%20Todos%20los%20fondos%20concursables%20del%20Estado%20est%C3%A1n%20en%20un%20solo%20lugar' aria-hidden='false' data-av_icon='\ue8f3' data-av_iconfont='entypo-fontello' title='' data-avia-related-tooltip='Compartir en Facebook' rel=\"noopener\"><span class='avia_hidden_link_text'>Compartir en Facebook<\/span><\/a><\/li><li class='av-share-link av-social-link-twitter' ><a target=\"_blank\" aria-label=\"Compartir en Twitter\" href='https:\/\/twitter.com\/share?text=Lanzan%20nuevo%20portal%3A%20Todos%20los%20fondos%20concursables%20del%20Estado%20est%C3%A1n%20en%20un%20solo%20lugar&#038;url=https:\/\/radiorevelacionfm.cl\/?p=36368' aria-hidden='false' data-av_icon='\ue8f1' data-av_iconfont='entypo-fontello' title='' data-avia-related-tooltip='Compartir en Twitter' rel=\"noopener\"><span class='avia_hidden_link_text'>Compartir en Twitter<\/span><\/a><\/li><li class='av-share-link av-social-link-whatsapp' ><a target=\"_blank\" aria-label=\"Compartir en Whatsapp\" href='https:\/\/api.whatsapp.com\/send?text=https:\/\/radiorevelacionfm.cl\/?p=36368' aria-hidden='false' data-av_icon='\uf232' data-av_iconfont='entypo-fontello' title='' data-avia-related-tooltip='Compartir en Whatsapp' rel=\"noopener\"><span class='avia_hidden_link_text'>Compartir en Whatsapp<\/span><\/a><\/li><li class='av-share-link av-social-link-linkedin' ><a target=\"_blank\" aria-label=\"Compartir en LinkedIn\" href='https:\/\/linkedin.com\/shareArticle?mini=true&#038;title=Lanzan%20nuevo%20portal%3A%20Todos%20los%20fondos%20concursables%20del%20Estado%20est%C3%A1n%20en%20un%20solo%20lugar&#038;url=https:\/\/radiorevelacionfm.cl\/?p=36368' aria-hidden='false' data-av_icon='\ue8fc' data-av_iconfont='entypo-fontello' title='' data-avia-related-tooltip='Compartir en LinkedIn' rel=\"noopener\"><span class='avia_hidden_link_text'>Compartir en LinkedIn<\/span><\/a><\/li><li class='av-share-link av-social-link-mail' ><a  aria-label=\"Compartir por correo\" href='mailto:?subject=Lanzan%20nuevo%20portal%3A%20Todos%20los%20fondos%20concursables%20del%20Estado%20est%C3%A1n%20en%20un%20solo%20lugar&#038;body=https:\/\/radiorevelacionfm.cl\/?p=36368' aria-hidden='false' data-av_icon='\ue805' data-av_iconfont='entypo-fontello' title='' data-avia-related-tooltip='Compartir por correo'><span class='avia_hidden_link_text'>Compartir por correo<\/span><\/a><\/li><\/ul><\/div><\/div>\n<div  style='height:50px' class='hr hr-invisible   avia-builder-el-8  el_after_av_social_share  el_before_av_comments_list '><span class='hr-inner ' ><span class='hr-inner-style'><\/span><\/span><\/div>\n<div  class='av-buildercomment  av-blog-meta-html-info-disabled av-blog-meta-tag-disabled  '><\/div>\n","protected":false},"excerpt":{"rendered":"","protected":false},"author":1,"featured_media":36369,"comment_status":"open","ping_status":"open","sticky":false,"template":"","format":"standard","meta":{"footnotes":""},"categories":[61],"tags":[],"class_list":["post-36368","post","type-post","status-publish","format-standard","has-post-thumbnail","hentry","category-nacional"],"jetpack_featured_media_url":"https:\/\/radiorevelacionfm.cl\/wp-content\/uploads\/2023\/10\/FOTO-LANZAMIENTO-NUEVO-PORTTAL-DE-FONDOS-1-1.jpg","_links":{"self":[{"href":"https:\/\/radiorevelacionfm.cl\/index.php?rest_route=\/wp\/v2\/posts\/36368","targetHints":{"allow":["GET"]}}],"collection":[{"href":"https:\/\/radiorevelacionfm.cl\/index.php?rest_route=\/wp\/v2\/posts"}],"about":[{"href":"https:\/\/radiorevelacionfm.cl\/index.php?rest_route=\/wp\/v2\/types\/post"}],"author":[{"embeddable":true,"href":"https:\/\/radiorevelacionfm.cl\/index.php?rest_route=\/wp\/v2\/users\/1"}],"replies":[{"embeddable":true,"href":"https:\/\/radiorevelacionfm.cl\/index.php?rest_route=%2Fwp%2Fv2%2Fcomments&post=36368"}],"version-history":[{"count":1,"href":"https:\/\/radiorevelacionfm.cl\/index.php?rest_route=\/wp\/v2\/posts\/36368\/revisions"}],"predecessor-version":[{"id":36370,"href":"https:\/\/radiorevelacionfm.cl\/index.php?rest_route=\/wp\/v2\/posts\/36368\/revisions\/36370"}],"wp:featuredmedia":[{"embeddable":true,"href":"https:\/\/radiorevelacionfm.cl\/index.php?rest_route=\/wp\/v2\/media\/36369"}],"wp:attachment":[{"href":"https:\/\/radiorevelacionfm.cl\/index.php?rest_route=%2Fwp%2Fv2%2Fmedia&parent=36368"}],"wp:term":[{"taxonomy":"category","embeddable":true,"href":"https:\/\/radiorevelacionfm.cl\/index.php?rest_route=%2Fwp%2Fv2%2Fcategories&post=36368"},{"taxonomy":"post_tag","embeddable":true,"href":"https:\/\/radiorevelacionfm.cl\/index.php?rest_route=%2Fwp%2Fv2%2Ftags&post=36368"}],"curies":[{"name":"wp","href":"https:\/\/api.w.org\/{rel}","templated":true}]}}