{"id":3635,"date":"2021-04-28T21:43:16","date_gmt":"2021-04-29T00:43:16","guid":{"rendered":"https:\/\/radiorevelacionfm.cl\/?p=3635"},"modified":"2021-04-28T22:03:23","modified_gmt":"2021-04-29T01:03:23","slug":"en-el-dia-mundial-de-seguridad-y-salud-en-el-trabajo-reiteran-importancia-de-resguardar-la-salud-de-trabajadores","status":"publish","type":"post","link":"https:\/\/radiorevelacionfm.cl\/?p=3635","title":{"rendered":"En el D\u00eda Mundial de Seguridad y Salud en el trabajo reiteran importancia de resguardar la salud de trabajadores"},"content":{"rendered":"<div class=\"flex_column av_one_full  flex_column_div av-zero-column-padding first  avia-builder-el-0  el_before_av_one_full  avia-builder-el-first  \" style='border-radius:0px; '><div  class='avia-image-container  av-styling-    avia-builder-el-1  avia-builder-el-no-sibling  avia-align-center '  itemprop=\"image\" itemscope=\"itemscope\" itemtype=\"https:\/\/schema.org\/ImageObject\"  ><div class='avia-image-container-inner'><div class='avia-image-overlay-wrap'><img decoding=\"async\" class='wp-image-0 avia-img-lazy-loading-not-0 avia_image' src=\"https:\/\/radiorevelacionfm.cl\/wp-content\/uploads\/2021\/04\/trabajadores-1_optimized.jpg\" alt='' title=''   itemprop=\"thumbnailUrl\"  \/><\/div><\/div><\/div><\/div>\n<div class=\"flex_column av_one_full  flex_column_div av-zero-column-padding first  avia-builder-el-2  el_after_av_one_full  el_before_av_one_full  column-top-margin\" style='border-radius:0px; '><section class=\"av_textblock_section \"  itemscope=\"itemscope\" itemtype=\"https:\/\/schema.org\/BlogPosting\" itemprop=\"blogPost\" ><div class='avia_textblock  '   itemprop=\"text\" ><p style=\"text-align: center;\"><strong><span style=\"font-size: 18pt;\">En el D\u00eda Mundial de Seguridad y Salud en el trabajo reiteran importancia de resguardar la salud de trabajadores<\/span><\/strong><\/p>\n<div id=\"gtx-trans\" style=\"position: absolute; left: -50px; top: 4.31534px;\">\n<div class=\"gtx-trans-icon\"><\/div>\n<\/div>\n<\/div><\/section><\/div>\n<div class=\"flex_column av_one_full  flex_column_div av-zero-column-padding first  avia-builder-el-4  el_after_av_one_full  el_before_av_hr  column-top-margin\" style='border-radius:0px; '><section class=\"av_textblock_section \"  itemscope=\"itemscope\" itemtype=\"https:\/\/schema.org\/BlogPosting\" itemprop=\"blogPost\" ><div class='avia_textblock  '   itemprop=\"text\" ><p style=\"text-align: justify;\">Este 28 de abril se celebra en todo el mundo el\u00a0<strong>D\u00eda Mundial de la Seguridad y la Salud en el Trabajo<\/strong>, proclamado por la Organizaci\u00f3n Internacional del Trabajo (OIT) en los a\u00f1os 60\u2019. Iniciativa que busca promover el trabajo seguro, saludable y digno; adem\u00e1s de reiterar la importancia de adoptar medidas preventivas para evitar accidentes laborales y el aumento de enfermedades profesionales.<\/p>\n<p style=\"text-align: justify;\">De esta forma, en lo que va corrido del a\u00f1o 2021, la regi\u00f3n de Ays\u00e9n presenta 03 personas fallecidas en accidentes del trabajo, principalmente relacionados al rubro acu\u00edcola y otro n\u00famero no menor ha sufrido lesiones graves e incapacitantes derivadas del desempe\u00f1o de sus funciones, para quienes se debe rendir reconocimiento en este d\u00eda. Tal como lo manifest\u00f3 el Encargado (s) de la Unidad Salud Ocupacional de la Seremi de Salud Ays\u00e9n, Carlos Arteaga. \u201cEste a\u00f1o la organizaci\u00f3n mundial del trabajo ha priorizado como mensaje a todo el mundo del trabajo que se mantengan sistemas de gesti\u00f3n de salud y seguridad.\u00a0 Dado que desde el a\u00f1o pasado estamos cursando la pandemia por COVID-19, se ha visto que distintos procesos laborales se han visto afectados desde la movilidad, hasta los periodos de descanso de algunos trabajadores. Adem\u00e1s recordamos en este d\u00eda a las personas que ha sido v\u00edctimas de accidentes del trabajo, a quienes fallecen por el trabajo que ejecutan o bien sufren accidentes con lesiones graves o incapacitantes. Este a\u00f1o en la regi\u00f3n de Ays\u00e9n tenemos 03 trabajadores que lamentablemente han fallecido por el trabajo que realizaban, principalmente por el trabajo que realizaban vinculado al mundo acu\u00edcola, es por eso que hacemos un llamado a las empresas a adquirir sistemas de gesti\u00f3n que permitan mantener organizados sus proceso productivos, esto va a permitir que las tareas de riesgo que son peligrosas puedan mantenerse controladas y hacerse de una forma que sea segura y no improvisando, es por esto que hacemos un llamado \u2013 especialmente a las empresas del rubro acu\u00edcolas- dado a las tareas de alto riego que realizan a mantener, vigilar y cumplir con los protocolos de sus sistemas de gesti\u00f3n\u201d.<\/p>\n<p style=\"text-align: justify;\">Es por esto que instamos a las empresas a adquirir, a trav\u00e9s, por ejemplo, de sus organismos administradores, sistemas de gesti\u00f3n de salud y seguridad en el trabajo, que permitan ordenar la gesti\u00f3n de riesgos al interior de las organizaciones, siendo la identificaci\u00f3n de peligros y riesgos, efectuada de manera sistem\u00e1tica, profesional y acuciosa, la base para prevenir que nuestros trabajadores sufran accidentes graves y fatales en nuestra regi\u00f3n.<\/p>\n<p style=\"text-align: justify;\">Tambi\u00e9n instamos a las empresas a ser responsables en el cuidado de las personas bajo su cargo y poner por sobre cualquier otro calculo, la salud y seguridad de sus trabajadores.<\/p>\n<\/div><\/section><\/div><div  style='height:50px' class='hr hr-invisible   avia-builder-el-6  el_after_av_one_full  el_before_av_social_share '><span class='hr-inner ' ><span class='hr-inner-style'><\/span><\/span><\/div><\/p>\n<div  class='av-social-sharing-box  avia-builder-el-7  el_after_av_hr  el_before_av_hr  '><div class='av-share-box'><h5 class='av-share-link-description av-no-toc '>Compartir esta noticia<\/h5><ul class='av-share-box-list noLightbox'><li class='av-share-link av-social-link-facebook' ><a target=\"_blank\" aria-label=\"Compartir en Facebook\" href='https:\/\/www.facebook.com\/sharer.php?u=https:\/\/radiorevelacionfm.cl\/?p=3635&#038;t=En%20el%20D%C3%ADa%20Mundial%20de%20Seguridad%20y%20Salud%20en%20el%20trabajo%20reiteran%20importancia%20de%20resguardar%20la%20salud%20de%20trabajadores' aria-hidden='false' data-av_icon='\ue8f3' data-av_iconfont='entypo-fontello' title='' data-avia-related-tooltip='Compartir en Facebook' rel=\"noopener\"><span class='avia_hidden_link_text'>Compartir en Facebook<\/span><\/a><\/li><li class='av-share-link av-social-link-twitter' ><a target=\"_blank\" aria-label=\"Compartir en Twitter\" href='https:\/\/twitter.com\/share?text=En%20el%20D%C3%ADa%20Mundial%20de%20Seguridad%20y%20Salud%20en%20el%20trabajo%20reiteran%20importancia%20de%20resguardar%20la%20salud%20de%20trabajadores&#038;url=https:\/\/radiorevelacionfm.cl\/?p=3635' aria-hidden='false' data-av_icon='\ue8f1' data-av_iconfont='entypo-fontello' title='' data-avia-related-tooltip='Compartir en Twitter' rel=\"noopener\"><span class='avia_hidden_link_text'>Compartir en Twitter<\/span><\/a><\/li><li class='av-share-link av-social-link-whatsapp' ><a target=\"_blank\" aria-label=\"Compartir en Whatsapp\" href='https:\/\/api.whatsapp.com\/send?text=https:\/\/radiorevelacionfm.cl\/?p=3635' aria-hidden='false' data-av_icon='\uf232' data-av_iconfont='entypo-fontello' title='' data-avia-related-tooltip='Compartir en Whatsapp' rel=\"noopener\"><span class='avia_hidden_link_text'>Compartir en Whatsapp<\/span><\/a><\/li><li class='av-share-link av-social-link-linkedin' ><a target=\"_blank\" aria-label=\"Compartir en LinkedIn\" href='https:\/\/linkedin.com\/shareArticle?mini=true&#038;title=En%20el%20D%C3%ADa%20Mundial%20de%20Seguridad%20y%20Salud%20en%20el%20trabajo%20reiteran%20importancia%20de%20resguardar%20la%20salud%20de%20trabajadores&#038;url=https:\/\/radiorevelacionfm.cl\/?p=3635' aria-hidden='false' data-av_icon='\ue8fc' data-av_iconfont='entypo-fontello' title='' data-avia-related-tooltip='Compartir en LinkedIn' rel=\"noopener\"><span class='avia_hidden_link_text'>Compartir en LinkedIn<\/span><\/a><\/li><li class='av-share-link av-social-link-mail' ><a  aria-label=\"Compartir por correo\" href='mailto:?subject=En%20el%20D%C3%ADa%20Mundial%20de%20Seguridad%20y%20Salud%20en%20el%20trabajo%20reiteran%20importancia%20de%20resguardar%20la%20salud%20de%20trabajadores&#038;body=https:\/\/radiorevelacionfm.cl\/?p=3635' aria-hidden='false' data-av_icon='\ue805' data-av_iconfont='entypo-fontello' title='' data-avia-related-tooltip='Compartir por correo'><span class='avia_hidden_link_text'>Compartir por correo<\/span><\/a><\/li><\/ul><\/div><\/div>\n<div  style='height:50px' class='hr hr-invisible   avia-builder-el-8  el_after_av_social_share  el_before_av_comments_list '><span class='hr-inner ' ><span class='hr-inner-style'><\/span><\/span><\/div>\n<div  class='av-buildercomment  av-blog-meta-html-info-disabled av-blog-meta-tag-disabled  '><\/div>\n<div  style='height:50px' class='hr hr-invisible   avia-builder-el-10  el_after_av_comments_list  el_before_av_hr '><span class='hr-inner ' ><span class='hr-inner-style'><\/span><\/span><\/div>\n<div  style='height:50px' class='hr hr-invisible   avia-builder-el-11  el_after_av_hr  avia-builder-el-last '><span class='hr-inner ' ><span class='hr-inner-style'><\/span><\/span><\/div>\n","protected":false},"excerpt":{"rendered":"","protected":false},"author":1,"featured_media":0,"comment_status":"open","ping_status":"open","sticky":false,"template":"","format":"standard","meta":{"footnotes":""},"categories":[46],"tags":[],"class_list":["post-3635","post","type-post","status-publish","format-standard","hentry","category-salud"],"jetpack_featured_media_url":"","_links":{"self":[{"href":"https:\/\/radiorevelacionfm.cl\/index.php?rest_route=\/wp\/v2\/posts\/3635","targetHints":{"allow":["GET"]}}],"collection":[{"href":"https:\/\/radiorevelacionfm.cl\/index.php?rest_route=\/wp\/v2\/posts"}],"about":[{"href":"https:\/\/radiorevelacionfm.cl\/index.php?rest_route=\/wp\/v2\/types\/post"}],"author":[{"embeddable":true,"href":"https:\/\/radiorevelacionfm.cl\/index.php?rest_route=\/wp\/v2\/users\/1"}],"replies":[{"embeddable":true,"href":"https:\/\/radiorevelacionfm.cl\/index.php?rest_route=%2Fwp%2Fv2%2Fcomments&post=3635"}],"version-history":[{"count":2,"href":"https:\/\/radiorevelacionfm.cl\/index.php?rest_route=\/wp\/v2\/posts\/3635\/revisions"}],"predecessor-version":[{"id":3638,"href":"https:\/\/radiorevelacionfm.cl\/index.php?rest_route=\/wp\/v2\/posts\/3635\/revisions\/3638"}],"wp:attachment":[{"href":"https:\/\/radiorevelacionfm.cl\/index.php?rest_route=%2Fwp%2Fv2%2Fmedia&parent=3635"}],"wp:term":[{"taxonomy":"category","embeddable":true,"href":"https:\/\/radiorevelacionfm.cl\/index.php?rest_route=%2Fwp%2Fv2%2Fcategories&post=3635"},{"taxonomy":"post_tag","embeddable":true,"href":"https:\/\/radiorevelacionfm.cl\/index.php?rest_route=%2Fwp%2Fv2%2Ftags&post=3635"}],"curies":[{"name":"wp","href":"https:\/\/api.w.org\/{rel}","templated":true}]}}