{"id":36340,"date":"2023-10-28T13:05:43","date_gmt":"2023-10-28T16:05:43","guid":{"rendered":"https:\/\/radiorevelacionfm.cl\/?p=36340"},"modified":"2023-10-28T13:05:43","modified_gmt":"2023-10-28T16:05:43","slug":"la-literatura-y-teatro-fueron-protagonistas-del-encuentro-regional-de-bibliotecas-escolares-cra-2023","status":"publish","type":"post","link":"https:\/\/radiorevelacionfm.cl\/?p=36340","title":{"rendered":"La Literatura y Teatro fueron protagonistas del Encuentro Regional de Bibliotecas Escolares CRA 2023"},"content":{"rendered":"<div class=\"flex_column av_one_full  flex_column_div av-zero-column-padding first  avia-builder-el-0  el_before_av_one_full  avia-builder-el-first  \" style='border-radius:0px; '><div  class='avia-image-container  av-styling-    avia-builder-el-1  avia-builder-el-no-sibling  avia-align-center '  itemprop=\"image\" itemscope=\"itemscope\" itemtype=\"https:\/\/schema.org\/ImageObject\"  ><div class='avia-image-container-inner'><div class='avia-image-overlay-wrap'><img decoding=\"async\" class='wp-image-36341 avia-img-lazy-loading-not-36341 avia_image' src=\"https:\/\/radiorevelacionfm.cl\/wp-content\/uploads\/2023\/10\/CRA-2-1-1.jpg\" alt='' title='CRA 2 (1) (1)' height=\"600\" width=\"900\"  itemprop=\"thumbnailUrl\" srcset=\"https:\/\/radiorevelacionfm.cl\/wp-content\/uploads\/2023\/10\/CRA-2-1-1.jpg 900w, https:\/\/radiorevelacionfm.cl\/wp-content\/uploads\/2023\/10\/CRA-2-1-1-300x200.jpg 300w, https:\/\/radiorevelacionfm.cl\/wp-content\/uploads\/2023\/10\/CRA-2-1-1-768x512.jpg 768w, https:\/\/radiorevelacionfm.cl\/wp-content\/uploads\/2023\/10\/CRA-2-1-1-705x470.jpg 705w, https:\/\/radiorevelacionfm.cl\/wp-content\/uploads\/2023\/10\/CRA-2-1-1-450x300.jpg 450w, https:\/\/radiorevelacionfm.cl\/wp-content\/uploads\/2023\/10\/CRA-2-1-1-600x400.jpg 600w\" sizes=\"(max-width: 900px) 100vw, 900px\" \/><\/div><\/div><\/div><\/div><div class=\"flex_column av_one_full  flex_column_div av-zero-column-padding first  avia-builder-el-2  el_after_av_one_full  el_before_av_one_full  column-top-margin\" style='border-radius:0px; '><section class=\"av_textblock_section \"  itemscope=\"itemscope\" itemtype=\"https:\/\/schema.org\/BlogPosting\" itemprop=\"blogPost\" ><div class='avia_textblock  '   itemprop=\"text\" ><p style=\"text-align: center;\"><strong><span style=\"font-size: 18pt;\">La Literatura y Teatro fueron protagonistas del Encuentro Regional de Bibliotecas Escolares CRA 2023<\/span><\/strong><\/p>\n<div id=\"gtx-trans\" style=\"position: absolute; left: -50px; top: 4.31534px;\">\n<div class=\"gtx-trans-icon\"><\/div>\n<\/div>\n<\/div><\/section><\/div><div class=\"flex_column av_one_full  flex_column_div av-zero-column-padding first  avia-builder-el-4  el_after_av_one_full  el_before_av_hr  column-top-margin\" style='border-radius:0px; '><section class=\"av_textblock_section \"  itemscope=\"itemscope\" itemtype=\"https:\/\/schema.org\/BlogPosting\" itemprop=\"blogPost\" ><div class='avia_textblock  '   itemprop=\"text\" ><p class=\"v1MsoNormal\" style=\"text-align: justify;\">Bajo el lema \u00abLeer para compartir y habitar el mundo\u00bb el mi\u00e9rcoles se desarroll\u00f3 en Coyhaique el Encuentro Regional de Coordinadores\/as y encargados\/as de Bibliotecas Escolares CRA de la Regi\u00f3n de Ays\u00e9n.<\/p>\n<p class=\"v1MsoNormal\" style=\"text-align: justify;\">El prop\u00f3sito de esta actividad convocada por el\u00a0<a href=\"https:\/\/www.facebook.com\/profile.php?id=100063450200495&amp;__cft__%5b0%5d=AZUojFuM9-wSNa1adW6xigi5Mfmyt5_Kr6YZ1lRwceSyETi9pi1zforVHNnGhGxVTQWRx9DrB1SUbzogJlkH89gV_O7Xu086G_r_AfkfDuNbbXSAJENow7Kn7uZNoRsN0Iz6LDV_NHXG2NzqhaO6r7FKRcung4DGndrDAmIiKioZvK5XHkq2gKUk5k-7a1j_YUQ&amp;__tn__=-%5dK-R\" target=\"_blank\" rel=\"noopener noreferrer\">Centro de Lectura y Biblioteca Escolar CRA<\/a>\u00a0del Mineduc es dar continuidad a la formaci\u00f3n especializada de los equipos de trabajo que se desempe\u00f1an en las Bibliotecas CRA de cada establecimiento educacional. Tambi\u00e9n se busca capacitarlos en distintas tem\u00e1ticas para que sean mediadores preparados principalmente en el apoyo a la implementaci\u00f3n del Curr\u00edculum Nacional mediante el uso de los recursos que provee las bibliotecas CRA, el fomento a la lectura y el desarrollo de habilidades de informaci\u00f3n, contribuyendo al cumplimiento del Plan de Mejoramiento Educativo (PME) de cada escuela o liceo.<\/p>\n<p class=\"v1MsoNormal\" style=\"text-align: justify;\">Este a\u00f1o se cont\u00f3 con la participaci\u00f3n de una compa\u00f1\u00eda Teatro Huevo, que es autora de un libro que muestra c\u00f3mo poner en escena un texto, de tal forma que se muestra c\u00f3mo un escrito cobra vida y se expresa de diferentes formas. La compa\u00f1\u00eda escenific\u00f3 un cuento y los actores realizaron un taller con los coordinadores\/as y encargados\/as de las bibliotecas CRA, que permiti\u00f3 adquirir una nueva forma de vivir la lectura y su comprensi\u00f3n. Adem\u00e1s entregaron a cada coordinador de Bibliotecas CRA un ejemplar del libro de antolog\u00eda de sus obras de teatro para ser utilizado en los colegios.<\/p>\n<p class=\"v1MsoNormal\" style=\"text-align: justify;\">Al inaugurar el Encuentro Regional CRA 2023 la Seremi Isabel Garrido destac\u00f3 que en el marco del Plan de\u00a0<a href=\"https:\/\/www.facebook.com\/hashtag\/reactivaci%C3%B3neducativa?__eep__=6&amp;__cft__%5b0%5d=AZUojFuM9-wSNa1adW6xigi5Mfmyt5_Kr6YZ1lRwceSyETi9pi1zforVHNnGhGxVTQWRx9DrB1SUbzogJlkH89gV_O7Xu086G_r_AfkfDuNbbXSAJENow7Kn7uZNoRsN0Iz6LDV_NHXG2NzqhaO6r7FKRcung4DGndrDAmIiKioZvK5XHkq2gKUk5k-7a1j_YUQ&amp;__tn__=*NK-R\" target=\"_blank\" rel=\"noopener noreferrer\">Reactivaci\u00f3n Educativa<\/a>\u00a0que impulsa el gobierno del Presidente Gabriel Boric la promoci\u00f3n de la lectura y escritura son centrales por lo que agradeci\u00f3 el espacio de capacitaci\u00f3n e intercambio de experiencias.<\/p>\n<p class=\"v1MsoNormal\" style=\"text-align: justify;\">\u00abEn el contexto del Plan de Reactivaci\u00f3n Educativa Integral del Ministerio de Educaci\u00f3n, las bibliotecas escolares son parte relevante del eje de\u00a0Fortalecimiento y activaci\u00f3n de aprendizajes. En estas acciones intervienen elementos materiales, como la entrega de recursos educativos, pero su peso est\u00e1, sin lugar a duda, en lo humano: en la formaci\u00f3n de los equipos de bibliotecas que dan vida a las bibliotecas CRA de escuelas y liceos; en el seguimiento y apoyo de sus funciones, a trav\u00e9s de\u00a0Encargados y Encargadas SEREMI y DEPROV de Bibliotecas CRA, contrapartes de Servicios Locales de Educaci\u00f3n P\u00fablica\u00a0y\u00a0Redes de Bibliotecas CRA territoriales\u00bb.<\/p>\n<p class=\"v1MsoNormal\" style=\"text-align: justify;\">Durante la jornada tambi\u00e9n se realiz\u00f3 un taller de Fomento Lector, a cargo de las educadoras de p\u00e1rvulos y Coordinadoras de las Bibliotecas Escolares de sus establecimientos educacionales:<\/p>\n<p class=\"v1MsoNormal\" style=\"text-align: justify;\">Margot C\u00e1rcamo del Liceo Profesor Ricardo Navarrete y Ana Mar\u00eda Barr\u00eda del Colegio Mater Dei. Taller centrado en el Fomento Lector en Educaci\u00f3n Parvularia.<\/p>\n<\/div><\/section><\/div><div  style='height:50px' class='hr hr-invisible   avia-builder-el-6  el_after_av_one_full  el_before_av_social_share '><span class='hr-inner ' ><span class='hr-inner-style'><\/span><\/span><\/div><\/p>\n<div  class='av-social-sharing-box  avia-builder-el-7  el_after_av_hr  el_before_av_hr  '><div class='av-share-box'><h5 class='av-share-link-description av-no-toc '>Compartir esta noticia<\/h5><ul class='av-share-box-list noLightbox'><li class='av-share-link av-social-link-facebook' ><a target=\"_blank\" aria-label=\"Compartir en Facebook\" href='https:\/\/www.facebook.com\/sharer.php?u=https:\/\/radiorevelacionfm.cl\/?p=36340&#038;t=La%20Literatura%20y%20Teatro%20fueron%20protagonistas%20del%20Encuentro%20Regional%20de%20Bibliotecas%20Escolares%20CRA%202023' aria-hidden='false' data-av_icon='\ue8f3' data-av_iconfont='entypo-fontello' title='' data-avia-related-tooltip='Compartir en Facebook' rel=\"noopener\"><span class='avia_hidden_link_text'>Compartir en Facebook<\/span><\/a><\/li><li class='av-share-link av-social-link-twitter' ><a target=\"_blank\" aria-label=\"Compartir en Twitter\" href='https:\/\/twitter.com\/share?text=La%20Literatura%20y%20Teatro%20fueron%20protagonistas%20del%20Encuentro%20Regional%20de%20Bibliotecas%20Escolares%20CRA%202023&#038;url=https:\/\/radiorevelacionfm.cl\/?p=36340' aria-hidden='false' data-av_icon='\ue8f1' data-av_iconfont='entypo-fontello' title='' data-avia-related-tooltip='Compartir en Twitter' rel=\"noopener\"><span class='avia_hidden_link_text'>Compartir en Twitter<\/span><\/a><\/li><li class='av-share-link av-social-link-whatsapp' ><a target=\"_blank\" aria-label=\"Compartir en Whatsapp\" href='https:\/\/api.whatsapp.com\/send?text=https:\/\/radiorevelacionfm.cl\/?p=36340' aria-hidden='false' data-av_icon='\uf232' data-av_iconfont='entypo-fontello' title='' data-avia-related-tooltip='Compartir en Whatsapp' rel=\"noopener\"><span class='avia_hidden_link_text'>Compartir en Whatsapp<\/span><\/a><\/li><li class='av-share-link av-social-link-linkedin' ><a target=\"_blank\" aria-label=\"Compartir en LinkedIn\" href='https:\/\/linkedin.com\/shareArticle?mini=true&#038;title=La%20Literatura%20y%20Teatro%20fueron%20protagonistas%20del%20Encuentro%20Regional%20de%20Bibliotecas%20Escolares%20CRA%202023&#038;url=https:\/\/radiorevelacionfm.cl\/?p=36340' aria-hidden='false' data-av_icon='\ue8fc' data-av_iconfont='entypo-fontello' title='' data-avia-related-tooltip='Compartir en LinkedIn' rel=\"noopener\"><span class='avia_hidden_link_text'>Compartir en LinkedIn<\/span><\/a><\/li><li class='av-share-link av-social-link-mail' ><a  aria-label=\"Compartir por correo\" href='mailto:?subject=La%20Literatura%20y%20Teatro%20fueron%20protagonistas%20del%20Encuentro%20Regional%20de%20Bibliotecas%20Escolares%20CRA%202023&#038;body=https:\/\/radiorevelacionfm.cl\/?p=36340' aria-hidden='false' data-av_icon='\ue805' data-av_iconfont='entypo-fontello' title='' data-avia-related-tooltip='Compartir por correo'><span class='avia_hidden_link_text'>Compartir por correo<\/span><\/a><\/li><\/ul><\/div><\/div>\n<div  style='height:50px' class='hr hr-invisible   avia-builder-el-8  el_after_av_social_share  el_before_av_comments_list '><span class='hr-inner ' ><span class='hr-inner-style'><\/span><\/span><\/div>\n<div  class='av-buildercomment  av-blog-meta-html-info-disabled av-blog-meta-tag-disabled  '><\/div>\n","protected":false},"excerpt":{"rendered":"","protected":false},"author":1,"featured_media":36341,"comment_status":"open","ping_status":"open","sticky":false,"template":"","format":"standard","meta":{"footnotes":""},"categories":[49],"tags":[],"class_list":["post-36340","post","type-post","status-publish","format-standard","has-post-thumbnail","hentry","category-educacion"],"jetpack_featured_media_url":"https:\/\/radiorevelacionfm.cl\/wp-content\/uploads\/2023\/10\/CRA-2-1-1.jpg","_links":{"self":[{"href":"https:\/\/radiorevelacionfm.cl\/index.php?rest_route=\/wp\/v2\/posts\/36340","targetHints":{"allow":["GET"]}}],"collection":[{"href":"https:\/\/radiorevelacionfm.cl\/index.php?rest_route=\/wp\/v2\/posts"}],"about":[{"href":"https:\/\/radiorevelacionfm.cl\/index.php?rest_route=\/wp\/v2\/types\/post"}],"author":[{"embeddable":true,"href":"https:\/\/radiorevelacionfm.cl\/index.php?rest_route=\/wp\/v2\/users\/1"}],"replies":[{"embeddable":true,"href":"https:\/\/radiorevelacionfm.cl\/index.php?rest_route=%2Fwp%2Fv2%2Fcomments&post=36340"}],"version-history":[{"count":1,"href":"https:\/\/radiorevelacionfm.cl\/index.php?rest_route=\/wp\/v2\/posts\/36340\/revisions"}],"predecessor-version":[{"id":36342,"href":"https:\/\/radiorevelacionfm.cl\/index.php?rest_route=\/wp\/v2\/posts\/36340\/revisions\/36342"}],"wp:featuredmedia":[{"embeddable":true,"href":"https:\/\/radiorevelacionfm.cl\/index.php?rest_route=\/wp\/v2\/media\/36341"}],"wp:attachment":[{"href":"https:\/\/radiorevelacionfm.cl\/index.php?rest_route=%2Fwp%2Fv2%2Fmedia&parent=36340"}],"wp:term":[{"taxonomy":"category","embeddable":true,"href":"https:\/\/radiorevelacionfm.cl\/index.php?rest_route=%2Fwp%2Fv2%2Fcategories&post=36340"},{"taxonomy":"post_tag","embeddable":true,"href":"https:\/\/radiorevelacionfm.cl\/index.php?rest_route=%2Fwp%2Fv2%2Ftags&post=36340"}],"curies":[{"name":"wp","href":"https:\/\/api.w.org\/{rel}","templated":true}]}}