{"id":36335,"date":"2023-10-27T12:04:31","date_gmt":"2023-10-27T15:04:31","guid":{"rendered":"https:\/\/radiorevelacionfm.cl\/?p=36335"},"modified":"2023-10-27T12:04:31","modified_gmt":"2023-10-27T15:04:31","slug":"carabineros-detuvo-a-cuatro-sujetos-por-porte-de-elementos-incendiarios-y-armamento-hechizo-en-coyhaique","status":"publish","type":"post","link":"https:\/\/radiorevelacionfm.cl\/?p=36335","title":{"rendered":"Carabineros detuvo a cuatro sujetos por porte de elementos incendiarios y armamento hechizo en Coyhaique"},"content":{"rendered":"<div class=\"flex_column av_one_full  flex_column_div av-zero-column-padding first  avia-builder-el-0  el_before_av_one_full  avia-builder-el-first  \" style='border-radius:0px; '><div  class='avia-image-container  av-styling-    avia-builder-el-1  avia-builder-el-no-sibling  avia-align-center '  itemprop=\"image\" itemscope=\"itemscope\" itemtype=\"https:\/\/schema.org\/ImageObject\"  ><div class='avia-image-container-inner'><div class='avia-image-overlay-wrap'><img decoding=\"async\" class='wp-image-36336 avia-img-lazy-loading-not-36336 avia_image' src=\"https:\/\/radiorevelacionfm.cl\/wp-content\/uploads\/2023\/10\/262091d2-6acb-4552-8383-72b398a4cd7f-1-1.jpg\" alt='' title='262091d2-6acb-4552-8383-72b398a4cd7f (1) (1)' height=\"600\" width=\"800\"  itemprop=\"thumbnailUrl\" srcset=\"https:\/\/radiorevelacionfm.cl\/wp-content\/uploads\/2023\/10\/262091d2-6acb-4552-8383-72b398a4cd7f-1-1.jpg 800w, https:\/\/radiorevelacionfm.cl\/wp-content\/uploads\/2023\/10\/262091d2-6acb-4552-8383-72b398a4cd7f-1-1-300x225.jpg 300w, https:\/\/radiorevelacionfm.cl\/wp-content\/uploads\/2023\/10\/262091d2-6acb-4552-8383-72b398a4cd7f-1-1-768x576.jpg 768w, https:\/\/radiorevelacionfm.cl\/wp-content\/uploads\/2023\/10\/262091d2-6acb-4552-8383-72b398a4cd7f-1-1-705x529.jpg 705w, https:\/\/radiorevelacionfm.cl\/wp-content\/uploads\/2023\/10\/262091d2-6acb-4552-8383-72b398a4cd7f-1-1-450x338.jpg 450w, https:\/\/radiorevelacionfm.cl\/wp-content\/uploads\/2023\/10\/262091d2-6acb-4552-8383-72b398a4cd7f-1-1-600x450.jpg 600w\" sizes=\"(max-width: 800px) 100vw, 800px\" \/><\/div><\/div><\/div><\/div><div class=\"flex_column av_one_full  flex_column_div av-zero-column-padding first  avia-builder-el-2  el_after_av_one_full  el_before_av_one_full  column-top-margin\" style='border-radius:0px; '><section class=\"av_textblock_section \"  itemscope=\"itemscope\" itemtype=\"https:\/\/schema.org\/BlogPosting\" itemprop=\"blogPost\" ><div class='avia_textblock  '   itemprop=\"text\" ><p style=\"text-align: center;\"><strong><span style=\"font-size: 18pt;\">Carabineros detuvo a cuatro sujetos por porte de elementos incendiarios y armamento hechizo en Coyhaique<\/span><\/strong><\/p>\n<div id=\"gtx-trans\" style=\"position: absolute; left: -50px; top: 4.31534px;\">\n<div class=\"gtx-trans-icon\"><\/div>\n<\/div>\n<\/div><\/section><\/div><div class=\"flex_column av_one_full  flex_column_div av-zero-column-padding first  avia-builder-el-4  el_after_av_one_full  el_before_av_hr  column-top-margin\" style='border-radius:0px; '><section class=\"av_textblock_section \"  itemscope=\"itemscope\" itemtype=\"https:\/\/schema.org\/BlogPosting\" itemprop=\"blogPost\" ><div class='avia_textblock  '   itemprop=\"text\" ><p class=\"v1MsoNormal\" style=\"text-align: justify;\"><span lang=\"ES-CL\">Los aprehendidos suman en conjunto 22 detenciones previas por diversos delitos, sujetos que est\u00e1n siendo investigados con la finalidad de determinar si tienen o no conexi\u00f3n con otras dos situaciones registradas en la \u00faltima semana en la comuna de Coyhaique.<\/span><\/p>\n<p class=\"v1MsoNormal\" style=\"text-align: justify;\"><span lang=\"ES-CL\">La oportuna denuncia sumado al r\u00e1pido actuar de Carabineros de Coyhaique en el contexto del plan Calles sin Violencia, culmin\u00f3 con la detenci\u00f3n de cuatro personas, entre ellos dos menores de edad, por porte de elementos incendiarios, armas hechizas y de fogueo.<\/span><\/p>\n<p class=\"v1MsoNormal\" style=\"text-align: justify;\"><span lang=\"ES-CL\">Siendo aproximadamente las 03:00 horas del jueves, la Central de Comunicaciones (Cenco) fue alertada al nivel de emergencias 133 sobre una ri\u00f1a en el sector Parque Las Lumas en la que se encontraban diversos individuos participando y arroj\u00e1ndose elementos contundentes.<\/span><\/p>\n<p class=\"v1MsoNormal\" style=\"text-align: justify;\"><span lang=\"ES-CL\">Ante esto, el Comisario de Coyhaique, Mayor Franco Herrera Quezada, se\u00f1al\u00f3 que dispositivos policiales se trasladaron al lugar, en tanto que los sujetos al percatarse de la presencia policial se dieron a la fuga, mientras que cuatro de estas personas buscaron ocultarse en un canal adyacente, siendo controlados por Carabineros.<\/span><\/p>\n<p class=\"v1MsoNormal\" style=\"text-align: justify;\"><span lang=\"ES-CL\">\u00abFue en esos instantes en que se logr\u00f3 acreditar que manten\u00edan una bolsa y una mochila con elementos incendiarios (cuatro botellas del tipo bomba molotov) al parecer con di\u00e9sel y un pa\u00f1o adosado a la boca de las botellas empapado en combustible, adem\u00e1s de una escopeta hechiza, un cartucho calibre 12 mm sin percutar y una pistola a fogueo, que est\u00e1 en estudio si est\u00e1 o no habilitada para el disparo de munici\u00f3n regular, armas blancas, pasamonta\u00f1a y guantes\u00bb, expres\u00f3.<\/span><\/p>\n<p class=\"v1MsoNormal\" style=\"text-align: justify;\"><b><span lang=\"ES-CL\">Reiteraciones<\/span><\/b><\/p>\n<p class=\"v1MsoNormal\" style=\"text-align: justify;\"><span lang=\"ES-CL\">De las cuatro personas, tres fueron detenidas en tanto que un menor de 13 a\u00f1os e inimputable ante la ley.<\/span><\/p>\n<p class=\"v1MsoNormal\" style=\"text-align: justify;\"><span lang=\"ES-CL\">Entre los detenidos se encuentra un menor de 17 a\u00f1os, quien registra siete reiteraciones, habiendo sido aprehendido por robo en lugar habitado, robo de veh\u00edculo, porte de arma blanca, da\u00f1os calificados y da\u00f1os simples, entre otros.<\/span><\/p>\n<p class=\"v1MsoNormal\" style=\"text-align: justify;\"><span lang=\"ES-CL\">Respecto al sujeto de 20 a\u00f1os, este presenta nueve reiteraciones por porte de arma blanca, robo con intimidaci\u00f3n, falsificaci\u00f3n, hurto, porte de arma blanca entre otros delitos.<\/span><\/p>\n<p class=\"v1MsoNormal\" style=\"text-align: justify;\"><span lang=\"ES-CL\">Asimismo, un sujeto de 19 a\u00f1os posee otras siete reiteraciones, entre estas robo con intimidaci\u00f3n, delito por el cual hab\u00eda sido detenido por Carabineros en el mes de febrero del presente a\u00f1o.<\/span><\/p>\n<p class=\"v1MsoNormal\" style=\"text-align: justify;\"><span lang=\"ES-CL\">Los antecedentes fueron puestos en conocimiento de la Fiscal\u00eda, siendo los peritajes encomendados a Labocar para el desarrollo de pruebas qu\u00edmicas, en tanto que los sujetos fueron derivados al Juzgado de Garant\u00eda para la audiencia de control de detenci\u00f3n.<\/span><\/p>\n<p class=\"v1MsoNormal\" style=\"text-align: justify;\"><span lang=\"ES-CL\">Asimismo, contin\u00faan las diligencias orientadas a determinar si los sujetos tienen o no relaci\u00f3n con la regresi\u00f3n ocurrida el fin de semana en el Parque Las Lumas, sumado a un ataque a un domicilio del sector alto de la ciudad mediante elementos incendiarios.<\/span><\/p>\n<p class=\"v1MsoNormal\" style=\"text-align: justify;\"><b><span lang=\"ES-CL\">Trabajo social<\/span><\/b><\/p>\n<p class=\"v1MsoNormal\" style=\"text-align: justify;\"><span lang=\"ES-CL\">Al respecto la Coordinadora Regional de Seguridad P\u00fablica, Camila Covarrubias indic\u00f3 que como Gobierno se ha priorizado trabajar sobre la ley de armas, contexto en el cual la diligencia desarrollada por Carabineros permiti\u00f3 sacar de circulaci\u00f3n dos elementos hechizos y una pieza de fogueo.<\/span><\/p>\n<p class=\"v1MsoNormal\" style=\"text-align: justify;\"><span lang=\"ES-CL\">En cuanto a los menores de edad, en la regi\u00f3n de Ays\u00e9n existe el programa Lazos que se extiende a NNA de 10 a 17 a\u00f1os que presentan factores de riesgo con intervenci\u00f3n de especialistas y terapeutas para el desarrollo de un trabajo integral con el menor y su grupo familiar.<\/span><\/p>\n<p class=\"v1MsoNormal\" style=\"text-align: justify;\"><span lang=\"ES-CL\">\u00a0<\/span><b><span lang=\"ES-CL\">Labor<\/span><\/b><\/p>\n<p class=\"v1MsoNormal\" style=\"text-align: justify;\"><span lang=\"ES-CL\">El Jefe de Zona Ays\u00e9n, General Patricio Santos Poblete, se\u00f1al\u00f3 que Carabineros en forma diaria realiza cerca de 400 a 500 controles preventivos, los cuales han arrojado la detenci\u00f3n de 3.966 personas, de las cuales cerca del 25% han sido detenidas por delitos de connotaci\u00f3n social.<\/span><\/p>\n<p class=\"v1MsoNormal\" style=\"text-align: justify;\"><span lang=\"ES-CL\">A la fecha cerca de 265 armas han sido incautadas, de las cuales un 45% corresponde a armas de fuego.<\/span><\/p>\n<p class=\"v1MsoNormal\" style=\"text-align: justify;\"><span lang=\"ES-CL\">\u00abEn la comuna de Coyhaique desarrollamos un plan de trabajo conforme a los lineamientos del supremo Gobierno que nos lleva a generar instancias de policiamiento compartidas con otras instituciones que trabajan dentro del rol de la seguridad en el marco del programa Calles sin Violencia\u00bb, indic\u00f3.<\/span><\/p>\n<p class=\"v1MsoNormal\" style=\"text-align: justify;\"><span lang=\"ES-CL\">Respecto al hecho ocurrido y la presencia de menores de edad, el Jefe de Zona Ays\u00e9n se pregunt\u00f3 por el rol que debe cumplir la familia en realizar el control informal de los adolescentes, inculcar valores e intervenir de manera oportuna para impedir la aparici\u00f3n de desviaciones sociales e inconductas que afecten la normal convivencia como sociedad.<\/span><\/p>\n<p class=\"v1MsoNormal\" style=\"text-align: justify;\"><span lang=\"ES-CL\">El General Santos indic\u00f3 que se est\u00e1n desarrollando diversos peritajes desde el punto de vista de la criminal\u00edstica de los hechos a trav\u00e9s del trabajo de Labocar y efectuar el cruce de informaci\u00f3n con la PDI con la finalidad de relacionar otros hechos delictuales ocurridos durante este \u00faltimo semestre y que pudiesen estar asociados a estas personas.<\/span><\/p>\n<\/div><\/section><\/div><div  style='height:50px' class='hr hr-invisible   avia-builder-el-6  el_after_av_one_full  el_before_av_social_share '><span class='hr-inner ' ><span class='hr-inner-style'><\/span><\/span><\/div><\/p>\n<div  class='av-social-sharing-box  avia-builder-el-7  el_after_av_hr  el_before_av_hr  '><div class='av-share-box'><h5 class='av-share-link-description av-no-toc '>Compartir esta noticia<\/h5><ul class='av-share-box-list noLightbox'><li class='av-share-link av-social-link-facebook' ><a target=\"_blank\" aria-label=\"Compartir en Facebook\" href='https:\/\/www.facebook.com\/sharer.php?u=https:\/\/radiorevelacionfm.cl\/?p=36335&#038;t=Carabineros%20detuvo%20a%20cuatro%20sujetos%20por%20porte%20de%20elementos%20incendiarios%20y%20armamento%20hechizo%20en%20Coyhaique' aria-hidden='false' data-av_icon='\ue8f3' data-av_iconfont='entypo-fontello' title='' data-avia-related-tooltip='Compartir en Facebook' rel=\"noopener\"><span class='avia_hidden_link_text'>Compartir en Facebook<\/span><\/a><\/li><li class='av-share-link av-social-link-twitter' ><a target=\"_blank\" aria-label=\"Compartir en Twitter\" href='https:\/\/twitter.com\/share?text=Carabineros%20detuvo%20a%20cuatro%20sujetos%20por%20porte%20de%20elementos%20incendiarios%20y%20armamento%20hechizo%20en%20Coyhaique&#038;url=https:\/\/radiorevelacionfm.cl\/?p=36335' aria-hidden='false' data-av_icon='\ue8f1' data-av_iconfont='entypo-fontello' title='' data-avia-related-tooltip='Compartir en Twitter' rel=\"noopener\"><span class='avia_hidden_link_text'>Compartir en Twitter<\/span><\/a><\/li><li class='av-share-link av-social-link-whatsapp' ><a target=\"_blank\" aria-label=\"Compartir en Whatsapp\" href='https:\/\/api.whatsapp.com\/send?text=https:\/\/radiorevelacionfm.cl\/?p=36335' aria-hidden='false' data-av_icon='\uf232' data-av_iconfont='entypo-fontello' title='' data-avia-related-tooltip='Compartir en Whatsapp' rel=\"noopener\"><span class='avia_hidden_link_text'>Compartir en Whatsapp<\/span><\/a><\/li><li class='av-share-link av-social-link-linkedin' ><a target=\"_blank\" aria-label=\"Compartir en LinkedIn\" href='https:\/\/linkedin.com\/shareArticle?mini=true&#038;title=Carabineros%20detuvo%20a%20cuatro%20sujetos%20por%20porte%20de%20elementos%20incendiarios%20y%20armamento%20hechizo%20en%20Coyhaique&#038;url=https:\/\/radiorevelacionfm.cl\/?p=36335' aria-hidden='false' data-av_icon='\ue8fc' data-av_iconfont='entypo-fontello' title='' data-avia-related-tooltip='Compartir en LinkedIn' rel=\"noopener\"><span class='avia_hidden_link_text'>Compartir en LinkedIn<\/span><\/a><\/li><li class='av-share-link av-social-link-mail' ><a  aria-label=\"Compartir por correo\" href='mailto:?subject=Carabineros%20detuvo%20a%20cuatro%20sujetos%20por%20porte%20de%20elementos%20incendiarios%20y%20armamento%20hechizo%20en%20Coyhaique&#038;body=https:\/\/radiorevelacionfm.cl\/?p=36335' aria-hidden='false' data-av_icon='\ue805' data-av_iconfont='entypo-fontello' title='' data-avia-related-tooltip='Compartir por correo'><span class='avia_hidden_link_text'>Compartir por correo<\/span><\/a><\/li><\/ul><\/div><\/div>\n<div  style='height:50px' class='hr hr-invisible   avia-builder-el-8  el_after_av_social_share  el_before_av_comments_list '><span class='hr-inner ' ><span class='hr-inner-style'><\/span><\/span><\/div>\n<div  class='av-buildercomment  av-blog-meta-html-info-disabled av-blog-meta-tag-disabled  '><\/div>\n","protected":false},"excerpt":{"rendered":"","protected":false},"author":1,"featured_media":36336,"comment_status":"open","ping_status":"open","sticky":false,"template":"","format":"standard","meta":{"footnotes":""},"categories":[36],"tags":[],"class_list":["post-36335","post","type-post","status-publish","format-standard","has-post-thumbnail","hentry","category-policial"],"jetpack_featured_media_url":"https:\/\/radiorevelacionfm.cl\/wp-content\/uploads\/2023\/10\/262091d2-6acb-4552-8383-72b398a4cd7f-1-1.jpg","_links":{"self":[{"href":"https:\/\/radiorevelacionfm.cl\/index.php?rest_route=\/wp\/v2\/posts\/36335","targetHints":{"allow":["GET"]}}],"collection":[{"href":"https:\/\/radiorevelacionfm.cl\/index.php?rest_route=\/wp\/v2\/posts"}],"about":[{"href":"https:\/\/radiorevelacionfm.cl\/index.php?rest_route=\/wp\/v2\/types\/post"}],"author":[{"embeddable":true,"href":"https:\/\/radiorevelacionfm.cl\/index.php?rest_route=\/wp\/v2\/users\/1"}],"replies":[{"embeddable":true,"href":"https:\/\/radiorevelacionfm.cl\/index.php?rest_route=%2Fwp%2Fv2%2Fcomments&post=36335"}],"version-history":[{"count":1,"href":"https:\/\/radiorevelacionfm.cl\/index.php?rest_route=\/wp\/v2\/posts\/36335\/revisions"}],"predecessor-version":[{"id":36337,"href":"https:\/\/radiorevelacionfm.cl\/index.php?rest_route=\/wp\/v2\/posts\/36335\/revisions\/36337"}],"wp:featuredmedia":[{"embeddable":true,"href":"https:\/\/radiorevelacionfm.cl\/index.php?rest_route=\/wp\/v2\/media\/36336"}],"wp:attachment":[{"href":"https:\/\/radiorevelacionfm.cl\/index.php?rest_route=%2Fwp%2Fv2%2Fmedia&parent=36335"}],"wp:term":[{"taxonomy":"category","embeddable":true,"href":"https:\/\/radiorevelacionfm.cl\/index.php?rest_route=%2Fwp%2Fv2%2Fcategories&post=36335"},{"taxonomy":"post_tag","embeddable":true,"href":"https:\/\/radiorevelacionfm.cl\/index.php?rest_route=%2Fwp%2Fv2%2Ftags&post=36335"}],"curies":[{"name":"wp","href":"https:\/\/api.w.org\/{rel}","templated":true}]}}