{"id":36331,"date":"2023-10-27T15:49:32","date_gmt":"2023-10-27T18:49:32","guid":{"rendered":"https:\/\/radiorevelacionfm.cl\/?p=36331"},"modified":"2023-10-27T15:49:32","modified_gmt":"2023-10-27T18:49:32","slug":"conmemoran-un-ano-del-primer-sitio-de-memoria-de-la-region-de-aysen","status":"publish","type":"post","link":"https:\/\/radiorevelacionfm.cl\/?p=36331","title":{"rendered":"Conmemoran un a\u00f1o del primer Sitio de Memoria de la Regi\u00f3n de Ays\u00e9n"},"content":{"rendered":"<div class=\"flex_column av_one_full  flex_column_div av-zero-column-padding first  avia-builder-el-0  el_before_av_one_full  avia-builder-el-first  \" style='border-radius:0px; '><div  class='avia-image-container  av-styling-    avia-builder-el-1  avia-builder-el-no-sibling  avia-align-center '  itemprop=\"image\" itemscope=\"itemscope\" itemtype=\"https:\/\/schema.org\/ImageObject\"  ><div class='avia-image-container-inner'><div class='avia-image-overlay-wrap'><img decoding=\"async\" class='wp-image-0 avia-img-lazy-loading-not-0 avia_image' src=\"https:\/\/radiorevelacionfm.cl\/wp-content\/uploads\/2023\/10\/Conmemoracion-Sitio-de-Memoria-4-1-1-1.jpeg\" alt='' title=''   itemprop=\"thumbnailUrl\"  \/><\/div><\/div><\/div><\/div><div class=\"flex_column av_one_full  flex_column_div av-zero-column-padding first  avia-builder-el-2  el_after_av_one_full  el_before_av_one_full  column-top-margin\" style='border-radius:0px; '><section class=\"av_textblock_section \"  itemscope=\"itemscope\" itemtype=\"https:\/\/schema.org\/BlogPosting\" itemprop=\"blogPost\" ><div class='avia_textblock  '   itemprop=\"text\" ><p style=\"text-align: center;\"><strong><span style=\"font-size: 18pt;\">Conmemoran un a\u00f1o del primer Sitio de Memoria de la Regi\u00f3n de Ays\u00e9n<\/span><\/strong><\/p>\n<div id=\"gtx-trans\" style=\"position: absolute; left: -50px; top: 4.31534px;\">\n<div class=\"gtx-trans-icon\"><\/div>\n<\/div>\n<\/div><\/section><\/div><div class=\"flex_column av_one_full  flex_column_div av-zero-column-padding first  avia-builder-el-4  el_after_av_one_full  el_before_av_hr  column-top-margin\" style='border-radius:0px; '><section class=\"av_textblock_section \"  itemscope=\"itemscope\" itemtype=\"https:\/\/schema.org\/BlogPosting\" itemprop=\"blogPost\" ><div class='avia_textblock  '   itemprop=\"text\" ><p style=\"text-align: justify;\">La 2\u00aa Comisar\u00eda de Carabineros de la comuna de Puerto Ays\u00e9n se convirti\u00f3 hace exactamente un a\u00f1o en el primer sitio de memoria en ser reconocido por el Estado en la regi\u00f3n. Autoridades y familiares se dieron cita para conmemorar lo ocurrido en este ex centro de tortura y prisi\u00f3n pol\u00edtica.<\/p>\n<p style=\"text-align: justify;\">Hasta la Regi\u00f3n de Ays\u00e9n arrib\u00f3 la ministra de las Culturas, las Artes y el Patrimonio, Carolina Arredondo Marz\u00e1n, para participar en la conmemoraci\u00f3n del primer a\u00f1o de la declaratoria del Sitio de Memoria 2\u00aa Comisar\u00eda de Puerto Ays\u00e9n, primera infraestructura en contar con este reconocimiento en la regi\u00f3n.<\/p>\n<p style=\"text-align: justify;\">Junto al Seremi de Culturas Ays\u00e9n, Felipe Quiroz; la presidenta de la Agrupaci\u00f3n de Derechos Humanos, Mar\u00eda Vera y parte de la comunidad de Puerto Ays\u00e9n, la principal autoridad cultural del pa\u00eds se hizo parte del emotivo acto de memoria y recorri\u00f3 las instalaciones del sitio que los meses posteriores al golpe de Estado c\u00edvico-militar de 1973 fue utilizado como centro de tortura y prisi\u00f3n pol\u00edtica.<\/p>\n<p style=\"text-align: justify;\">En la oportunidad, la secretaria de Estado se\u00f1al\u00f3: \u201cestamos en Puerto Ays\u00e9n, conmemorando un a\u00f1o de la declaratoria de este sitio de memoria, el primero en la regi\u00f3n, y lo hacemos junto a las agrupaciones de derechos humanos, en el marco de la conmemoraci\u00f3n de los 50 a\u00f1os del golpe de Estado. Las organizaciones y la sociedad civil han sido quienes han permanecido realizando y acompa\u00f1ando este ejercicio de memoria constante\u201d.<\/p>\n<p style=\"text-align: justify;\">Adem\u00e1s, la ministra Arredondo coment\u00f3 que \u201ccomo ministerio de las Culturas tenemos el deber de conmemorar, y ante todo acompa\u00f1ar en este proceso, poniendo siempre en el centro a las familias, a las personas y sus testimonios que nos ayudan a mantener viva la memoria\u201d.<\/p>\n<p style=\"text-align: justify;\">El edificio de dos plantas, revestido en madera de lenga que data de 1930, corresponde a la primera infraestructura en recibir el reconocimiento como sitio de memoria en todo el territorio aisenino, siguiendo el compromiso de contar con un sitio de memoria declarado por el Estado en cada regi\u00f3n, a trav\u00e9s del Consejo de Monumentos Nacionales.<\/p>\n<p style=\"text-align: justify;\">Pola Bustamante tuvo familiares detenidos en el cuartel policial, hoy Sitio de Memoria: \u201cLa verdad es que me siento contenta por el trabajo que hemos realizado porque ha sido un trabajo de hormiga. Muy tranquilo y con mucha responsabilidad. Esto es como la culminaci\u00f3n de una etapa. Me siento muy contenta. Feliz de que la ministra haya visitado el lugar mismo.\u201d<\/p>\n<\/div><\/section><\/div><div  style='height:50px' class='hr hr-invisible   avia-builder-el-6  el_after_av_one_full  el_before_av_social_share '><span class='hr-inner ' ><span class='hr-inner-style'><\/span><\/span><\/div><\/p>\n<div  class='av-social-sharing-box  avia-builder-el-7  el_after_av_hr  el_before_av_hr  '><div class='av-share-box'><h5 class='av-share-link-description av-no-toc '>Compartir esta noticia<\/h5><ul class='av-share-box-list noLightbox'><li class='av-share-link av-social-link-facebook' ><a target=\"_blank\" aria-label=\"Compartir en Facebook\" href='https:\/\/www.facebook.com\/sharer.php?u=https:\/\/radiorevelacionfm.cl\/?p=36331&#038;t=Conmemoran%20un%20a%C3%B1o%20del%20primer%20Sitio%20de%20Memoria%20de%20la%20Regi%C3%B3n%20de%20Ays%C3%A9n' aria-hidden='false' data-av_icon='\ue8f3' data-av_iconfont='entypo-fontello' title='' data-avia-related-tooltip='Compartir en Facebook' rel=\"noopener\"><span class='avia_hidden_link_text'>Compartir en Facebook<\/span><\/a><\/li><li class='av-share-link av-social-link-twitter' ><a target=\"_blank\" aria-label=\"Compartir en Twitter\" href='https:\/\/twitter.com\/share?text=Conmemoran%20un%20a%C3%B1o%20del%20primer%20Sitio%20de%20Memoria%20de%20la%20Regi%C3%B3n%20de%20Ays%C3%A9n&#038;url=https:\/\/radiorevelacionfm.cl\/?p=36331' aria-hidden='false' data-av_icon='\ue8f1' data-av_iconfont='entypo-fontello' title='' data-avia-related-tooltip='Compartir en Twitter' rel=\"noopener\"><span class='avia_hidden_link_text'>Compartir en Twitter<\/span><\/a><\/li><li class='av-share-link av-social-link-whatsapp' ><a target=\"_blank\" aria-label=\"Compartir en Whatsapp\" href='https:\/\/api.whatsapp.com\/send?text=https:\/\/radiorevelacionfm.cl\/?p=36331' aria-hidden='false' data-av_icon='\uf232' data-av_iconfont='entypo-fontello' title='' data-avia-related-tooltip='Compartir en Whatsapp' rel=\"noopener\"><span class='avia_hidden_link_text'>Compartir en Whatsapp<\/span><\/a><\/li><li class='av-share-link av-social-link-linkedin' ><a target=\"_blank\" aria-label=\"Compartir en LinkedIn\" href='https:\/\/linkedin.com\/shareArticle?mini=true&#038;title=Conmemoran%20un%20a%C3%B1o%20del%20primer%20Sitio%20de%20Memoria%20de%20la%20Regi%C3%B3n%20de%20Ays%C3%A9n&#038;url=https:\/\/radiorevelacionfm.cl\/?p=36331' aria-hidden='false' data-av_icon='\ue8fc' data-av_iconfont='entypo-fontello' title='' data-avia-related-tooltip='Compartir en LinkedIn' rel=\"noopener\"><span class='avia_hidden_link_text'>Compartir en LinkedIn<\/span><\/a><\/li><li class='av-share-link av-social-link-mail' ><a  aria-label=\"Compartir por correo\" href='mailto:?subject=Conmemoran%20un%20a%C3%B1o%20del%20primer%20Sitio%20de%20Memoria%20de%20la%20Regi%C3%B3n%20de%20Ays%C3%A9n&#038;body=https:\/\/radiorevelacionfm.cl\/?p=36331' aria-hidden='false' data-av_icon='\ue805' data-av_iconfont='entypo-fontello' title='' data-avia-related-tooltip='Compartir por correo'><span class='avia_hidden_link_text'>Compartir por correo<\/span><\/a><\/li><\/ul><\/div><\/div>\n<div  style='height:50px' class='hr hr-invisible   avia-builder-el-8  el_after_av_social_share  el_before_av_comments_list '><span class='hr-inner ' ><span class='hr-inner-style'><\/span><\/span><\/div>\n<div  class='av-buildercomment  av-blog-meta-html-info-disabled av-blog-meta-tag-disabled  '><\/div>\n","protected":false},"excerpt":{"rendered":"","protected":false},"author":1,"featured_media":36332,"comment_status":"open","ping_status":"open","sticky":false,"template":"","format":"standard","meta":{"footnotes":""},"categories":[52],"tags":[],"class_list":["post-36331","post","type-post","status-publish","format-standard","has-post-thumbnail","hentry","category-cultura"],"jetpack_featured_media_url":"https:\/\/radiorevelacionfm.cl\/wp-content\/uploads\/2023\/10\/Conmemoracion-Sitio-de-Memoria-4-1-1.jpeg","_links":{"self":[{"href":"https:\/\/radiorevelacionfm.cl\/index.php?rest_route=\/wp\/v2\/posts\/36331","targetHints":{"allow":["GET"]}}],"collection":[{"href":"https:\/\/radiorevelacionfm.cl\/index.php?rest_route=\/wp\/v2\/posts"}],"about":[{"href":"https:\/\/radiorevelacionfm.cl\/index.php?rest_route=\/wp\/v2\/types\/post"}],"author":[{"embeddable":true,"href":"https:\/\/radiorevelacionfm.cl\/index.php?rest_route=\/wp\/v2\/users\/1"}],"replies":[{"embeddable":true,"href":"https:\/\/radiorevelacionfm.cl\/index.php?rest_route=%2Fwp%2Fv2%2Fcomments&post=36331"}],"version-history":[{"count":1,"href":"https:\/\/radiorevelacionfm.cl\/index.php?rest_route=\/wp\/v2\/posts\/36331\/revisions"}],"predecessor-version":[{"id":36334,"href":"https:\/\/radiorevelacionfm.cl\/index.php?rest_route=\/wp\/v2\/posts\/36331\/revisions\/36334"}],"wp:featuredmedia":[{"embeddable":true,"href":"https:\/\/radiorevelacionfm.cl\/index.php?rest_route=\/wp\/v2\/media\/36332"}],"wp:attachment":[{"href":"https:\/\/radiorevelacionfm.cl\/index.php?rest_route=%2Fwp%2Fv2%2Fmedia&parent=36331"}],"wp:term":[{"taxonomy":"category","embeddable":true,"href":"https:\/\/radiorevelacionfm.cl\/index.php?rest_route=%2Fwp%2Fv2%2Fcategories&post=36331"},{"taxonomy":"post_tag","embeddable":true,"href":"https:\/\/radiorevelacionfm.cl\/index.php?rest_route=%2Fwp%2Fv2%2Ftags&post=36331"}],"curies":[{"name":"wp","href":"https:\/\/api.w.org\/{rel}","templated":true}]}}