{"id":3632,"date":"2021-04-29T10:46:21","date_gmt":"2021-04-29T13:46:21","guid":{"rendered":"https:\/\/radiorevelacionfm.cl\/?p=3632"},"modified":"2021-04-29T10:46:21","modified_gmt":"2021-04-29T13:46:21","slug":"escuela-despertar-en-puerto-aysen-celebro-aniversario-destacando-el-compromiso-de-toda-su-comunidad-educativa","status":"publish","type":"post","link":"https:\/\/radiorevelacionfm.cl\/?p=3632","title":{"rendered":"Escuela Despertar en Puerto Ays\u00e9n celebr\u00f3 aniversario destacando el compromiso de toda su comunidad educativa"},"content":{"rendered":"<div class=\"flex_column av_one_full  flex_column_div av-zero-column-padding first  avia-builder-el-0  el_before_av_one_full  avia-builder-el-first  \" style='border-radius:0px; '><div  class='avia-image-container  av-styling-    avia-builder-el-1  avia-builder-el-no-sibling  avia-align-center '  itemprop=\"image\" itemscope=\"itemscope\" itemtype=\"https:\/\/schema.org\/ImageObject\"  ><div class='avia-image-container-inner'><div class='avia-image-overlay-wrap'><img decoding=\"async\" class='wp-image-0 avia-img-lazy-loading-not-0 avia_image' src=\"https:\/\/radiorevelacionfm.cl\/wp-content\/uploads\/2021\/04\/img-despertar2_optimized.jpg\" alt='' title=''   itemprop=\"thumbnailUrl\"  \/><\/div><\/div><\/div><\/div>\n<div class=\"flex_column av_one_full  flex_column_div av-zero-column-padding first  avia-builder-el-2  el_after_av_one_full  el_before_av_one_full  column-top-margin\" style='border-radius:0px; '><section class=\"av_textblock_section \"  itemscope=\"itemscope\" itemtype=\"https:\/\/schema.org\/BlogPosting\" itemprop=\"blogPost\" ><div class='avia_textblock  '   itemprop=\"text\" ><p style=\"text-align: center;\"><strong><span style=\"font-size: 18pt;\">Escuela Despertar en Puerto Ays\u00e9n celebr\u00f3 aniversario destacando el compromiso de toda su comunidad educativa<\/span><\/strong><\/p>\n<div id=\"gtx-trans\" style=\"position: absolute; left: -50px; top: 4.31534px;\">\n<div class=\"gtx-trans-icon\"><\/div>\n<\/div>\n<\/div><\/section><\/div>\n<div class=\"flex_column av_one_full  flex_column_div av-zero-column-padding first  avia-builder-el-4  el_after_av_one_full  el_before_av_hr  column-top-margin\" style='border-radius:0px; '><section class=\"av_textblock_section \"  itemscope=\"itemscope\" itemtype=\"https:\/\/schema.org\/BlogPosting\" itemprop=\"blogPost\" ><div class='avia_textblock  '   itemprop=\"text\" ><p style=\"text-align: justify;\">Con un c\u00famulo de actividades, junto al compromiso de todos los integrantes del establecimiento y realzando los valores que presenta su proyecto educativo, la Escuela Despertar en la ciudad de Puerto Ays\u00e9n celebr\u00f3 38 a\u00f1os desde su fundaci\u00f3n. En esta oportunidad, debido a la actual crisis sanitaria por covid-19 se han adoptado diversas medidas de resguardo para poder efectuar distintas instancias que permitan otorgar un momento de distenci\u00f3n a los estudiantes que conforman esta alternativa educativa en la capital de la comuna de Ays\u00e9n.<\/p>\n<p style=\"text-align: justify;\">Frente a esto, Claudia Retamal Bruna, directora del establecimiento, detall\u00f3 que si bien este a\u00f1o ha sido diferente producto del avance que ha tenido el covid-19 en el territorio destac\u00f3 que \u201cla recepci\u00f3n tanto de las familias como de los estudiantes ha sido muy positiva, con la participaci\u00f3n activa, nosotros estamos con la presencialidad de los alumnos desde el 15 de marzo y en estos tiempos que a lo mejor ha estado un poco complicado hemos tenido una muy buena recepci\u00f3n de los pap\u00e1s, as\u00ed es que, tambi\u00e9n es el momento de agradecer que conf\u00edan en nuestro proyecto educativo y que siempre est\u00e1n presentes con sus hijos e hijas atendiendo digamos a la diversidad que es nuestra gran funci\u00f3n\u201d.<\/p>\n<p style=\"text-align: justify;\">Finalmente, la profesora Vanessa Navarrete, quien ha estado a cargo de coordinar las actividades de aniversario coment\u00f3 que durante la semana los alumnos junto a la profesora de artes pintaron un mural, adem\u00e1s efectuaron instancias deportivas y asimismo, un desfile con trajes reciclados y vestimenta t\u00edpica chilena. A\u00f1adiendo que \u201cestamos muy contentos de cumplir 38 a\u00f1os, con el equipo estamos super entusiasmados, la semana ha sido s\u00faper, lamentablemente no podemos invitar a los apoderados al establecimiento as\u00ed que por eso sido diferente pero igual notamos el cari\u00f1o y el compromiso de cada una de las familias de sus casas\u201d, sentenci\u00f3 la educadora aysenina.<\/p>\n<\/div><\/section><\/div><div  style='height:50px' class='hr hr-invisible   avia-builder-el-6  el_after_av_one_full  el_before_av_social_share '><span class='hr-inner ' ><span class='hr-inner-style'><\/span><\/span><\/div><\/p>\n<div  class='av-social-sharing-box  avia-builder-el-7  el_after_av_hr  el_before_av_hr  '><div class='av-share-box'><h5 class='av-share-link-description av-no-toc '>Compartir esta noticia<\/h5><ul class='av-share-box-list noLightbox'><li class='av-share-link av-social-link-facebook' ><a target=\"_blank\" aria-label=\"Compartir en Facebook\" href='https:\/\/www.facebook.com\/sharer.php?u=https:\/\/radiorevelacionfm.cl\/?p=3632&#038;t=Escuela%20Despertar%20en%20Puerto%20Ays%C3%A9n%20celebr%C3%B3%20aniversario%20destacando%20el%20compromiso%20de%20toda%20su%20comunidad%20educativa' aria-hidden='false' data-av_icon='\ue8f3' data-av_iconfont='entypo-fontello' title='' data-avia-related-tooltip='Compartir en Facebook' rel=\"noopener\"><span class='avia_hidden_link_text'>Compartir en Facebook<\/span><\/a><\/li><li class='av-share-link av-social-link-twitter' ><a target=\"_blank\" aria-label=\"Compartir en Twitter\" href='https:\/\/twitter.com\/share?text=Escuela%20Despertar%20en%20Puerto%20Ays%C3%A9n%20celebr%C3%B3%20aniversario%20destacando%20el%20compromiso%20de%20toda%20su%20comunidad%20educativa&#038;url=https:\/\/radiorevelacionfm.cl\/?p=3632' aria-hidden='false' data-av_icon='\ue8f1' data-av_iconfont='entypo-fontello' title='' data-avia-related-tooltip='Compartir en Twitter' rel=\"noopener\"><span class='avia_hidden_link_text'>Compartir en Twitter<\/span><\/a><\/li><li class='av-share-link av-social-link-whatsapp' ><a target=\"_blank\" aria-label=\"Compartir en Whatsapp\" href='https:\/\/api.whatsapp.com\/send?text=https:\/\/radiorevelacionfm.cl\/?p=3632' aria-hidden='false' data-av_icon='\uf232' data-av_iconfont='entypo-fontello' title='' data-avia-related-tooltip='Compartir en Whatsapp' rel=\"noopener\"><span class='avia_hidden_link_text'>Compartir en Whatsapp<\/span><\/a><\/li><li class='av-share-link av-social-link-linkedin' ><a target=\"_blank\" aria-label=\"Compartir en LinkedIn\" href='https:\/\/linkedin.com\/shareArticle?mini=true&#038;title=Escuela%20Despertar%20en%20Puerto%20Ays%C3%A9n%20celebr%C3%B3%20aniversario%20destacando%20el%20compromiso%20de%20toda%20su%20comunidad%20educativa&#038;url=https:\/\/radiorevelacionfm.cl\/?p=3632' aria-hidden='false' data-av_icon='\ue8fc' data-av_iconfont='entypo-fontello' title='' data-avia-related-tooltip='Compartir en LinkedIn' rel=\"noopener\"><span class='avia_hidden_link_text'>Compartir en LinkedIn<\/span><\/a><\/li><li class='av-share-link av-social-link-mail' ><a  aria-label=\"Compartir por correo\" href='mailto:?subject=Escuela%20Despertar%20en%20Puerto%20Ays%C3%A9n%20celebr%C3%B3%20aniversario%20destacando%20el%20compromiso%20de%20toda%20su%20comunidad%20educativa&#038;body=https:\/\/radiorevelacionfm.cl\/?p=3632' aria-hidden='false' data-av_icon='\ue805' data-av_iconfont='entypo-fontello' title='' data-avia-related-tooltip='Compartir por correo'><span class='avia_hidden_link_text'>Compartir por correo<\/span><\/a><\/li><\/ul><\/div><\/div>\n<div  style='height:50px' class='hr hr-invisible   avia-builder-el-8  el_after_av_social_share  el_before_av_comments_list '><span class='hr-inner ' ><span class='hr-inner-style'><\/span><\/span><\/div>\n<div  class='av-buildercomment  av-blog-meta-html-info-disabled av-blog-meta-tag-disabled  '><\/div>\n","protected":false},"excerpt":{"rendered":"","protected":false},"author":1,"featured_media":0,"comment_status":"open","ping_status":"open","sticky":false,"template":"","format":"standard","meta":{"footnotes":""},"categories":[49],"tags":[],"class_list":["post-3632","post","type-post","status-publish","format-standard","hentry","category-educacion"],"jetpack_featured_media_url":"","_links":{"self":[{"href":"https:\/\/radiorevelacionfm.cl\/index.php?rest_route=\/wp\/v2\/posts\/3632","targetHints":{"allow":["GET"]}}],"collection":[{"href":"https:\/\/radiorevelacionfm.cl\/index.php?rest_route=\/wp\/v2\/posts"}],"about":[{"href":"https:\/\/radiorevelacionfm.cl\/index.php?rest_route=\/wp\/v2\/types\/post"}],"author":[{"embeddable":true,"href":"https:\/\/radiorevelacionfm.cl\/index.php?rest_route=\/wp\/v2\/users\/1"}],"replies":[{"embeddable":true,"href":"https:\/\/radiorevelacionfm.cl\/index.php?rest_route=%2Fwp%2Fv2%2Fcomments&post=3632"}],"version-history":[{"count":2,"href":"https:\/\/radiorevelacionfm.cl\/index.php?rest_route=\/wp\/v2\/posts\/3632\/revisions"}],"predecessor-version":[{"id":3639,"href":"https:\/\/radiorevelacionfm.cl\/index.php?rest_route=\/wp\/v2\/posts\/3632\/revisions\/3639"}],"wp:attachment":[{"href":"https:\/\/radiorevelacionfm.cl\/index.php?rest_route=%2Fwp%2Fv2%2Fmedia&parent=3632"}],"wp:term":[{"taxonomy":"category","embeddable":true,"href":"https:\/\/radiorevelacionfm.cl\/index.php?rest_route=%2Fwp%2Fv2%2Fcategories&post=3632"},{"taxonomy":"post_tag","embeddable":true,"href":"https:\/\/radiorevelacionfm.cl\/index.php?rest_route=%2Fwp%2Fv2%2Ftags&post=3632"}],"curies":[{"name":"wp","href":"https:\/\/api.w.org\/{rel}","templated":true}]}}