{"id":36315,"date":"2023-10-26T17:42:13","date_gmt":"2023-10-26T20:42:13","guid":{"rendered":"https:\/\/radiorevelacionfm.cl\/?p=36315"},"modified":"2023-10-26T18:47:46","modified_gmt":"2023-10-26T21:47:46","slug":"detienen-a-sujeto-de-24-anos-quien-mantenia-una-orden-de-detencion-vigente-por-el-delito-de-violacion","status":"publish","type":"post","link":"https:\/\/radiorevelacionfm.cl\/?p=36315","title":{"rendered":"Detienen a sujeto de 24 a\u00f1os, quien manten\u00eda una orden de detenci\u00f3n vigente por el delito de violaci\u00f3n"},"content":{"rendered":"<div class=\"flex_column av_one_full  flex_column_div av-zero-column-padding first  avia-builder-el-0  el_before_av_one_full  avia-builder-el-first  \" style='border-radius:0px; '><div  class='avia-image-container  av-styling-    avia-builder-el-1  avia-builder-el-no-sibling  avia-align-center '  itemprop=\"image\" itemscope=\"itemscope\" itemtype=\"https:\/\/schema.org\/ImageObject\"  ><div class='avia-image-container-inner'><div class='avia-image-overlay-wrap'><img decoding=\"async\" class='wp-image-9546 avia-img-lazy-loading-not-9546 avia_image' src=\"https:\/\/radiorevelacionfm.cl\/wp-content\/uploads\/2021\/10\/PDI-11.01.21-1-1.jpg\" alt='' title='PDI 11.01.21 (1) (1)' height=\"600\" width=\"903\"  itemprop=\"thumbnailUrl\" srcset=\"https:\/\/radiorevelacionfm.cl\/wp-content\/uploads\/2021\/10\/PDI-11.01.21-1-1.jpg 903w, https:\/\/radiorevelacionfm.cl\/wp-content\/uploads\/2021\/10\/PDI-11.01.21-1-1-300x199.jpg 300w, https:\/\/radiorevelacionfm.cl\/wp-content\/uploads\/2021\/10\/PDI-11.01.21-1-1-768x510.jpg 768w, https:\/\/radiorevelacionfm.cl\/wp-content\/uploads\/2021\/10\/PDI-11.01.21-1-1-705x468.jpg 705w, https:\/\/radiorevelacionfm.cl\/wp-content\/uploads\/2021\/10\/PDI-11.01.21-1-1-600x399.jpg 600w\" sizes=\"(max-width: 903px) 100vw, 903px\" \/><\/div><\/div><\/div><\/div><div class=\"flex_column av_one_full  flex_column_div av-zero-column-padding first  avia-builder-el-2  el_after_av_one_full  el_before_av_one_full  column-top-margin\" style='border-radius:0px; '><section class=\"av_textblock_section \"  itemscope=\"itemscope\" itemtype=\"https:\/\/schema.org\/BlogPosting\" itemprop=\"blogPost\" ><div class='avia_textblock  '   itemprop=\"text\" ><p style=\"text-align: center;\"><span style=\"font-size: 18pt;\"><strong>Detienen a sujeto de 24 a\u00f1os, quien manten\u00eda una orden de detenci\u00f3n vigente por el delito de violaci\u00f3n <\/strong><\/span><\/p>\n<div id=\"gtx-trans\" style=\"position: absolute; left: -50px; top: 4.31534px;\">\n<div class=\"gtx-trans-icon\"><\/div>\n<\/div>\n<\/div><\/section><\/div><\/p>\n<div class=\"flex_column av_one_full  flex_column_div av-zero-column-padding first  avia-builder-el-4  el_after_av_one_full  el_before_av_hr  column-top-margin\" style='border-radius:0px; '><section class=\"av_textblock_section \"  itemscope=\"itemscope\" itemtype=\"https:\/\/schema.org\/BlogPosting\" itemprop=\"blogPost\" ><div class='avia_textblock  '   itemprop=\"text\" ><p style=\"text-align: justify;\">Durante la tarde del lunes 23 de octubre, detectives de la Brigada Investigadora de Delitos Sexuales (BRISEX) Coyhaique de la Polic\u00eda de Investigaciones de Chile, materializaron la detenci\u00f3n de un hombre de 24 a\u00f1os, quien manten\u00eda una orden de detenci\u00f3n vigente por el delito de violaci\u00f3n de menor de 14 a\u00f1os, siendo trasladado hasta el Centro de Cumplimiento Penitenciario de Coyhaique para cumplir condena, logrando dar cumplimiento a una orden emanada por el Juzgado de Garant\u00eda de Coyhaique.<\/p>\n<p style=\"text-align: justify;\">Sobre la indagatoria que permiti\u00f3 esta condena, la comisaria Fernanda Az\u00f3car de la brigada especializada, indic\u00f3 que \u201cla investigaci\u00f3n data de junio del a\u00f1o 2021, donde se tom\u00f3 conocimiento de una denuncia por el delito de violaci\u00f3n de menor de 14 a\u00f1os, iniciando as\u00ed las indagaciones al respecto, donde se ten\u00eda como antecedente inicial el acceso del imputado a trav\u00e9s de un perfil falso creado en redes sociales, modo de operar conocido como grooming, llegando a establecer la confianza con la v\u00edctima para concertar un encuentro presencial con ella, cometiendo de esta forma el il\u00edcito denunciado\u201d, hecho que afect\u00f3 a una ni\u00f1a que, en ese entonces, ten\u00eda 12 a\u00f1os.<\/p>\n<p style=\"text-align: justify;\">Durante el transcurso de la investigaci\u00f3n y tras diversas diligencias, se presentaron los medios de prueba necesarios para acreditar la comisi\u00f3n del delito, \u201cse logr\u00f3 posicionar al imputado en el sitio de suceso, mediante an\u00e1lisis de c\u00e1maras de vigilancia, ubicaci\u00f3n y obtenci\u00f3n de declaraciones de testigos y del imputado, asimismo, an\u00e1lisis de evidencia biol\u00f3gica obtenida con el Laboratorio de Criminal\u00edstica Regional, logrando acreditar el delito con lo que el Ministerio P\u00fablico tuvo los medios probatorios necesarios para formalizar la investigaci\u00f3n, llevar a juicio y obtener la condena del imputado\u201d, puntualiz\u00f3 la oficial policial.<\/p>\n<p style=\"text-align: justify;\">Sobre este tipo de hechos, desde la PDI realizaron un llamado a denunciar de manera oportuna, lo que permitir\u00e1 iniciar las indagatorias coordinadas entre la Fiscal\u00eda y la Polic\u00eda de Investigaciones de Chile para el esclarecimiento de los hechos.<\/p>\n<p style=\"text-align: justify;\">Finalmente, como recomendaci\u00f3n frente al grooming, desde la BRISEX Coyhaique destacaron que la educaci\u00f3n en la protecci\u00f3n de la intimidad y privacidad frente a desconocidos, el resguardo de los datos personales y antecedentes familiares, la comunicaci\u00f3n para generar lazos de la confianza y la utilizaci\u00f3n de herramientas de control parental, son algunas alternativas para evitar que los ni\u00f1os, ni\u00f1as y adolescentes sufran la vulneraci\u00f3n de sus derechos.<\/p>\n<\/div><\/section><\/div>\n<div  style='height:50px' class='hr hr-invisible   avia-builder-el-6  el_after_av_one_full  el_before_av_social_share '><span class='hr-inner ' ><span class='hr-inner-style'><\/span><\/span><\/div>\n<div  class='av-social-sharing-box  avia-builder-el-7  el_after_av_hr  el_before_av_hr  '><div class='av-share-box'><h5 class='av-share-link-description av-no-toc '>Compartir esta noticia<\/h5><ul class='av-share-box-list noLightbox'><li class='av-share-link av-social-link-facebook' ><a target=\"_blank\" aria-label=\"Compartir en Facebook\" href='https:\/\/www.facebook.com\/sharer.php?u=https:\/\/radiorevelacionfm.cl\/?p=36315&#038;t=Detienen%20a%20sujeto%20de%2024%20a%C3%B1os%2C%20quien%20manten%C3%ADa%20una%20orden%20de%20detenci%C3%B3n%20vigente%20por%20el%20delito%20de%20violaci%C3%B3n' aria-hidden='false' data-av_icon='\ue8f3' data-av_iconfont='entypo-fontello' title='' data-avia-related-tooltip='Compartir en Facebook' rel=\"noopener\"><span class='avia_hidden_link_text'>Compartir en Facebook<\/span><\/a><\/li><li class='av-share-link av-social-link-twitter' ><a target=\"_blank\" aria-label=\"Compartir en Twitter\" href='https:\/\/twitter.com\/share?text=Detienen%20a%20sujeto%20de%2024%20a%C3%B1os%2C%20quien%20manten%C3%ADa%20una%20orden%20de%20detenci%C3%B3n%20vigente%20por%20el%20delito%20de%20violaci%C3%B3n&#038;url=https:\/\/radiorevelacionfm.cl\/?p=36315' aria-hidden='false' data-av_icon='\ue8f1' data-av_iconfont='entypo-fontello' title='' data-avia-related-tooltip='Compartir en Twitter' rel=\"noopener\"><span class='avia_hidden_link_text'>Compartir en Twitter<\/span><\/a><\/li><li class='av-share-link av-social-link-whatsapp' ><a target=\"_blank\" aria-label=\"Compartir en Whatsapp\" href='https:\/\/api.whatsapp.com\/send?text=https:\/\/radiorevelacionfm.cl\/?p=36315' aria-hidden='false' data-av_icon='\uf232' data-av_iconfont='entypo-fontello' title='' data-avia-related-tooltip='Compartir en Whatsapp' rel=\"noopener\"><span class='avia_hidden_link_text'>Compartir en Whatsapp<\/span><\/a><\/li><li class='av-share-link av-social-link-linkedin' ><a target=\"_blank\" aria-label=\"Compartir en LinkedIn\" href='https:\/\/linkedin.com\/shareArticle?mini=true&#038;title=Detienen%20a%20sujeto%20de%2024%20a%C3%B1os%2C%20quien%20manten%C3%ADa%20una%20orden%20de%20detenci%C3%B3n%20vigente%20por%20el%20delito%20de%20violaci%C3%B3n&#038;url=https:\/\/radiorevelacionfm.cl\/?p=36315' aria-hidden='false' data-av_icon='\ue8fc' data-av_iconfont='entypo-fontello' title='' data-avia-related-tooltip='Compartir en LinkedIn' rel=\"noopener\"><span class='avia_hidden_link_text'>Compartir en LinkedIn<\/span><\/a><\/li><li class='av-share-link av-social-link-mail' ><a  aria-label=\"Compartir por correo\" href='mailto:?subject=Detienen%20a%20sujeto%20de%2024%20a%C3%B1os%2C%20quien%20manten%C3%ADa%20una%20orden%20de%20detenci%C3%B3n%20vigente%20por%20el%20delito%20de%20violaci%C3%B3n&#038;body=https:\/\/radiorevelacionfm.cl\/?p=36315' aria-hidden='false' data-av_icon='\ue805' data-av_iconfont='entypo-fontello' title='' data-avia-related-tooltip='Compartir por correo'><span class='avia_hidden_link_text'>Compartir por correo<\/span><\/a><\/li><\/ul><\/div><\/div>\n<div  style='height:50px' class='hr hr-invisible   avia-builder-el-8  el_after_av_social_share  el_before_av_comments_list '><span class='hr-inner ' ><span class='hr-inner-style'><\/span><\/span><\/div>\n<div  class='av-buildercomment  av-blog-meta-html-info-disabled av-blog-meta-tag-disabled  '><\/div>\n","protected":false},"excerpt":{"rendered":"","protected":false},"author":1,"featured_media":9546,"comment_status":"open","ping_status":"open","sticky":false,"template":"","format":"standard","meta":{"footnotes":""},"categories":[36],"tags":[],"class_list":["post-36315","post","type-post","status-publish","format-standard","has-post-thumbnail","hentry","category-policial"],"jetpack_featured_media_url":"https:\/\/radiorevelacionfm.cl\/wp-content\/uploads\/2021\/10\/PDI-11.01.21-1-1.jpg","_links":{"self":[{"href":"https:\/\/radiorevelacionfm.cl\/index.php?rest_route=\/wp\/v2\/posts\/36315","targetHints":{"allow":["GET"]}}],"collection":[{"href":"https:\/\/radiorevelacionfm.cl\/index.php?rest_route=\/wp\/v2\/posts"}],"about":[{"href":"https:\/\/radiorevelacionfm.cl\/index.php?rest_route=\/wp\/v2\/types\/post"}],"author":[{"embeddable":true,"href":"https:\/\/radiorevelacionfm.cl\/index.php?rest_route=\/wp\/v2\/users\/1"}],"replies":[{"embeddable":true,"href":"https:\/\/radiorevelacionfm.cl\/index.php?rest_route=%2Fwp%2Fv2%2Fcomments&post=36315"}],"version-history":[{"count":4,"href":"https:\/\/radiorevelacionfm.cl\/index.php?rest_route=\/wp\/v2\/posts\/36315\/revisions"}],"predecessor-version":[{"id":36327,"href":"https:\/\/radiorevelacionfm.cl\/index.php?rest_route=\/wp\/v2\/posts\/36315\/revisions\/36327"}],"wp:featuredmedia":[{"embeddable":true,"href":"https:\/\/radiorevelacionfm.cl\/index.php?rest_route=\/wp\/v2\/media\/9546"}],"wp:attachment":[{"href":"https:\/\/radiorevelacionfm.cl\/index.php?rest_route=%2Fwp%2Fv2%2Fmedia&parent=36315"}],"wp:term":[{"taxonomy":"category","embeddable":true,"href":"https:\/\/radiorevelacionfm.cl\/index.php?rest_route=%2Fwp%2Fv2%2Fcategories&post=36315"},{"taxonomy":"post_tag","embeddable":true,"href":"https:\/\/radiorevelacionfm.cl\/index.php?rest_route=%2Fwp%2Fv2%2Ftags&post=36315"}],"curies":[{"name":"wp","href":"https:\/\/api.w.org\/{rel}","templated":true}]}}