{"id":36311,"date":"2023-10-26T16:03:06","date_gmt":"2023-10-26T19:03:06","guid":{"rendered":"https:\/\/radiorevelacionfm.cl\/?p=36311"},"modified":"2023-10-26T16:03:06","modified_gmt":"2023-10-26T19:03:06","slug":"gobernadora-lamenta-rechazo-en-el-core-a-proyecto-de-buses-electricos-para-coyhaique-no-estar-en-sintonia-con-los-problemas-de-las-personas-es-pecado-capital-en-politica","status":"publish","type":"post","link":"https:\/\/radiorevelacionfm.cl\/?p=36311","title":{"rendered":"Gobernadora lamenta rechazo en el CORE a proyecto de buses el\u00e9ctricos para Coyhaique: \u00abNo estar en sinton\u00eda con los problemas de las personas es pecado capital en pol\u00edtica\u00bb"},"content":{"rendered":"<div class=\"flex_column av_one_full  flex_column_div av-zero-column-padding first  avia-builder-el-0  el_before_av_one_full  avia-builder-el-first  \" style='border-radius:0px; '><div  class='avia-image-container  av-styling-    avia-builder-el-1  avia-builder-el-no-sibling  avia-align-center '  itemprop=\"image\" itemscope=\"itemscope\" itemtype=\"https:\/\/schema.org\/ImageObject\"  ><div class='avia-image-container-inner'><div class='avia-image-overlay-wrap'><img decoding=\"async\" class='wp-image-36312 avia-img-lazy-loading-not-36312 avia_image' src=\"https:\/\/radiorevelacionfm.cl\/wp-content\/uploads\/2023\/10\/BUSES-COY-1-1-1.jpeg\" alt='' title='BUSES COY 1 (1) (1)' height=\"600\" width=\"1067\"  itemprop=\"thumbnailUrl\" srcset=\"https:\/\/radiorevelacionfm.cl\/wp-content\/uploads\/2023\/10\/BUSES-COY-1-1-1.jpeg 1067w, https:\/\/radiorevelacionfm.cl\/wp-content\/uploads\/2023\/10\/BUSES-COY-1-1-1-300x169.jpeg 300w, https:\/\/radiorevelacionfm.cl\/wp-content\/uploads\/2023\/10\/BUSES-COY-1-1-1-1030x579.jpeg 1030w, https:\/\/radiorevelacionfm.cl\/wp-content\/uploads\/2023\/10\/BUSES-COY-1-1-1-768x432.jpeg 768w, https:\/\/radiorevelacionfm.cl\/wp-content\/uploads\/2023\/10\/BUSES-COY-1-1-1-705x396.jpeg 705w, https:\/\/radiorevelacionfm.cl\/wp-content\/uploads\/2023\/10\/BUSES-COY-1-1-1-450x253.jpeg 450w, https:\/\/radiorevelacionfm.cl\/wp-content\/uploads\/2023\/10\/BUSES-COY-1-1-1-600x337.jpeg 600w\" sizes=\"(max-width: 1067px) 100vw, 1067px\" \/><\/div><\/div><\/div><\/div><div class=\"flex_column av_one_full  flex_column_div av-zero-column-padding first  avia-builder-el-2  el_after_av_one_full  el_before_av_one_full  column-top-margin\" style='border-radius:0px; '><section class=\"av_textblock_section \"  itemscope=\"itemscope\" itemtype=\"https:\/\/schema.org\/BlogPosting\" itemprop=\"blogPost\" ><div class='avia_textblock  '   itemprop=\"text\" ><p style=\"text-align: center;\"><strong><span style=\"font-size: 18pt;\">Gobernadora lamenta rechazo en el CORE a proyecto de buses el\u00e9ctricos para Coyhaique: \u00abNo estar en sinton\u00eda con los problemas de las personas es pecado capital en pol\u00edtica\u00bb<\/span><\/strong><\/p>\n<div id=\"gtx-trans\" style=\"position: absolute; left: -50px; top: 4.31534px;\">\n<div class=\"gtx-trans-icon\"><\/div>\n<\/div>\n<\/div><\/section><\/div><div class=\"flex_column av_one_full  flex_column_div av-zero-column-padding first  avia-builder-el-4  el_after_av_one_full  el_before_av_hr  column-top-margin\" style='border-radius:0px; '><section class=\"av_textblock_section \"  itemscope=\"itemscope\" itemtype=\"https:\/\/schema.org\/BlogPosting\" itemprop=\"blogPost\" ><div class='avia_textblock  '   itemprop=\"text\" ><p dir=\"ltr\" style=\"text-align: justify;\">Este mi\u00e9rcoles el Pleno del Consejo Regional rechaz\u00f3 la iniciativa propuesta por el Ejecutivo, liderado por la Gobernadora Andrea Mac\u00edas Palma, que contemplaba dotar a la comuna de Coyhaique de buses el\u00e9ctricos, para proveer a la poblaci\u00f3n de un sistema de transporte p\u00fablico acorde a las necesidades locales, una demanda hist\u00f3rica de quienes habitan la capital de la Regi\u00f3n de Ays\u00e9n.<\/p>\n<p dir=\"ltr\" style=\"text-align: justify;\">Tras el t\u00e9rmino de la sesi\u00f3n, la m\u00e1xima autoridad regional critic\u00f3 abiertamente la decisi\u00f3n de los Consejeros y Consejeras que votaron en contra o que se abstuvieron, declarando en la misma sala que \u00abno estar en sinton\u00eda con los problemas de las personas es pecado capital en pol\u00edtica\u00bb.<\/p>\n<p dir=\"ltr\" style=\"text-align: justify;\">\u00abHa existido un trabajo de nueve a\u00f1os, este es un proyecto que no nace con esta administraci\u00f3n, un proyecto que ha venido desarrollando el Ministerio de Transporte y que ven\u00eda a dar soluci\u00f3n al gran problema de transporte p\u00fablico, de congesti\u00f3n y contaminaci\u00f3n que existe en la ciudad de Coyhaique\u00bb, se\u00f1al\u00f3.<\/p>\n<p dir=\"ltr\" style=\"text-align: justify;\">A favor de la iniciativa se manifestaron las Consejeras Regionales Paula Acu\u00f1a (CS), Marisol Mart\u00ednez (PS) y Paulina Hern\u00e1ndez (DC), los Consejeros Rocco Martiniello (DC) y Sergio Gonz\u00e1lez (DC), y la Gobernadora Andrea Mac\u00edas (PS). Por su parte, votaron en contra del proyecto las Consejeras Lilian Inostroza (UDI), Mar\u00eda Loreta Villegas (Ev\u00f3poli) y Paola Rodr\u00edguez (RN), los Consejeros V\u00edctor Escobar (UDI), Omar Mu\u00f1oz (UDI), Ra\u00fal Rudolphi (RN), Marco Gillibrand (Ev\u00f3poli) y Jorge Abello (DC), mientras que el Consejero Felipe Klein (DC) opt\u00f3 por abstenerse.<\/p>\n<p dir=\"ltr\" style=\"text-align: justify;\">\u00abComo Ejecutivo lamento profundamente estas miradas, que considero que son mezquinas, que se dan en un contexto que tiene una l\u00f3gica pol\u00edtica peque\u00f1a, y que no mira en profundidad la necesidad. Hoy d\u00eda las personas mayores, las personas con discapacidad, los y las estudiantes, los trabajadores, aquellos que no tienen veh\u00edculo, aquellos que andan a pata, que bajan desde el sector alto de Coyhaique a sus trabajos, todas esas personas se han visto afectadas tras este portazo que le dieron algunos Consejeros y Consejeras Regionales a esta iniciativa\u00bb, asegur\u00f3 la Gobernadora de Ays\u00e9n.<\/p>\n<p dir=\"ltr\" style=\"text-align: justify;\">Desde la sociedad civil, tambi\u00e9n cuestion\u00f3 la decisi\u00f3n de quienes se opusieron a este proyecto la presidenta del Consejo de Desarrollo del Hospital de Coyhaique, Margarita Arismendi: \u00abPens\u00e9 que los Consejeros que hemos elegido eran personas con capacidad de ver la necesidad real de la poblaci\u00f3n. Nosotros, las personas con discapacidad necesitamos mucho este tipo de locomoci\u00f3n (&#8230;) las mam\u00e1s que van con sus beb\u00e9s, los abuelos. Entonces, \u00bfd\u00f3nde est\u00e1 la accesibilidad que ellos pregonan y la inclusi\u00f3n para toda la poblaci\u00f3n?\u00bb.<\/p>\n<p dir=\"ltr\" style=\"text-align: justify;\">La iniciativa, que contemplaba una inversi\u00f3n de m\u00e1s de $15 mil millones desde el Gobierno Regional, y m\u00e1s de $25 mil millones desde el Ministerio de Transporte, tambi\u00e9n cont\u00f3 con una amplia participaci\u00f3n ciudadana, que llev\u00f3 a modificar el proyecto con solicitudes emanadas desde las mismas comunidades, incluyendo en los recorridos trayectos que abarcaban las localidades de Valle Simpson, Villa Frei, El Claro y los sectores altos de la ciudad de Coyhaique, entre otros puntos.<\/p>\n<p dir=\"ltr\" style=\"text-align: justify;\">Dentro de quienes rechazaron la propuesta, el Consejero Regional Jorge Abello plante\u00f3 que existen dos situaciones por las que \u00e9l y otros de sus pares no dieron el visto bueno. \u00abPrimero, esto tiene que ser financiado con recursos del sector, del Ministerio de Transportes. El Transantiago se ha llevado billones de pesos en todos estos a\u00f1os, por tanto, lo que se pide al Gobierno Regional, o lo que costar\u00eda en la regi\u00f3n, es \u00ednfimo respecto de lo que se ha aportado para otros sistemas de transporte. Y en segundo t\u00e9rmino, tienen que haber proyectos en paralelo (&#8230;) no hay nada concreto respecto de calles, tr\u00e1nsito y situaciones que advierten que esto todav\u00eda no est\u00e1 maduro\u00bb, manifest\u00f3.<\/p>\n<p dir=\"ltr\" style=\"text-align: justify;\">Por el contrario, el Consejero Rocco Martiniello, respondi\u00f3 estos argumentos asegurando que \u00abestos 37 buses el\u00e9ctricos, que generan m\u00e1s de 100 empleos, solamente con los conductores, que generan movimiento a las poblaciones, a los escolares, a los adultos mayores, hoy d\u00eda los vemos nulos, porque hay un sector que dice &#8216;no, es que las calles est\u00e1n malas, que hay que cambiar los paraderos&#8217;. \u00a1Pero si eso se puede hacer! Hay 14 FRIL que est\u00e1n en poder del alcalde, hay que tener confianza con nuestras autoridades\u00bb.<\/p>\n<p dir=\"ltr\" style=\"text-align: justify;\">En ese sentido, el seremi de Transportes de Ays\u00e9n, Hans Zimmermann, recalc\u00f3 que \u00ablos argumentos que se\u00f1alaban aquellos Consejeros que se opusieron a esta iniciativa ten\u00edan relaci\u00f3n con la falta de infraestructura vial y el estado de las calles para que puedan circular los buses, y esas son cuestiones que se estaban trabajando en paralelo, con el municipio y el Serviu, para avanzar justamente en lo que tiene que ver con la estructura habilitante. Estaba considerado dentro del cronograma de nuestra iniciativa, y por eso lo lamentamos mucho, porque creemos que los argumentos no eran suficientes para darle la espalda as\u00ed, de esta manera tan rotunda y categ\u00f3rica a los vecinos y vecinas de nuestra comuna, y en particular a los adultos mayores\u00bb.<\/p>\n<\/div><\/section><\/div><div  style='height:50px' class='hr hr-invisible   avia-builder-el-6  el_after_av_one_full  el_before_av_social_share '><span class='hr-inner ' ><span class='hr-inner-style'><\/span><\/span><\/div><\/p>\n<div  class='av-social-sharing-box  avia-builder-el-7  el_after_av_hr  el_before_av_hr  '><div class='av-share-box'><h5 class='av-share-link-description av-no-toc '>Compartir esta noticia<\/h5><ul class='av-share-box-list noLightbox'><li class='av-share-link av-social-link-facebook' ><a target=\"_blank\" aria-label=\"Compartir en Facebook\" href='https:\/\/www.facebook.com\/sharer.php?u=https:\/\/radiorevelacionfm.cl\/?p=36311&#038;t=Gobernadora%20lamenta%20rechazo%20en%20el%20CORE%20a%20proyecto%20de%20buses%20el%C3%A9ctricos%20para%20Coyhaique%3A%20%C2%ABNo%20estar%20en%20sinton%C3%ADa%20con%20los%20problemas%20de%20las%20personas%20es%20pecado%20capital%20en%20pol%C3%ADtica%C2%BB' aria-hidden='false' data-av_icon='\ue8f3' data-av_iconfont='entypo-fontello' title='' data-avia-related-tooltip='Compartir en Facebook' rel=\"noopener\"><span class='avia_hidden_link_text'>Compartir en Facebook<\/span><\/a><\/li><li class='av-share-link av-social-link-twitter' ><a target=\"_blank\" aria-label=\"Compartir en Twitter\" href='https:\/\/twitter.com\/share?text=Gobernadora%20lamenta%20rechazo%20en%20el%20CORE%20a%20proyecto%20de%20buses%20el%C3%A9ctricos%20para%20Coyhaique%3A%20%C2%ABNo%20estar%20en%20sinton%C3%ADa%20con%20los%20problemas%20de%20las%20personas%20es%20pecado%20capital%20en%20pol%C3%ADtica%C2%BB&#038;url=https:\/\/radiorevelacionfm.cl\/?p=36311' aria-hidden='false' data-av_icon='\ue8f1' data-av_iconfont='entypo-fontello' title='' data-avia-related-tooltip='Compartir en Twitter' rel=\"noopener\"><span class='avia_hidden_link_text'>Compartir en Twitter<\/span><\/a><\/li><li class='av-share-link av-social-link-whatsapp' ><a target=\"_blank\" aria-label=\"Compartir en Whatsapp\" href='https:\/\/api.whatsapp.com\/send?text=https:\/\/radiorevelacionfm.cl\/?p=36311' aria-hidden='false' data-av_icon='\uf232' data-av_iconfont='entypo-fontello' title='' data-avia-related-tooltip='Compartir en Whatsapp' rel=\"noopener\"><span class='avia_hidden_link_text'>Compartir en Whatsapp<\/span><\/a><\/li><li class='av-share-link av-social-link-linkedin' ><a target=\"_blank\" aria-label=\"Compartir en LinkedIn\" href='https:\/\/linkedin.com\/shareArticle?mini=true&#038;title=Gobernadora%20lamenta%20rechazo%20en%20el%20CORE%20a%20proyecto%20de%20buses%20el%C3%A9ctricos%20para%20Coyhaique%3A%20%C2%ABNo%20estar%20en%20sinton%C3%ADa%20con%20los%20problemas%20de%20las%20personas%20es%20pecado%20capital%20en%20pol%C3%ADtica%C2%BB&#038;url=https:\/\/radiorevelacionfm.cl\/?p=36311' aria-hidden='false' data-av_icon='\ue8fc' data-av_iconfont='entypo-fontello' title='' data-avia-related-tooltip='Compartir en LinkedIn' rel=\"noopener\"><span class='avia_hidden_link_text'>Compartir en LinkedIn<\/span><\/a><\/li><li class='av-share-link av-social-link-mail' ><a  aria-label=\"Compartir por correo\" href='mailto:?subject=Gobernadora%20lamenta%20rechazo%20en%20el%20CORE%20a%20proyecto%20de%20buses%20el%C3%A9ctricos%20para%20Coyhaique%3A%20%C2%ABNo%20estar%20en%20sinton%C3%ADa%20con%20los%20problemas%20de%20las%20personas%20es%20pecado%20capital%20en%20pol%C3%ADtica%C2%BB&#038;body=https:\/\/radiorevelacionfm.cl\/?p=36311' aria-hidden='false' data-av_icon='\ue805' data-av_iconfont='entypo-fontello' title='' data-avia-related-tooltip='Compartir por correo'><span class='avia_hidden_link_text'>Compartir por correo<\/span><\/a><\/li><\/ul><\/div><\/div>\n<div  style='height:50px' class='hr hr-invisible   avia-builder-el-8  el_after_av_social_share  el_before_av_comments_list '><span class='hr-inner ' ><span class='hr-inner-style'><\/span><\/span><\/div>\n<div  class='av-buildercomment  av-blog-meta-html-info-disabled av-blog-meta-tag-disabled  '><\/div>\n","protected":false},"excerpt":{"rendered":"","protected":false},"author":1,"featured_media":36312,"comment_status":"open","ping_status":"open","sticky":false,"template":"","format":"standard","meta":{"footnotes":""},"categories":[38],"tags":[],"class_list":["post-36311","post","type-post","status-publish","format-standard","has-post-thumbnail","hentry","category-regional"],"jetpack_featured_media_url":"https:\/\/radiorevelacionfm.cl\/wp-content\/uploads\/2023\/10\/BUSES-COY-1-1-1.jpeg","_links":{"self":[{"href":"https:\/\/radiorevelacionfm.cl\/index.php?rest_route=\/wp\/v2\/posts\/36311","targetHints":{"allow":["GET"]}}],"collection":[{"href":"https:\/\/radiorevelacionfm.cl\/index.php?rest_route=\/wp\/v2\/posts"}],"about":[{"href":"https:\/\/radiorevelacionfm.cl\/index.php?rest_route=\/wp\/v2\/types\/post"}],"author":[{"embeddable":true,"href":"https:\/\/radiorevelacionfm.cl\/index.php?rest_route=\/wp\/v2\/users\/1"}],"replies":[{"embeddable":true,"href":"https:\/\/radiorevelacionfm.cl\/index.php?rest_route=%2Fwp%2Fv2%2Fcomments&post=36311"}],"version-history":[{"count":1,"href":"https:\/\/radiorevelacionfm.cl\/index.php?rest_route=\/wp\/v2\/posts\/36311\/revisions"}],"predecessor-version":[{"id":36313,"href":"https:\/\/radiorevelacionfm.cl\/index.php?rest_route=\/wp\/v2\/posts\/36311\/revisions\/36313"}],"wp:featuredmedia":[{"embeddable":true,"href":"https:\/\/radiorevelacionfm.cl\/index.php?rest_route=\/wp\/v2\/media\/36312"}],"wp:attachment":[{"href":"https:\/\/radiorevelacionfm.cl\/index.php?rest_route=%2Fwp%2Fv2%2Fmedia&parent=36311"}],"wp:term":[{"taxonomy":"category","embeddable":true,"href":"https:\/\/radiorevelacionfm.cl\/index.php?rest_route=%2Fwp%2Fv2%2Fcategories&post=36311"},{"taxonomy":"post_tag","embeddable":true,"href":"https:\/\/radiorevelacionfm.cl\/index.php?rest_route=%2Fwp%2Fv2%2Ftags&post=36311"}],"curies":[{"name":"wp","href":"https:\/\/api.w.org\/{rel}","templated":true}]}}