{"id":36305,"date":"2023-10-26T15:13:18","date_gmt":"2023-10-26T18:13:18","guid":{"rendered":"https:\/\/radiorevelacionfm.cl\/?p=36305"},"modified":"2023-10-26T15:13:18","modified_gmt":"2023-10-26T18:13:18","slug":"universidad-de-aysen-abre-postulaciones-para-ingresar-por-admision-especial","status":"publish","type":"post","link":"https:\/\/radiorevelacionfm.cl\/?p=36305","title":{"rendered":"Universidad de Ays\u00e9n abre postulaciones para ingresar por Admisi\u00f3n Especial"},"content":{"rendered":"<div class=\"flex_column av_one_full  flex_column_div av-zero-column-padding first  avia-builder-el-0  el_before_av_one_full  avia-builder-el-first  \" style='border-radius:0px; '><div  class='avia-image-container  av-styling-    avia-builder-el-1  avia-builder-el-no-sibling  avia-align-center '  itemprop=\"image\" itemscope=\"itemscope\" itemtype=\"https:\/\/schema.org\/ImageObject\"  ><div class='avia-image-container-inner'><div class='avia-image-overlay-wrap'><img decoding=\"async\" class='wp-image-36306 avia-img-lazy-loading-not-36306 avia_image' src=\"https:\/\/radiorevelacionfm.cl\/wp-content\/uploads\/2023\/10\/IMG_3624-1-1.jpg\" alt='' title='IMG_3624 (1) (1)' height=\"600\" width=\"900\"  itemprop=\"thumbnailUrl\" srcset=\"https:\/\/radiorevelacionfm.cl\/wp-content\/uploads\/2023\/10\/IMG_3624-1-1.jpg 900w, https:\/\/radiorevelacionfm.cl\/wp-content\/uploads\/2023\/10\/IMG_3624-1-1-300x200.jpg 300w, https:\/\/radiorevelacionfm.cl\/wp-content\/uploads\/2023\/10\/IMG_3624-1-1-768x512.jpg 768w, https:\/\/radiorevelacionfm.cl\/wp-content\/uploads\/2023\/10\/IMG_3624-1-1-705x470.jpg 705w, https:\/\/radiorevelacionfm.cl\/wp-content\/uploads\/2023\/10\/IMG_3624-1-1-450x300.jpg 450w, https:\/\/radiorevelacionfm.cl\/wp-content\/uploads\/2023\/10\/IMG_3624-1-1-600x400.jpg 600w\" sizes=\"(max-width: 900px) 100vw, 900px\" \/><\/div><\/div><\/div><\/div><div class=\"flex_column av_one_full  flex_column_div av-zero-column-padding first  avia-builder-el-2  el_after_av_one_full  el_before_av_one_full  column-top-margin\" style='border-radius:0px; '><section class=\"av_textblock_section \"  itemscope=\"itemscope\" itemtype=\"https:\/\/schema.org\/BlogPosting\" itemprop=\"blogPost\" ><div class='avia_textblock  '   itemprop=\"text\" ><p class=\"v1MsoNormal\" style=\"text-align: center;\" align=\"center\"><span style=\"font-size: 18pt;\"><b>Universidad de Ays\u00e9n abre postulaciones <\/b><b>para ingresar por Admisi\u00f3n Especial<\/b><\/span><\/p>\n<div id=\"gtx-trans\" style=\"position: absolute; left: -50px; top: 4.31534px;\">\n<div class=\"gtx-trans-icon\"><\/div>\n<\/div>\n<\/div><\/section><\/div><div class=\"flex_column av_one_full  flex_column_div av-zero-column-padding first  avia-builder-el-4  el_after_av_one_full  el_before_av_hr  column-top-margin\" style='border-radius:0px; '><section class=\"av_textblock_section \"  itemscope=\"itemscope\" itemtype=\"https:\/\/schema.org\/BlogPosting\" itemprop=\"blogPost\" ><div class='avia_textblock  '   itemprop=\"text\" ><p class=\"v1MsoNormal\" style=\"text-align: justify;\"><em>Son 28 vacantes para esta v\u00eda de ingreso que se presenta como una oportunidad para que los j\u00f3venes que cuenten con situaciones o talentos especiales puedan ingresar a la Educaci\u00f3n Superior en su regi\u00f3n.<\/em><\/p>\n<p class=\"v1MsoNormal\" style=\"text-align: justify;\">Con la finalidad de entregar mayores oportunidades \u00a0a los y las j\u00f3venes y promover el acceso inclusivo a la Educaci\u00f3n Superior, la Universidad de Ays\u00e9n abri\u00f3 el proceso de postulaciones para ingresar a la casa de estudios estatal por la v\u00eda de\u00a0Admisi\u00f3n\u00a0Especial\u00a02024, la que se encontrar\u00e1 abierta hasta el 29 de diciembre del presente a\u00f1o y para la cual se cuenta con 28 vacantes en las ocho carreras que imparte la casa de estudios regional.<\/p>\n<p class=\"v1MsoNormal\" style=\"text-align: justify;\">David V\u00e1squez, Coordinador de\u00a0Admisi\u00f3n\u00a0de la Universidad de Ays\u00e9n, se\u00f1al\u00f3 que la v\u00eda de\u00a0Admisi\u00f3n\u00a0Especial, establece criterios de selecci\u00f3n que se basan en m\u00e9ritos no medidos necesariamente en las pruebas de acceso estandarizadas como la PAES. \u00abConsideramos criterios de Inclusi\u00f3n, de Diversidad, de ciertas circunstancias especiales que pueden sucederle a los estudiantes y tambi\u00e9n esta v\u00eda considera lo que nos identifica, es decir, el Sello Regional. Por lo mismo, tenemos diversos criterios, como les dec\u00eda, dentro de la Inclusi\u00f3n est\u00e1 la Equidad de G\u00e9nero y de pertenencia a Pueblos Originarios, por mencionar algunos. Los interesados pueden ver el detalle de cada uno de los criterios en la p\u00e1gina web de la universidad en el link de Admisi\u00f3n en\u00a0<a href=\"http:\/\/www.uaysen.cl.-\/\" target=\"_blank\" rel=\"noopener noreferrer\">www.uaysen.cl<\/a>\u00a0Es importante que vean los requisitos espec\u00edficos \u00a0y una vez que los estudiantes o alg\u00fan egresado que quiere postular a cualquiera de las carreras encuentra un criterio califica, tiene que adjuntar la documentaci\u00f3n espec\u00edfica para poder postular\u00bb, especific\u00f3.<\/p>\n<p class=\"v1MsoNormal\" style=\"text-align: justify;\">Cabe se\u00f1alar que para el sistema de\u00a0Admisi\u00f3n\u00a0Especial\u00a0de la UAys\u00e9n se han definido cuatro criterios de selecci\u00f3n. El primero de ellos la Inclusi\u00f3n, que involucra la variable de Equidad de G\u00e9nero, con la finalidad de mejorar la participaci\u00f3n equilibrada de g\u00e9nero en la comunidad estudiantil, relevante en las carreras de las \u00e1reas de Ingenier\u00eda y Salud; y la v\u00eda \u00a0por Discapacidad, destinada a j\u00f3venes que presenten alg\u00fan tipo de discapacidad motora, visual o auditiva y que sea compatible con la carrera a la que se pretende acceder.<\/p>\n<p class=\"v1MsoNormal\" style=\"text-align: justify;\">El segundo criterio del Sistema de Admisi\u00f3n Especial de la Universidad de Ays\u00e9n es la Diversidad, al que j\u00f3venes con Talentos Especiales como art\u00edsticos, culturales, deportivos, ciencias o liderazgo, pueden postular. Tambi\u00e9n al alero de este criterio se encuentra la oportunidad para que los j\u00f3venes pertenecientes a Pueblos Originarios puedan optar a la UAys\u00e9n.<\/p>\n<p class=\"v1MsoNormal\" style=\"text-align: justify;\">Como tercer criterio se encuentra la Pertinencia Regional, en el que se encuentra el Sello Regional dirigido a j\u00f3venes egresados de establecimientos p\u00fablicos, subvencionados o de educaci\u00f3n de adultos de la regi\u00f3n de Ays\u00e9n, que provengan de hogares pertenecientes al 60% de menores ingresos del pa\u00eds. Tambi\u00e9n bajo el criterio Regional se encuentra el de J\u00f3venes de Colegios Extremos de la Regi\u00f3n de Ays\u00e9n para los\/as que hayan cursado su educaci\u00f3n media en establecimientos educacionales aislados geogr\u00e1ficamente en la Regi\u00f3n de Ays\u00e9n y Sello Regional.<\/p>\n<p class=\"v1MsoNormal\" style=\"text-align: justify;\">El \u00faltimo criterio de la\u00a0Admisi\u00f3n\u00a0Especial\u00a0de la UAys\u00e9n es\u00a0 el llamado Contextos\u00a0Especiales, como lo son los j\u00f3venes que presenten una situaci\u00f3n familiar compleja, que provengan desde el extranjero o pertenezcan al programa\u00a0especial\u00a0de Conscriptos en Servicio Militar.<\/p>\n<p class=\"v1MsoNormal\" style=\"text-align: justify;\">Respecto al proceso de postulaci\u00f3n, David V\u00e1squez se\u00f1al\u00f3 que, \u00abes a trav\u00e9s de un formulario que se encuentra en l\u00ednea, que pueden encontrar en la p\u00e1gina web de la universidad y la ventaja de este es que pueden postular desde cualquier localidad de la regi\u00f3n y fuera de la regi\u00f3n, si bien es cierto esta es una v\u00eda que est\u00e1 especialmente dise\u00f1ada para estudiantes de la regi\u00f3n de Ays\u00e9n, tampoco cerramos las posibilidades a quienes quieran postular de cualquier otra regi\u00f3n del pa\u00eds. Por lo tanto, los interesados no tienen que desplazarse a la universidad; los documentos que acreditan y que califican en el criterio por el cual postulen, se pueden cargar en la p\u00e1gina e incluso hay algunos criterios por los cuales no necesitan subir documento adjunto, como por ejemplo el criterio de Equidad de G\u00e9nero que s\u00f3lo por el hecho de ser mujer puede postular a las carreras de Ingenier\u00edas y por el hecho de ser hombre puede postular a las carreras de Ciencias de la Salud que son Enfermer\u00eda y Obstetricia. Tampoco tienen que subir documentos quienes pertenecen a Liceos Extremos de la regi\u00f3n, que son todos aquellos que se encuentran fuera del eje Coyhaique a Puerto Ays\u00e9n\u00bb, enfatiz\u00f3.<\/p>\n<p class=\"v1MsoNormal\" style=\"text-align: justify;\">Finalmente, cabe se\u00f1alar que para mayores antecedentes y para participar del proceso de\u00a0Admisi\u00f3n\u00a0Especial\u00a0Universidad de Ays\u00e9n se\u00a0 debe ingresar al sitio web de la casa de estudios\u00a0<a href=\"https:\/\/www.uaysen.cl\/admision\/ingreso-uaysen\/admision-especial\" target=\"_blank\" rel=\"noopener noreferrer\">https:\/\/www.uaysen.cl\/admision\/ingreso-uaysen\/admision-especial<\/a>\u00a0y completar el formulario electr\u00f3nico de postulaci\u00f3n o contactarse al correo electr\u00f3nico\u00a0<a href=\"mailto:admision@uaysen.cl\" rel=\"noreferrer\">admision@uaysen.cl<\/a><\/p>\n<\/div><\/section><\/div><div  style='height:50px' class='hr hr-invisible   avia-builder-el-6  el_after_av_one_full  el_before_av_social_share '><span class='hr-inner ' ><span class='hr-inner-style'><\/span><\/span><\/div><\/p>\n<div  class='av-social-sharing-box  avia-builder-el-7  el_after_av_hr  el_before_av_hr  '><div class='av-share-box'><h5 class='av-share-link-description av-no-toc '>Compartir esta noticia<\/h5><ul class='av-share-box-list noLightbox'><li class='av-share-link av-social-link-facebook' ><a target=\"_blank\" aria-label=\"Compartir en Facebook\" href='https:\/\/www.facebook.com\/sharer.php?u=https:\/\/radiorevelacionfm.cl\/?p=36305&#038;t=Universidad%20de%20Ays%C3%A9n%20abre%20postulaciones%20para%20ingresar%20por%20Admisi%C3%B3n%20Especial' aria-hidden='false' data-av_icon='\ue8f3' data-av_iconfont='entypo-fontello' title='' data-avia-related-tooltip='Compartir en Facebook' rel=\"noopener\"><span class='avia_hidden_link_text'>Compartir en Facebook<\/span><\/a><\/li><li class='av-share-link av-social-link-twitter' ><a target=\"_blank\" aria-label=\"Compartir en Twitter\" href='https:\/\/twitter.com\/share?text=Universidad%20de%20Ays%C3%A9n%20abre%20postulaciones%20para%20ingresar%20por%20Admisi%C3%B3n%20Especial&#038;url=https:\/\/radiorevelacionfm.cl\/?p=36305' aria-hidden='false' data-av_icon='\ue8f1' data-av_iconfont='entypo-fontello' title='' data-avia-related-tooltip='Compartir en Twitter' rel=\"noopener\"><span class='avia_hidden_link_text'>Compartir en Twitter<\/span><\/a><\/li><li class='av-share-link av-social-link-whatsapp' ><a target=\"_blank\" aria-label=\"Compartir en Whatsapp\" href='https:\/\/api.whatsapp.com\/send?text=https:\/\/radiorevelacionfm.cl\/?p=36305' aria-hidden='false' data-av_icon='\uf232' data-av_iconfont='entypo-fontello' title='' data-avia-related-tooltip='Compartir en Whatsapp' rel=\"noopener\"><span class='avia_hidden_link_text'>Compartir en Whatsapp<\/span><\/a><\/li><li class='av-share-link av-social-link-linkedin' ><a target=\"_blank\" aria-label=\"Compartir en LinkedIn\" href='https:\/\/linkedin.com\/shareArticle?mini=true&#038;title=Universidad%20de%20Ays%C3%A9n%20abre%20postulaciones%20para%20ingresar%20por%20Admisi%C3%B3n%20Especial&#038;url=https:\/\/radiorevelacionfm.cl\/?p=36305' aria-hidden='false' data-av_icon='\ue8fc' data-av_iconfont='entypo-fontello' title='' data-avia-related-tooltip='Compartir en LinkedIn' rel=\"noopener\"><span class='avia_hidden_link_text'>Compartir en LinkedIn<\/span><\/a><\/li><li class='av-share-link av-social-link-mail' ><a  aria-label=\"Compartir por correo\" href='mailto:?subject=Universidad%20de%20Ays%C3%A9n%20abre%20postulaciones%20para%20ingresar%20por%20Admisi%C3%B3n%20Especial&#038;body=https:\/\/radiorevelacionfm.cl\/?p=36305' aria-hidden='false' data-av_icon='\ue805' data-av_iconfont='entypo-fontello' title='' data-avia-related-tooltip='Compartir por correo'><span class='avia_hidden_link_text'>Compartir por correo<\/span><\/a><\/li><\/ul><\/div><\/div>\n<div  style='height:50px' class='hr hr-invisible   avia-builder-el-8  el_after_av_social_share  el_before_av_comments_list '><span class='hr-inner ' ><span class='hr-inner-style'><\/span><\/span><\/div>\n<div  class='av-buildercomment  av-blog-meta-html-info-disabled av-blog-meta-tag-disabled  '><\/div>\n","protected":false},"excerpt":{"rendered":"","protected":false},"author":1,"featured_media":36306,"comment_status":"open","ping_status":"open","sticky":false,"template":"","format":"standard","meta":{"footnotes":""},"categories":[49],"tags":[],"class_list":["post-36305","post","type-post","status-publish","format-standard","has-post-thumbnail","hentry","category-educacion"],"jetpack_featured_media_url":"https:\/\/radiorevelacionfm.cl\/wp-content\/uploads\/2023\/10\/IMG_3624-1-1.jpg","_links":{"self":[{"href":"https:\/\/radiorevelacionfm.cl\/index.php?rest_route=\/wp\/v2\/posts\/36305","targetHints":{"allow":["GET"]}}],"collection":[{"href":"https:\/\/radiorevelacionfm.cl\/index.php?rest_route=\/wp\/v2\/posts"}],"about":[{"href":"https:\/\/radiorevelacionfm.cl\/index.php?rest_route=\/wp\/v2\/types\/post"}],"author":[{"embeddable":true,"href":"https:\/\/radiorevelacionfm.cl\/index.php?rest_route=\/wp\/v2\/users\/1"}],"replies":[{"embeddable":true,"href":"https:\/\/radiorevelacionfm.cl\/index.php?rest_route=%2Fwp%2Fv2%2Fcomments&post=36305"}],"version-history":[{"count":1,"href":"https:\/\/radiorevelacionfm.cl\/index.php?rest_route=\/wp\/v2\/posts\/36305\/revisions"}],"predecessor-version":[{"id":36307,"href":"https:\/\/radiorevelacionfm.cl\/index.php?rest_route=\/wp\/v2\/posts\/36305\/revisions\/36307"}],"wp:featuredmedia":[{"embeddable":true,"href":"https:\/\/radiorevelacionfm.cl\/index.php?rest_route=\/wp\/v2\/media\/36306"}],"wp:attachment":[{"href":"https:\/\/radiorevelacionfm.cl\/index.php?rest_route=%2Fwp%2Fv2%2Fmedia&parent=36305"}],"wp:term":[{"taxonomy":"category","embeddable":true,"href":"https:\/\/radiorevelacionfm.cl\/index.php?rest_route=%2Fwp%2Fv2%2Fcategories&post=36305"},{"taxonomy":"post_tag","embeddable":true,"href":"https:\/\/radiorevelacionfm.cl\/index.php?rest_route=%2Fwp%2Fv2%2Ftags&post=36305"}],"curies":[{"name":"wp","href":"https:\/\/api.w.org\/{rel}","templated":true}]}}