{"id":36302,"date":"2023-10-27T17:19:13","date_gmt":"2023-10-27T20:19:13","guid":{"rendered":"https:\/\/radiorevelacionfm.cl\/?p=36302"},"modified":"2023-10-27T17:27:42","modified_gmt":"2023-10-27T20:27:42","slug":"sandoval-espera-se-avance-en-compromiso-del-gobierno-de-pavimentar-140-kilometros-de-la-carretera-austral","status":"publish","type":"post","link":"https:\/\/radiorevelacionfm.cl\/?p=36302","title":{"rendered":"Sandoval espera se avance en compromiso del Gobierno de pavimentar 140 kil\u00f3metros de la Carretera Austral"},"content":{"rendered":"<div class=\"flex_column av_one_full  flex_column_div av-zero-column-padding first  avia-builder-el-0  el_before_av_one_full  avia-builder-el-first  \" style='border-radius:0px; '><div  class='avia-image-container  av-styling-    avia-builder-el-1  avia-builder-el-no-sibling  avia-align-center '  itemprop=\"image\" itemscope=\"itemscope\" itemtype=\"https:\/\/schema.org\/ImageObject\"  ><div class='avia-image-container-inner'><div class='avia-image-overlay-wrap'><img decoding=\"async\" class='wp-image-36338 avia-img-lazy-loading-not-36338 avia_image' src=\"https:\/\/radiorevelacionfm.cl\/wp-content\/uploads\/2023\/10\/Carretera-Austral-Sur-1-1.jpg\" alt='' title='Carretera Austral Sur (1) (1)' height=\"600\" width=\"800\"  itemprop=\"thumbnailUrl\" srcset=\"https:\/\/radiorevelacionfm.cl\/wp-content\/uploads\/2023\/10\/Carretera-Austral-Sur-1-1.jpg 800w, https:\/\/radiorevelacionfm.cl\/wp-content\/uploads\/2023\/10\/Carretera-Austral-Sur-1-1-300x225.jpg 300w, https:\/\/radiorevelacionfm.cl\/wp-content\/uploads\/2023\/10\/Carretera-Austral-Sur-1-1-768x576.jpg 768w, https:\/\/radiorevelacionfm.cl\/wp-content\/uploads\/2023\/10\/Carretera-Austral-Sur-1-1-705x529.jpg 705w, https:\/\/radiorevelacionfm.cl\/wp-content\/uploads\/2023\/10\/Carretera-Austral-Sur-1-1-450x338.jpg 450w, https:\/\/radiorevelacionfm.cl\/wp-content\/uploads\/2023\/10\/Carretera-Austral-Sur-1-1-600x450.jpg 600w\" sizes=\"(max-width: 800px) 100vw, 800px\" \/><\/div><\/div><\/div><\/div><div class=\"flex_column av_one_full  flex_column_div av-zero-column-padding first  avia-builder-el-2  el_after_av_one_full  el_before_av_one_full  column-top-margin\" style='border-radius:0px; '><section class=\"av_textblock_section \"  itemscope=\"itemscope\" itemtype=\"https:\/\/schema.org\/BlogPosting\" itemprop=\"blogPost\" ><div class='avia_textblock  '   itemprop=\"text\" ><p style=\"text-align: center;\"><span style=\"font-size: 18pt;\"><strong>Sandoval espera se avance en compromiso del Gobierno de pavimentar 140 kil\u00f3metros de la Carretera Austral<\/strong><\/span><\/p>\n<div id=\"gtx-trans\" style=\"position: absolute; left: -50px; top: 4.31534px;\">\n<div class=\"gtx-trans-icon\"><\/div>\n<\/div>\n<\/div><\/section><\/div><\/p>\n<div class=\"flex_column av_one_full  flex_column_div av-zero-column-padding first  avia-builder-el-4  el_after_av_one_full  el_before_av_hr  column-top-margin\" style='border-radius:0px; '><section class=\"av_textblock_section \"  itemscope=\"itemscope\" itemtype=\"https:\/\/schema.org\/BlogPosting\" itemprop=\"blogPost\" ><div class='avia_textblock  '   itemprop=\"text\" ><p style=\"text-align: justify;\"><em>Parlamentario pidi\u00f3 se incorpore este tema en protocolo de acuerdo que se suscribir\u00e1 con motivo del tr\u00e1mite del presupuesto del pr\u00f3ximo a\u00f1o para avanzar en esta iniciativa a partir de 2024.<\/em><\/p>\n<p style=\"text-align: justify;\">\u201cSi uno sumara Ays\u00e9n, Palena y Magallanes, estamos hablando de un tercio de Chile continental, donde vive menos del 2% de la poblaci\u00f3n del pa\u00eds y aportamos menos del 2% del Producto Interno Bruto (PIB)\u201d. As\u00ed lo se\u00f1al\u00f3 el senador David Sandoval durante el debate de la subcomsi\u00f3n mixta de Presupuesto 2024, que revisa los recursos destinados al Ministerio de Obras P\u00fablicas (MOP), para destacar la importancia que tiene la zona austral y la necesidad de avanzar en conectividad.<\/p>\n<p style=\"text-align: justify;\">Y esto, a partir del compromiso gubernamental, ratificado por el propio presidente Gabriel Boric a principios de este a\u00f1o, de pavimentar 140 Km. de la ruta 7 durante la actual administraci\u00f3n, para lo cual el parlamentario pidi\u00f3 se incorpore este tema en el protocolo de acuerdo que se suscribir\u00e1 con motivo del tr\u00e1mite del presupuesto del pr\u00f3ximo a\u00f1o y as\u00ed avanzar en esta iniciativa a partir de 2024.<\/p>\n<p style=\"text-align: justify;\">\u201cA todos los gobiernos le hemos planteado lo mismo\u201d, se\u00f1al\u00f3, en referencia a la necesidad de tener una ruta pavimentada y de conectar a la regi\u00f3n de Ays\u00e9n con el resto del pa\u00eds por v\u00eda terrestre, para lo cual el Gobierno anterior gener\u00f3 un compromiso de avanzar 50 kil\u00f3metros en la provincia de Palena, 50 km. desde Coyhaique hacia La Junta y otros 50 Km. de Villa Cerro Castillo al sur. \u201cFinalmente, en la regi\u00f3n, se materializaron 36 Km. de ese compromiso. Vino la pandemia, cerraron empresas\u201d, indic\u00f3.<\/p>\n<p style=\"text-align: justify;\">Y a ello se sum\u00f3 el compromiso de este Gobierno para avanzar en 140 kil\u00f3metros de camino, aunque ya pasados dos a\u00f1os \u201ctodav\u00eda no pavimentamos un metro de la ruta 7\u201d, si bien espera \u201cpodamos avanzar en el cumplimiento de este tema\u201d, diciendo que estar\u00e1 atento a los avances. \u201cSer\u00eda fundamental para nosotros como regi\u00f3n. Quiero destacar la voluntad y expresar la esperanza de que se cumplan con los 140 Km. que se manifestaron, porque ser\u00eda un avance desde todo punto de vista\u201d, afirm\u00f3.<\/p>\n<p style=\"text-align: justify;\">Adem\u00e1s, el legislador reiter\u00f3 la importancia de la decisi\u00f3n del Gobierno de asumir la construcci\u00f3n de la ruta 7 como un compromiso de Estado. \u201cEsto se logr\u00f3 despu\u00e9s de una batalla de muchos a\u00f1os\u201d, dijo, recordando que en el caso de la construcci\u00f3n del puente sobre el canal de Chacao, el GORE de la regi\u00f3n de Los Lagos \u201cno pone un peso (para dicha obra), mientras que entre Arica y Puerto Montt \u201cno hay ning\u00fan GORE que ponga un peso en la ruta estructurante nacional\u201d. \u201cPero en Ays\u00e9n, adem\u00e1s de estar aislados, ten\u00edamos que adem\u00e1s financiar una parte importante de esos recursos lo cual ahora fue asumido por el Gobierno\u201d, asever\u00f3.<\/p>\n<p style=\"text-align: justify;\">Por eso, dijo, al liberar a Ays\u00e9n de ese compromiso de la ruta 7, a partir del 2024, ahora se pod\u00edan enfrentar con mayores alternativas las redes regionales.<\/p>\n<p style=\"text-align: justify;\">Sobre este \u00faltimo punto, el parlamentario solicit\u00f3 informaci\u00f3n a la subcomisi\u00f3n de Presupuesto para conocer cu\u00e1les son los avances que en tal sentido existen.<\/p>\n<\/div><\/section><\/div>\n<div  style='height:50px' class='hr hr-invisible   avia-builder-el-6  el_after_av_one_full  el_before_av_social_share '><span class='hr-inner ' ><span class='hr-inner-style'><\/span><\/span><\/div>\n<div  class='av-social-sharing-box  avia-builder-el-7  el_after_av_hr  el_before_av_hr  '><div class='av-share-box'><h5 class='av-share-link-description av-no-toc '>Compartir esta noticia<\/h5><ul class='av-share-box-list noLightbox'><li class='av-share-link av-social-link-facebook' ><a target=\"_blank\" aria-label=\"Compartir en Facebook\" href='https:\/\/www.facebook.com\/sharer.php?u=https:\/\/radiorevelacionfm.cl\/?p=36302&#038;t=Sandoval%20espera%20se%20avance%20en%20compromiso%20del%20Gobierno%20de%20pavimentar%20140%20kil%C3%B3metros%20de%20la%20Carretera%20Austral' aria-hidden='false' data-av_icon='\ue8f3' data-av_iconfont='entypo-fontello' title='' data-avia-related-tooltip='Compartir en Facebook' rel=\"noopener\"><span class='avia_hidden_link_text'>Compartir en Facebook<\/span><\/a><\/li><li class='av-share-link av-social-link-twitter' ><a target=\"_blank\" aria-label=\"Compartir en Twitter\" href='https:\/\/twitter.com\/share?text=Sandoval%20espera%20se%20avance%20en%20compromiso%20del%20Gobierno%20de%20pavimentar%20140%20kil%C3%B3metros%20de%20la%20Carretera%20Austral&#038;url=https:\/\/radiorevelacionfm.cl\/?p=36302' aria-hidden='false' data-av_icon='\ue8f1' data-av_iconfont='entypo-fontello' title='' data-avia-related-tooltip='Compartir en Twitter' rel=\"noopener\"><span class='avia_hidden_link_text'>Compartir en Twitter<\/span><\/a><\/li><li class='av-share-link av-social-link-whatsapp' ><a target=\"_blank\" aria-label=\"Compartir en Whatsapp\" href='https:\/\/api.whatsapp.com\/send?text=https:\/\/radiorevelacionfm.cl\/?p=36302' aria-hidden='false' data-av_icon='\uf232' data-av_iconfont='entypo-fontello' title='' data-avia-related-tooltip='Compartir en Whatsapp' rel=\"noopener\"><span class='avia_hidden_link_text'>Compartir en Whatsapp<\/span><\/a><\/li><li class='av-share-link av-social-link-linkedin' ><a target=\"_blank\" aria-label=\"Compartir en LinkedIn\" href='https:\/\/linkedin.com\/shareArticle?mini=true&#038;title=Sandoval%20espera%20se%20avance%20en%20compromiso%20del%20Gobierno%20de%20pavimentar%20140%20kil%C3%B3metros%20de%20la%20Carretera%20Austral&#038;url=https:\/\/radiorevelacionfm.cl\/?p=36302' aria-hidden='false' data-av_icon='\ue8fc' data-av_iconfont='entypo-fontello' title='' data-avia-related-tooltip='Compartir en LinkedIn' rel=\"noopener\"><span class='avia_hidden_link_text'>Compartir en LinkedIn<\/span><\/a><\/li><li class='av-share-link av-social-link-mail' ><a  aria-label=\"Compartir por correo\" href='mailto:?subject=Sandoval%20espera%20se%20avance%20en%20compromiso%20del%20Gobierno%20de%20pavimentar%20140%20kil%C3%B3metros%20de%20la%20Carretera%20Austral&#038;body=https:\/\/radiorevelacionfm.cl\/?p=36302' aria-hidden='false' data-av_icon='\ue805' data-av_iconfont='entypo-fontello' title='' data-avia-related-tooltip='Compartir por correo'><span class='avia_hidden_link_text'>Compartir por correo<\/span><\/a><\/li><\/ul><\/div><\/div>\n<div  style='height:50px' class='hr hr-invisible   avia-builder-el-8  el_after_av_social_share  el_before_av_comments_list '><span class='hr-inner ' ><span class='hr-inner-style'><\/span><\/span><\/div>\n<div  class='av-buildercomment  av-blog-meta-html-info-disabled av-blog-meta-tag-disabled  '><\/div>\n","protected":false},"excerpt":{"rendered":"","protected":false},"author":1,"featured_media":36338,"comment_status":"open","ping_status":"open","sticky":false,"template":"","format":"standard","meta":{"footnotes":""},"categories":[35],"tags":[],"class_list":["post-36302","post","type-post","status-publish","format-standard","has-post-thumbnail","hentry","category-politica"],"jetpack_featured_media_url":"https:\/\/radiorevelacionfm.cl\/wp-content\/uploads\/2023\/10\/Carretera-Austral-Sur-1-1.jpg","_links":{"self":[{"href":"https:\/\/radiorevelacionfm.cl\/index.php?rest_route=\/wp\/v2\/posts\/36302","targetHints":{"allow":["GET"]}}],"collection":[{"href":"https:\/\/radiorevelacionfm.cl\/index.php?rest_route=\/wp\/v2\/posts"}],"about":[{"href":"https:\/\/radiorevelacionfm.cl\/index.php?rest_route=\/wp\/v2\/types\/post"}],"author":[{"embeddable":true,"href":"https:\/\/radiorevelacionfm.cl\/index.php?rest_route=\/wp\/v2\/users\/1"}],"replies":[{"embeddable":true,"href":"https:\/\/radiorevelacionfm.cl\/index.php?rest_route=%2Fwp%2Fv2%2Fcomments&post=36302"}],"version-history":[{"count":2,"href":"https:\/\/radiorevelacionfm.cl\/index.php?rest_route=\/wp\/v2\/posts\/36302\/revisions"}],"predecessor-version":[{"id":36339,"href":"https:\/\/radiorevelacionfm.cl\/index.php?rest_route=\/wp\/v2\/posts\/36302\/revisions\/36339"}],"wp:featuredmedia":[{"embeddable":true,"href":"https:\/\/radiorevelacionfm.cl\/index.php?rest_route=\/wp\/v2\/media\/36338"}],"wp:attachment":[{"href":"https:\/\/radiorevelacionfm.cl\/index.php?rest_route=%2Fwp%2Fv2%2Fmedia&parent=36302"}],"wp:term":[{"taxonomy":"category","embeddable":true,"href":"https:\/\/radiorevelacionfm.cl\/index.php?rest_route=%2Fwp%2Fv2%2Fcategories&post=36302"},{"taxonomy":"post_tag","embeddable":true,"href":"https:\/\/radiorevelacionfm.cl\/index.php?rest_route=%2Fwp%2Fv2%2Ftags&post=36302"}],"curies":[{"name":"wp","href":"https:\/\/api.w.org\/{rel}","templated":true}]}}