{"id":36299,"date":"2023-10-25T21:57:21","date_gmt":"2023-10-26T00:57:21","guid":{"rendered":"https:\/\/radiorevelacionfm.cl\/?p=36299"},"modified":"2023-10-25T21:57:21","modified_gmt":"2023-10-26T00:57:21","slug":"carabineros-aysen-prepara-servicio-especial-plan-ruta-segura-por-fin-de-semana-largo","status":"publish","type":"post","link":"https:\/\/radiorevelacionfm.cl\/?p=36299","title":{"rendered":"Carabineros Ays\u00e9n prepara servicio especial Plan Ruta Segura por fin de semana largo"},"content":{"rendered":"<div class=\"flex_column av_one_full  flex_column_div av-zero-column-padding first  avia-builder-el-0  el_before_av_one_full  avia-builder-el-first  \" style='border-radius:0px; '><div  class='avia-image-container  av-styling-    avia-builder-el-1  avia-builder-el-no-sibling  avia-align-center '  itemprop=\"image\" itemscope=\"itemscope\" itemtype=\"https:\/\/schema.org\/ImageObject\"  ><div class='avia-image-container-inner'><div class='avia-image-overlay-wrap'><img decoding=\"async\" class='wp-image-36300 avia-img-lazy-loading-not-36300 avia_image' src=\"https:\/\/radiorevelacionfm.cl\/wp-content\/uploads\/2023\/10\/f9eqafgxsaepgkw-1_optimized.jpg\" alt='' title='f9eqafgxsaepgkw-(1)_optimized' height=\"600\" width=\"1067\"  itemprop=\"thumbnailUrl\" srcset=\"https:\/\/radiorevelacionfm.cl\/wp-content\/uploads\/2023\/10\/f9eqafgxsaepgkw-1_optimized.jpg 1067w, https:\/\/radiorevelacionfm.cl\/wp-content\/uploads\/2023\/10\/f9eqafgxsaepgkw-1_optimized-300x169.jpg 300w, https:\/\/radiorevelacionfm.cl\/wp-content\/uploads\/2023\/10\/f9eqafgxsaepgkw-1_optimized-1030x579.jpg 1030w, https:\/\/radiorevelacionfm.cl\/wp-content\/uploads\/2023\/10\/f9eqafgxsaepgkw-1_optimized-768x432.jpg 768w, https:\/\/radiorevelacionfm.cl\/wp-content\/uploads\/2023\/10\/f9eqafgxsaepgkw-1_optimized-705x396.jpg 705w, https:\/\/radiorevelacionfm.cl\/wp-content\/uploads\/2023\/10\/f9eqafgxsaepgkw-1_optimized-450x253.jpg 450w, https:\/\/radiorevelacionfm.cl\/wp-content\/uploads\/2023\/10\/f9eqafgxsaepgkw-1_optimized-600x337.jpg 600w\" sizes=\"(max-width: 1067px) 100vw, 1067px\" \/><\/div><\/div><\/div><\/div><div class=\"flex_column av_one_full  flex_column_div av-zero-column-padding first  avia-builder-el-2  el_after_av_one_full  el_before_av_one_full  column-top-margin\" style='border-radius:0px; '><section class=\"av_textblock_section \"  itemscope=\"itemscope\" itemtype=\"https:\/\/schema.org\/BlogPosting\" itemprop=\"blogPost\" ><div class='avia_textblock  '   itemprop=\"text\" ><p style=\"text-align: center;\"><span style=\"font-size: 18pt;\"><b>Carabineros Ays\u00e9n prepara servicio especial Plan Ruta Segura por fin de semana largo<\/b><\/span><\/p>\n<div id=\"gtx-trans\" style=\"position: absolute; left: -50px; top: 4.31534px;\">\n<div class=\"gtx-trans-icon\"><\/div>\n<\/div>\n<\/div><\/section><\/div><div class=\"flex_column av_one_full  flex_column_div av-zero-column-padding first  avia-builder-el-4  el_after_av_one_full  el_before_av_hr  column-top-margin\" style='border-radius:0px; '><section class=\"av_textblock_section \"  itemscope=\"itemscope\" itemtype=\"https:\/\/schema.org\/BlogPosting\" itemprop=\"blogPost\" ><div class='avia_textblock  '   itemprop=\"text\" ><p class=\"v1MsoNormal\" style=\"text-align: justify;\">Un amplio despliegue de norte a sur en rutas y zonas urbanas a lo largo de la regi\u00f3n de Ays\u00e9n, es lo que desplegar\u00e1 a partir de las pr\u00f3ximas horas Carabineros de Chile a trav\u00e9s del Plan Ruta Segura con ocasi\u00f3n del fin de semana largo por el d\u00eda de las iglesias evang\u00e9licas y protestantes.<\/p>\n<p class=\"v1MsoNormal\" style=\"text-align: justify;\">Dando lo anterior, se proyecta un incremento en los flujos vehiculares entre el 26 al 29 de octubre, ante lo cual la Instituci\u00f3n a trav\u00e9s de la Direcci\u00f3n Nacional de Orden y Seguridad ha implementado en todo Chile el desarrollo de un servicio especial de control y fiscalizaci\u00f3n a conductores en ruta, orientado a prevenir la siniestralidad vial o hechos lamentables durante esta fecha.<\/p>\n<p class=\"v1MsoNormal\" style=\"text-align: justify;\">Para ello, se ha dispuesto el reforzamiento de los servicios policiales, tanto en la Ruta 7 sur (Carretera Austral) como en rutas secundarias, con la finalidad de brindar m\u00e1s seguridad en los desplazamientos ya sea dentro del territorio o hacia el extranjero.<\/p>\n<p class=\"v1MsoNormal\" style=\"text-align: justify;\">Carabineros mantendr\u00e1 una presencia activa, efectuando controles de velocidad, pruebas respiratorias mediante equipo intoxilyzer, fiscalizaci\u00f3n al cumplimiento de la ley de tr\u00e1nsito, verificaci\u00f3n de la \u00abley no chat\u00bb, uso del cintur\u00f3n de seguridad, documentaci\u00f3n al d\u00eda del conductor y el m\u00f3vil, sumado al uso de silla de retenci\u00f3n infantil en caso de viajar con menor de edad.<\/p>\n<p class=\"v1MsoNormal\" style=\"text-align: justify;\">La Instituci\u00f3n record\u00f3 a los conductores no incurrir en tres principales conductas, como son, el exceso de velocidad, conducci\u00f3n no atenta y el consumo de alcohol u otras drogas.<\/p>\n<p class=\"v1MsoNormal\" style=\"text-align: justify;\">Asimismo, respetar la se\u00f1al\u00e9tica vial, evitar adelantamientos en zonas prohibidas, son todas medidas que buscan contribuir a disminuir la ocurrencia de accidentes con consecuencias fatales y brindar m\u00e1s seguridad a la ciudadan\u00eda.<\/p>\n<p class=\"v1MsoNormal\" style=\"text-align: justify;\">Carabineros inst\u00f3 igualmente a los conductores a mantener la convivencia vial con otros usuarios de las v\u00edas sean estos peatones, ciclistas o motoristas y prevenir as\u00ed hechos lamentables en este fin de semana largo.<\/p>\n<p class=\"v1MsoNormal\" style=\"text-align: justify;\">Entre enero al 22 de octubre, Carabineros ha efectuado en la regi\u00f3n de Ays\u00e9n 99.989 controles a conductores, siendo detenidas 324 personas por conducci\u00f3n en estado de ebriedad, influencia del alcohol y drogas, en tanto que 6.718 infracciones fueron cursadas por ley de alcoholes y ley de tr\u00e1nsito.<\/p>\n<p style=\"text-align: justify;\">Pese a las acciones preventivas y llamados a una conducci\u00f3n responsable, 7 personas han resultado fallecidas en accidentes de tr\u00e1nsito -durante este mismo periodo- en las rutas de la regi\u00f3n de Ays\u00e9n.<\/p>\n<\/div><\/section><\/div><div  style='height:50px' class='hr hr-invisible   avia-builder-el-6  el_after_av_one_full  el_before_av_social_share '><span class='hr-inner ' ><span class='hr-inner-style'><\/span><\/span><\/div><\/p>\n<div  class='av-social-sharing-box  avia-builder-el-7  el_after_av_hr  el_before_av_hr  '><div class='av-share-box'><h5 class='av-share-link-description av-no-toc '>Compartir esta noticia<\/h5><ul class='av-share-box-list noLightbox'><li class='av-share-link av-social-link-facebook' ><a target=\"_blank\" aria-label=\"Compartir en Facebook\" href='https:\/\/www.facebook.com\/sharer.php?u=https:\/\/radiorevelacionfm.cl\/?p=36299&#038;t=Carabineros%20Ays%C3%A9n%20prepara%20servicio%20especial%20Plan%20Ruta%20Segura%20por%20fin%20de%20semana%20largo' aria-hidden='false' data-av_icon='\ue8f3' data-av_iconfont='entypo-fontello' title='' data-avia-related-tooltip='Compartir en Facebook' rel=\"noopener\"><span class='avia_hidden_link_text'>Compartir en Facebook<\/span><\/a><\/li><li class='av-share-link av-social-link-twitter' ><a target=\"_blank\" aria-label=\"Compartir en Twitter\" href='https:\/\/twitter.com\/share?text=Carabineros%20Ays%C3%A9n%20prepara%20servicio%20especial%20Plan%20Ruta%20Segura%20por%20fin%20de%20semana%20largo&#038;url=https:\/\/radiorevelacionfm.cl\/?p=36299' aria-hidden='false' data-av_icon='\ue8f1' data-av_iconfont='entypo-fontello' title='' data-avia-related-tooltip='Compartir en Twitter' rel=\"noopener\"><span class='avia_hidden_link_text'>Compartir en Twitter<\/span><\/a><\/li><li class='av-share-link av-social-link-whatsapp' ><a target=\"_blank\" aria-label=\"Compartir en Whatsapp\" href='https:\/\/api.whatsapp.com\/send?text=https:\/\/radiorevelacionfm.cl\/?p=36299' aria-hidden='false' data-av_icon='\uf232' data-av_iconfont='entypo-fontello' title='' data-avia-related-tooltip='Compartir en Whatsapp' rel=\"noopener\"><span class='avia_hidden_link_text'>Compartir en Whatsapp<\/span><\/a><\/li><li class='av-share-link av-social-link-linkedin' ><a target=\"_blank\" aria-label=\"Compartir en LinkedIn\" href='https:\/\/linkedin.com\/shareArticle?mini=true&#038;title=Carabineros%20Ays%C3%A9n%20prepara%20servicio%20especial%20Plan%20Ruta%20Segura%20por%20fin%20de%20semana%20largo&#038;url=https:\/\/radiorevelacionfm.cl\/?p=36299' aria-hidden='false' data-av_icon='\ue8fc' data-av_iconfont='entypo-fontello' title='' data-avia-related-tooltip='Compartir en LinkedIn' rel=\"noopener\"><span class='avia_hidden_link_text'>Compartir en LinkedIn<\/span><\/a><\/li><li class='av-share-link av-social-link-mail' ><a  aria-label=\"Compartir por correo\" href='mailto:?subject=Carabineros%20Ays%C3%A9n%20prepara%20servicio%20especial%20Plan%20Ruta%20Segura%20por%20fin%20de%20semana%20largo&#038;body=https:\/\/radiorevelacionfm.cl\/?p=36299' aria-hidden='false' data-av_icon='\ue805' data-av_iconfont='entypo-fontello' title='' data-avia-related-tooltip='Compartir por correo'><span class='avia_hidden_link_text'>Compartir por correo<\/span><\/a><\/li><\/ul><\/div><\/div>\n<div  style='height:50px' class='hr hr-invisible   avia-builder-el-8  el_after_av_social_share  el_before_av_comments_list '><span class='hr-inner ' ><span class='hr-inner-style'><\/span><\/span><\/div>\n<div  class='av-buildercomment  av-blog-meta-html-info-disabled av-blog-meta-tag-disabled  '><\/div>\n","protected":false},"excerpt":{"rendered":"","protected":false},"author":1,"featured_media":36300,"comment_status":"open","ping_status":"open","sticky":false,"template":"","format":"standard","meta":{"footnotes":""},"categories":[36],"tags":[],"class_list":["post-36299","post","type-post","status-publish","format-standard","has-post-thumbnail","hentry","category-policial"],"jetpack_featured_media_url":"https:\/\/radiorevelacionfm.cl\/wp-content\/uploads\/2023\/10\/f9eqafgxsaepgkw-1_optimized.jpg","_links":{"self":[{"href":"https:\/\/radiorevelacionfm.cl\/index.php?rest_route=\/wp\/v2\/posts\/36299","targetHints":{"allow":["GET"]}}],"collection":[{"href":"https:\/\/radiorevelacionfm.cl\/index.php?rest_route=\/wp\/v2\/posts"}],"about":[{"href":"https:\/\/radiorevelacionfm.cl\/index.php?rest_route=\/wp\/v2\/types\/post"}],"author":[{"embeddable":true,"href":"https:\/\/radiorevelacionfm.cl\/index.php?rest_route=\/wp\/v2\/users\/1"}],"replies":[{"embeddable":true,"href":"https:\/\/radiorevelacionfm.cl\/index.php?rest_route=%2Fwp%2Fv2%2Fcomments&post=36299"}],"version-history":[{"count":1,"href":"https:\/\/radiorevelacionfm.cl\/index.php?rest_route=\/wp\/v2\/posts\/36299\/revisions"}],"predecessor-version":[{"id":36301,"href":"https:\/\/radiorevelacionfm.cl\/index.php?rest_route=\/wp\/v2\/posts\/36299\/revisions\/36301"}],"wp:featuredmedia":[{"embeddable":true,"href":"https:\/\/radiorevelacionfm.cl\/index.php?rest_route=\/wp\/v2\/media\/36300"}],"wp:attachment":[{"href":"https:\/\/radiorevelacionfm.cl\/index.php?rest_route=%2Fwp%2Fv2%2Fmedia&parent=36299"}],"wp:term":[{"taxonomy":"category","embeddable":true,"href":"https:\/\/radiorevelacionfm.cl\/index.php?rest_route=%2Fwp%2Fv2%2Fcategories&post=36299"},{"taxonomy":"post_tag","embeddable":true,"href":"https:\/\/radiorevelacionfm.cl\/index.php?rest_route=%2Fwp%2Fv2%2Ftags&post=36299"}],"curies":[{"name":"wp","href":"https:\/\/api.w.org\/{rel}","templated":true}]}}