{"id":36296,"date":"2023-10-25T19:35:26","date_gmt":"2023-10-25T22:35:26","guid":{"rendered":"https:\/\/radiorevelacionfm.cl\/?p=36296"},"modified":"2023-10-25T19:35:26","modified_gmt":"2023-10-25T22:35:26","slug":"santiago-2023-los-7-deportistas-regionales-presentes-en-el-evento-multideportivo-mas-importante-de-nuestra-historia","status":"publish","type":"post","link":"https:\/\/radiorevelacionfm.cl\/?p=36296","title":{"rendered":"Santiago 2023: Los 7 deportistas regionales presentes en el evento multideportivo m\u00e1s importante de nuestra historia"},"content":{"rendered":"<div class=\"flex_column av_one_full  flex_column_div av-zero-column-padding first  avia-builder-el-0  el_before_av_one_full  avia-builder-el-first  \" style='border-radius:0px; '><div  class='avia-image-container  av-styling-    avia-builder-el-1  avia-builder-el-no-sibling  avia-align-center '  itemprop=\"image\" itemscope=\"itemscope\" itemtype=\"https:\/\/schema.org\/ImageObject\"  ><div class='avia-image-container-inner'><div class='avia-image-overlay-wrap'><img decoding=\"async\" class='wp-image-36297 avia-img-lazy-loading-not-36297 avia_image' src=\"https:\/\/radiorevelacionfm.cl\/wp-content\/uploads\/2023\/10\/pipin-1.jpg\" alt='' title='pipin (1)' height=\"600\" width=\"900\"  itemprop=\"thumbnailUrl\" srcset=\"https:\/\/radiorevelacionfm.cl\/wp-content\/uploads\/2023\/10\/pipin-1.jpg 900w, https:\/\/radiorevelacionfm.cl\/wp-content\/uploads\/2023\/10\/pipin-1-300x200.jpg 300w, https:\/\/radiorevelacionfm.cl\/wp-content\/uploads\/2023\/10\/pipin-1-768x512.jpg 768w, https:\/\/radiorevelacionfm.cl\/wp-content\/uploads\/2023\/10\/pipin-1-705x470.jpg 705w, https:\/\/radiorevelacionfm.cl\/wp-content\/uploads\/2023\/10\/pipin-1-450x300.jpg 450w, https:\/\/radiorevelacionfm.cl\/wp-content\/uploads\/2023\/10\/pipin-1-600x400.jpg 600w\" sizes=\"(max-width: 900px) 100vw, 900px\" \/><\/div><\/div><\/div><\/div><div class=\"flex_column av_one_full  flex_column_div av-zero-column-padding first  avia-builder-el-2  el_after_av_one_full  el_before_av_one_full  column-top-margin\" style='border-radius:0px; '><section class=\"av_textblock_section \"  itemscope=\"itemscope\" itemtype=\"https:\/\/schema.org\/BlogPosting\" itemprop=\"blogPost\" ><div class='avia_textblock  '   itemprop=\"text\" ><p style=\"text-align: center;\"><strong><span style=\"font-size: 18pt;\">Santiago 2023: Los 7 deportistas regionales presentes en el evento multideportivo m\u00e1s importante de nuestra historia<\/span><\/strong><\/p>\n<div id=\"gtx-trans\" style=\"position: absolute; left: -50px; top: 4.31534px;\">\n<div class=\"gtx-trans-icon\"><\/div>\n<\/div>\n<\/div><\/section><\/div><div class=\"flex_column av_one_full  flex_column_div av-zero-column-padding first  avia-builder-el-4  el_after_av_one_full  el_before_av_hr  column-top-margin\" style='border-radius:0px; '><section class=\"av_textblock_section \"  itemscope=\"itemscope\" itemtype=\"https:\/\/schema.org\/BlogPosting\" itemprop=\"blogPost\" ><div class='avia_textblock  '   itemprop=\"text\" ><p style=\"text-align: justify;\"><span style=\"font-family: georgia, palatino, serif; font-size: 12pt;\">Este viernes 20 de octubre comenzaron\u00a0los primeros Juegos Panamericanos y Parapanamericanos disputados en suelo chileno,\u00a0con una delegaci\u00f3n que llega a los 665 representantes nacionales, siete de ellos de la regi\u00f3n de Ays\u00e9n, el desaf\u00edo hist\u00f3rico dejar\u00e1 a su paso un legado invaluable para las familias de nuestro pa\u00eds a trav\u00e9s de infraestructura de est\u00e1ndares de sostenibilidad en grandes eventos deportivos.<\/span><\/p>\n<p class=\"v1MsoNormal\" style=\"text-align: justify;\"><span style=\"font-family: georgia, palatino, serif; font-size: 12pt;\">El<i>\u00a0<\/i>Team Chile tendr\u00e1 a figuras consolidadas que competir\u00e1n directamente por ganar alguna medalla, aunque tambi\u00e9n contar\u00e1 con algunos atletas emergentes, quienes buscar\u00e1n el reconocimiento para seguir avanzando en sus carreras deportivas.<\/span><\/p>\n<p class=\"v1MsoNormal\" style=\"text-align: justify;\"><span style=\"font-family: georgia, palatino, serif; font-size: 12pt;\">\u00abEstamos tremendamente orgullosos de cada uno de nuestros deportistas que forman parte de la selecci\u00f3n nacional y vamos a tener la oportunidad \u00fanica de verlos competir en casa; los Juegos Panamericanos y Parapanamericanos es un compromiso de Estado que trasciende a nuestro Gobierno\u00a0al organizar el evento multideportivo m\u00e1s grande de Am\u00e9rica y de la historia del pa\u00eds, pero tambi\u00e9n\u00a0dejar una huella a nivel social, deportivo, urbano y ambiental, queremos invitar \u00a0a todas personas de nuestra regi\u00f3n a seguir los juegos y apoyar a nuestros deportistas en las disciplinas ciclismo, esgrima, judo y para tenis de mesa\u00bb, se\u00f1al\u00f3 Mar\u00eda Eugenia Dur\u00e1n Jara, Seremi del Deporte.<\/span><\/p>\n<p class=\"v1MsoNormal\" style=\"text-align: justify;\"><span style=\"font-family: georgia, palatino, serif; font-size: 12pt;\"><u>Representantes regionales<\/u><\/span><\/p>\n<p class=\"v1MsoNormal\" style=\"text-align: justify;\"><strong><span style=\"font-family: georgia, palatino, serif; font-size: 12pt;\">&#8211; Jos\u00e9 Luis Rodr\u00edguez\u00a0 Aguilar: Ciclismo<\/span><\/strong><\/p>\n<p class=\"v1MsoNormal\" style=\"text-align: justify;\"><span style=\"font-family: georgia, palatino, serif; font-size: 12pt;\">El dia\u00a022 de octubre en debut\u00f3 en la prueba de \u00a0ruta logrando al 6ta posici\u00f3n y se prepara para participar los d\u00edas 26 y 27 de octubre en la prueba de persecuci\u00f3n por equipos, para finalizar el domingo 29 con la final del fondo masculino (pruebas -masculina y femenina- se realizar\u00e1n entre las 09:00 a 17:30 horas.)<\/span><\/p>\n<p class=\"v1MsoNormal\" style=\"text-align: justify;\"><strong><span style=\"font-family: georgia, palatino, serif; font-size: 12pt;\">&#8211; Sebasti\u00e1n P\u00e9rez Millacura: Judo<\/span><\/strong><\/p>\n<p class=\"v1MsoNormal\" style=\"text-align: justify;\"><span style=\"font-family: georgia, palatino, serif; font-size: 12pt;\">S\u00e1bado 28 de octubre, 10:00 horas, -66 kilos masculino<\/span><\/p>\n<p style=\"text-align: justify;\"><strong><span style=\"font-family: georgia, palatino, serif; font-size: 12pt;\">&#8211; Camila Lagos Vera: Judo<\/span><\/strong><\/p>\n<p style=\"text-align: justify;\"><span style=\"font-family: georgia, palatino, serif; font-size: 12pt;\">Domingo 29 de octubre, 10:00 \u00a0horas, -70 Kilos Femenino<\/span><\/p>\n<p style=\"text-align: justify;\"><strong><span style=\"font-family: georgia, palatino, serif; font-size: 12pt;\">&#8211; Lisa Montecinos Ponce: Esgrima<\/span><\/strong><\/p>\n<p class=\"v1MsoNormal\" style=\"text-align: justify;\"><span style=\"font-family: georgia, palatino, serif; font-size: 12pt;\">Lunes 30 de octubre, 9:00 hrs., Florete Individual Femenino<\/span><\/p>\n<p class=\"v1MsoNormal\" style=\"text-align: justify;\"><span style=\"font-family: georgia, palatino, serif; font-size: 12pt;\">Jueves 2 de noviembre, 9:00 hrs., Florete por Equipos Femenino<\/span><\/p>\n<p style=\"text-align: justify;\"><strong><span style=\"font-family: georgia, palatino, serif; font-size: 12pt;\">&#8211; Yolanda Mu\u00f1oz Pinilla: Esgrima<\/span><\/strong><\/p>\n<p class=\"v1MsoNormal\" style=\"text-align: justify;\"><span style=\"font-family: georgia, palatino, serif; font-size: 12pt;\">Martes 31 de octubre, 9:00 hrs., Sable Individual Femenino<\/span><\/p>\n<p class=\"v1MsoNormal\" style=\"text-align: justify;\"><span style=\"font-family: georgia, palatino, serif; font-size: 12pt;\">Viernes 3 de noviembre, 9:00 hrs., Sable por Equipos Femenino<\/span><\/p>\n<p class=\"v1MsoNormal\" style=\"text-align: justify;\"><strong><span style=\"font-family: georgia, palatino, serif; font-size: 12pt;\">&#8211; Manuel Bahamonde Jara: Esgrima<\/span><\/strong><\/p>\n<p class=\"v1MsoNormal\" style=\"text-align: justify;\"><span style=\"font-family: georgia, palatino, serif; font-size: 12pt;\">Mi\u00e9rcoles 1 de noviembre, 9:00 hrs., Sable Individual Masculino<\/span><\/p>\n<p class=\"v1MsoNormal\" style=\"text-align: justify;\"><span style=\"font-family: georgia, palatino, serif; font-size: 12pt;\">S\u00e1bado 4 de noviembre, 9:00 hrs., Sable por Equipos Masculino<\/span><\/p>\n<p class=\"v1MsoNormal\" style=\"text-align: justify;\"><strong><span style=\"font-family: georgia, palatino, serif; font-size: 12pt;\">&#8211; Manuel Echaveguren Far\u00edas: Para Tenis de Mesa<\/span><\/strong><\/p>\n<p class=\"v1MsoNormal\" style=\"text-align: justify;\"><span style=\"font-family: georgia, palatino, serif; font-size: 12pt;\">Jueves 16 al 20 de noviembre<\/span><\/p>\n<p class=\"v1MsoNormal\" style=\"text-align: justify;\"><strong><span style=\"font-family: georgia, palatino, serif; font-size: 12pt;\"><i>Santiago 2023 en cifras:<\/i><\/span><\/strong><\/p>\n<p class=\"v1MsoNormal\" style=\"text-align: justify;\"><span style=\"font-family: georgia, palatino, serif; font-size: 12pt;\">41 pa\u00edses<\/span><\/p>\n<p class=\"v1MsoNormal\" style=\"text-align: justify;\"><span style=\"font-family: georgia, palatino, serif; font-size: 12pt;\">7 mil atletas<\/span><\/p>\n<p class=\"v1MsoNormal\" style=\"text-align: justify;\"><span style=\"font-family: georgia, palatino, serif; font-size: 12pt;\">39 deportes y 59 disciplinas en competencia.<\/span><\/p>\n<p class=\"v1MsoNormal\" style=\"text-align: justify;\"><span style=\"font-family: georgia, palatino, serif; font-size: 12pt;\">21 disciplinas entregar\u00e1n cupos directos para los Juegos Ol\u00edmpicos de Par\u00eds 2024.<\/span><\/p>\n<p class=\"v1MsoNormal\" style=\"text-align: justify;\"><span style=\"font-family: georgia, palatino, serif; font-size: 12pt;\">Tres deportes debutantes en los Panamericanos: escalada, breaking y skateboarding.<\/span><\/p>\n<\/div><\/section><\/div><div  style='height:50px' class='hr hr-invisible   avia-builder-el-6  el_after_av_one_full  el_before_av_social_share '><span class='hr-inner ' ><span class='hr-inner-style'><\/span><\/span><\/div><\/p>\n<div  class='av-social-sharing-box  avia-builder-el-7  el_after_av_hr  el_before_av_hr  '><div class='av-share-box'><h5 class='av-share-link-description av-no-toc '>Compartir esta noticia<\/h5><ul class='av-share-box-list noLightbox'><li class='av-share-link av-social-link-facebook' ><a target=\"_blank\" aria-label=\"Compartir en Facebook\" href='https:\/\/www.facebook.com\/sharer.php?u=https:\/\/radiorevelacionfm.cl\/?p=36296&#038;t=Santiago%202023%3A%20Los%207%20deportistas%20regionales%20presentes%20en%20el%20evento%20multideportivo%20m%C3%A1s%20importante%20de%20nuestra%20historia' aria-hidden='false' data-av_icon='\ue8f3' data-av_iconfont='entypo-fontello' title='' data-avia-related-tooltip='Compartir en Facebook' rel=\"noopener\"><span class='avia_hidden_link_text'>Compartir en Facebook<\/span><\/a><\/li><li class='av-share-link av-social-link-twitter' ><a target=\"_blank\" aria-label=\"Compartir en Twitter\" href='https:\/\/twitter.com\/share?text=Santiago%202023%3A%20Los%207%20deportistas%20regionales%20presentes%20en%20el%20evento%20multideportivo%20m%C3%A1s%20importante%20de%20nuestra%20historia&#038;url=https:\/\/radiorevelacionfm.cl\/?p=36296' aria-hidden='false' data-av_icon='\ue8f1' data-av_iconfont='entypo-fontello' title='' data-avia-related-tooltip='Compartir en Twitter' rel=\"noopener\"><span class='avia_hidden_link_text'>Compartir en Twitter<\/span><\/a><\/li><li class='av-share-link av-social-link-whatsapp' ><a target=\"_blank\" aria-label=\"Compartir en Whatsapp\" href='https:\/\/api.whatsapp.com\/send?text=https:\/\/radiorevelacionfm.cl\/?p=36296' aria-hidden='false' data-av_icon='\uf232' data-av_iconfont='entypo-fontello' title='' data-avia-related-tooltip='Compartir en Whatsapp' rel=\"noopener\"><span class='avia_hidden_link_text'>Compartir en Whatsapp<\/span><\/a><\/li><li class='av-share-link av-social-link-linkedin' ><a target=\"_blank\" aria-label=\"Compartir en LinkedIn\" href='https:\/\/linkedin.com\/shareArticle?mini=true&#038;title=Santiago%202023%3A%20Los%207%20deportistas%20regionales%20presentes%20en%20el%20evento%20multideportivo%20m%C3%A1s%20importante%20de%20nuestra%20historia&#038;url=https:\/\/radiorevelacionfm.cl\/?p=36296' aria-hidden='false' data-av_icon='\ue8fc' data-av_iconfont='entypo-fontello' title='' data-avia-related-tooltip='Compartir en LinkedIn' rel=\"noopener\"><span class='avia_hidden_link_text'>Compartir en LinkedIn<\/span><\/a><\/li><li class='av-share-link av-social-link-mail' ><a  aria-label=\"Compartir por correo\" href='mailto:?subject=Santiago%202023%3A%20Los%207%20deportistas%20regionales%20presentes%20en%20el%20evento%20multideportivo%20m%C3%A1s%20importante%20de%20nuestra%20historia&#038;body=https:\/\/radiorevelacionfm.cl\/?p=36296' aria-hidden='false' data-av_icon='\ue805' data-av_iconfont='entypo-fontello' title='' data-avia-related-tooltip='Compartir por correo'><span class='avia_hidden_link_text'>Compartir por correo<\/span><\/a><\/li><\/ul><\/div><\/div>\n<div  style='height:50px' class='hr hr-invisible   avia-builder-el-8  el_after_av_social_share  el_before_av_comments_list '><span class='hr-inner ' ><span class='hr-inner-style'><\/span><\/span><\/div>\n<div  class='av-buildercomment  av-blog-meta-html-info-disabled av-blog-meta-tag-disabled  '><\/div>\n","protected":false},"excerpt":{"rendered":"","protected":false},"author":1,"featured_media":36297,"comment_status":"open","ping_status":"open","sticky":false,"template":"","format":"standard","meta":{"footnotes":""},"categories":[40],"tags":[],"class_list":["post-36296","post","type-post","status-publish","format-standard","has-post-thumbnail","hentry","category-deportes"],"jetpack_featured_media_url":"https:\/\/radiorevelacionfm.cl\/wp-content\/uploads\/2023\/10\/pipin-1.jpg","_links":{"self":[{"href":"https:\/\/radiorevelacionfm.cl\/index.php?rest_route=\/wp\/v2\/posts\/36296","targetHints":{"allow":["GET"]}}],"collection":[{"href":"https:\/\/radiorevelacionfm.cl\/index.php?rest_route=\/wp\/v2\/posts"}],"about":[{"href":"https:\/\/radiorevelacionfm.cl\/index.php?rest_route=\/wp\/v2\/types\/post"}],"author":[{"embeddable":true,"href":"https:\/\/radiorevelacionfm.cl\/index.php?rest_route=\/wp\/v2\/users\/1"}],"replies":[{"embeddable":true,"href":"https:\/\/radiorevelacionfm.cl\/index.php?rest_route=%2Fwp%2Fv2%2Fcomments&post=36296"}],"version-history":[{"count":1,"href":"https:\/\/radiorevelacionfm.cl\/index.php?rest_route=\/wp\/v2\/posts\/36296\/revisions"}],"predecessor-version":[{"id":36298,"href":"https:\/\/radiorevelacionfm.cl\/index.php?rest_route=\/wp\/v2\/posts\/36296\/revisions\/36298"}],"wp:featuredmedia":[{"embeddable":true,"href":"https:\/\/radiorevelacionfm.cl\/index.php?rest_route=\/wp\/v2\/media\/36297"}],"wp:attachment":[{"href":"https:\/\/radiorevelacionfm.cl\/index.php?rest_route=%2Fwp%2Fv2%2Fmedia&parent=36296"}],"wp:term":[{"taxonomy":"category","embeddable":true,"href":"https:\/\/radiorevelacionfm.cl\/index.php?rest_route=%2Fwp%2Fv2%2Fcategories&post=36296"},{"taxonomy":"post_tag","embeddable":true,"href":"https:\/\/radiorevelacionfm.cl\/index.php?rest_route=%2Fwp%2Fv2%2Ftags&post=36296"}],"curies":[{"name":"wp","href":"https:\/\/api.w.org\/{rel}","templated":true}]}}