{"id":36293,"date":"2023-10-26T12:53:48","date_gmt":"2023-10-26T15:53:48","guid":{"rendered":"https:\/\/radiorevelacionfm.cl\/?p=36293"},"modified":"2023-10-26T12:53:48","modified_gmt":"2023-10-26T15:53:48","slug":"la-pgu-debe-solicitarse-o-se-recibe-automaticamente-a-los-65-anos","status":"publish","type":"post","link":"https:\/\/radiorevelacionfm.cl\/?p=36293","title":{"rendered":"\u00bfLa PGU debe solicitarse o se recibe autom\u00e1ticamente a los 65 a\u00f1os?"},"content":{"rendered":"<div class=\"flex_column av_one_full  flex_column_div av-zero-column-padding first  avia-builder-el-0  el_before_av_one_full  avia-builder-el-first  \" style='border-radius:0px; '><div  class='avia-image-container  av-styling-    avia-builder-el-1  avia-builder-el-no-sibling  avia-align-center '  itemprop=\"image\" itemscope=\"itemscope\" itemtype=\"https:\/\/schema.org\/ImageObject\"  ><div class='avia-image-container-inner'><div class='avia-image-overlay-wrap'><img decoding=\"async\" class='wp-image-36294 avia-img-lazy-loading-not-36294 avia_image' src=\"https:\/\/radiorevelacionfm.cl\/wp-content\/uploads\/2023\/10\/Llamado-a-Postular_PGU_PtoAysen-1-1.jpg\" alt='' title='Llamado a Postular_PGU_PtoAysen (1) (1)' height=\"600\" width=\"889\"  itemprop=\"thumbnailUrl\" srcset=\"https:\/\/radiorevelacionfm.cl\/wp-content\/uploads\/2023\/10\/Llamado-a-Postular_PGU_PtoAysen-1-1.jpg 889w, https:\/\/radiorevelacionfm.cl\/wp-content\/uploads\/2023\/10\/Llamado-a-Postular_PGU_PtoAysen-1-1-300x202.jpg 300w, https:\/\/radiorevelacionfm.cl\/wp-content\/uploads\/2023\/10\/Llamado-a-Postular_PGU_PtoAysen-1-1-768x518.jpg 768w, https:\/\/radiorevelacionfm.cl\/wp-content\/uploads\/2023\/10\/Llamado-a-Postular_PGU_PtoAysen-1-1-705x476.jpg 705w, https:\/\/radiorevelacionfm.cl\/wp-content\/uploads\/2023\/10\/Llamado-a-Postular_PGU_PtoAysen-1-1-450x304.jpg 450w, https:\/\/radiorevelacionfm.cl\/wp-content\/uploads\/2023\/10\/Llamado-a-Postular_PGU_PtoAysen-1-1-600x405.jpg 600w\" sizes=\"(max-width: 889px) 100vw, 889px\" \/><\/div><\/div><\/div><\/div><div class=\"flex_column av_one_full  flex_column_div av-zero-column-padding first  avia-builder-el-2  el_after_av_one_full  el_before_av_one_full  column-top-margin\" style='border-radius:0px; '><section class=\"av_textblock_section \"  itemscope=\"itemscope\" itemtype=\"https:\/\/schema.org\/BlogPosting\" itemprop=\"blogPost\" ><div class='avia_textblock  '   itemprop=\"text\" ><p style=\"text-align: center;\"><span style=\"font-size: 18pt;\"><b>\u00bfLa PGU debe solicitarse o se recibe autom\u00e1ticamente a los 65 a\u00f1os?<\/b><\/span><\/p>\n<div id=\"gtx-trans\" style=\"position: absolute; left: -50px; top: 4.31534px;\">\n<div class=\"gtx-trans-icon\"><\/div>\n<\/div>\n<\/div><\/section><\/div><div class=\"flex_column av_one_full  flex_column_div av-zero-column-padding first  avia-builder-el-4  el_after_av_one_full  el_before_av_hr  column-top-margin\" style='border-radius:0px; '><section class=\"av_textblock_section \"  itemscope=\"itemscope\" itemtype=\"https:\/\/schema.org\/BlogPosting\" itemprop=\"blogPost\" ><div class='avia_textblock  '   itemprop=\"text\" ><p style=\"text-align: justify;\"><i><span lang=\"ES\">Gracias a la Ley Corta de la PGU, que rige desde abril de este a\u00f1o, m\u00e1s personas han podido acceder a este beneficio del Estado.<\/span><\/i><\/p>\n<p class=\"v1MsoNormal\" style=\"text-align: justify;\">A nivel nacional,\u00a0<b>m\u00e1s de 2 millones de personas<\/b>\u00a0de 65 o m\u00e1s a\u00f1os ya reciben la Pensi\u00f3n Garantizada Universal (PGU); de ellas,\u00a0<b>m\u00e1s de 11 mil adultos y adultas mayores<\/b>\u00a0pertenecen a la\u00a0<b>Regi\u00f3n de Ays\u00e9n<\/b>.<\/p>\n<p class=\"v1MsoNormal\" style=\"text-align: justify;\">Cabe recordar que, desde abril, la llamada Ley Corta de la PGU permiti\u00f3 a m\u00e1s personas acceder a esta importante ayuda estatal, que actualmente alcanza a un monto m\u00e1ximo de\u00a0<b>$206.173<\/b>.<\/p>\n<p class=\"v1MsoNormal\" style=\"text-align: justify;\">Para ello, adem\u00e1s de la edad, deben cumplirse algunos requisitos como no pertenecer al 10 % m\u00e1s rico de la poblaci\u00f3n y tener 20 a\u00f1os de residencia en Chile, entre otros.<\/p>\n<p class=\"v1MsoNormal\" style=\"text-align: justify;\">Una pregunta que surge es si la PGU se asigna autom\u00e1ticamente o requiere un tr\u00e1mite de solicitud. La normativa establece que para acceder al beneficio\u00a0<b>las personas deben ingresar una solicitud<\/b>, lo que permite evaluar si cumplen con las condiciones que exige la ley.<\/p>\n<p class=\"v1MsoNormal\" style=\"text-align: justify;\">En este contexto, la jefa de la sucursal Coyhaique, Daniela Catal\u00e1n Celis, hizo un llamado a la ciudadan\u00eda a acercarse a nuestras oficinas y consultar por la Pensi\u00f3n Garantizada Universal.<\/p>\n<p class=\"v1MsoNormal\" style=\"text-align: justify;\">\u00abLa Pensi\u00f3n Garantizada Universal es un beneficio que ha impactado de manera muy positiva en la poblaci\u00f3n mayor de nuestro pa\u00eds y de nuestra regi\u00f3n, pero es fundamental que tengan claro que no se trata de un beneficio autom\u00e1tico. Este es un beneficio al que deben postular y realizar una solicitud. As\u00ed es que invito a todas las adultas y adultos mayores, que han cumplido 65 a\u00f1os o m\u00e1s, a acercarse a nuestras sucursales IPS Chileatiende, con su c\u00e9dula de identidad y postular al beneficio. Tambi\u00e9n lo pueden hacer a trav\u00e9s de nuestra p\u00e1gina web\u00a0<a href=\"http:\/\/www.chileatiende.cl\/\" target=\"_blank\" rel=\"noopener noreferrer\">www.chileatiende.cl<\/a>\u00ab.<\/p>\n<p class=\"v1MsoNormal\" style=\"text-align: justify;\">En tanto, en Puerto Ays\u00e9n, el Seremi del Trabajo y Previsi\u00f3n Social, Rodrigo D\u00edaz Cordaro, estuvo junto a Eliana Henr\u00edquez Quijada, quien en una feria de servicios y de atenci\u00f3n ciudadana realiz\u00f3 las consultas en el stand de IPS ChileAtiende, postul\u00f3 a la PGU y sali\u00f3 favorecida.<\/p>\n<p class=\"v1MsoNormal\" style=\"text-align: justify;\">En este sentido, el Seremi Rodrigo D\u00edaz llam\u00f3 a postular, \u00abHoy estamos con la gran noticia de la se\u00f1ora Eliana y \u00e9se es el llamado, a que postulen, hombres y mujeres con 65 a\u00f1os cumplidos, dir\u00edjanse al IPS ChileAtiende y hagan las consultas. Muchos nos dicen \u00abyo no califico\u00bb, pero lo m\u00e1s probable es que le vaya bien y como hoy nos cuenta do\u00f1a Eliana, es f\u00e1cil postular. Lo importante es eso, acercarse a las oficinas, en este caso, en Puerto Ays\u00e9n, a la oficina de IPS ChileAtiende y hagan las consultas\u00bb, incentiv\u00f3 el Seremi de Trabajo y Previsi\u00f3n Social.<\/p>\n<p class=\"v1MsoNormal\" style=\"text-align: justify;\">A su vez, Eliana Henr\u00edquez Quijada coment\u00f3, \u00abJubil\u00e9 a los 60 a\u00f1os y no ten\u00eda dinero, porque no impuse. Ten\u00eda algo de 900 mil pesos y la AFP me los entreg\u00f3 en 9 meses. Entonces me dijeron que cuando cumpliera los 65 a\u00f1os pod\u00eda tener un beneficio. Vine ac\u00e1 a ChileAtiende y sal\u00ed favorecida con la PGU para octubre. Estoy contenta, porque es una ayudita que te da, feliz\u00bb, afirm\u00f3<\/p>\n<p class=\"v1MsoNormal\" style=\"text-align: justify;\">El Seremi Rodrigo D\u00edaz Cordaro adem\u00e1s destac\u00f3 la inversi\u00f3n del Gobierno en este sentido, y c\u00f3mo el incremento del monto de la PGU, as\u00ed como la ampliaci\u00f3n de su cobertura, han beneficiado a muchas adultas y adultos mayores de la regi\u00f3n de Ays\u00e9n.<\/p>\n<p class=\"v1MsoNormal\" style=\"text-align: justify;\"><b><u>\u00bfD\u00f3nde se solicita la PGU?<\/u><\/b><\/p>\n<p class=\"v1MsoNormal\" style=\"text-align: justify;\">Hay diversas alternativas, no presenciales y presenciales:<\/p>\n<ol style=\"text-align: justify;\" start=\"1\" type=\"1\">\n<li class=\"v1MsoNormal\"><span lang=\"ES\">Todos los d\u00edas del a\u00f1o, incluidos fines de semana, en el sitio\u00a0<b><a href=\"http:\/\/www.chileatiende.cl\/\" target=\"_blank\" rel=\"noopener noreferrer\">www.chileatiende.cl<\/a><\/b>, con Clave\u00danica.<\/span><\/li>\n<li class=\"v1MsoNormal\"><span lang=\"ES\">Y en d\u00edas h\u00e1biles, de lunes a viernes, a trav\u00e9s de:<\/span><\/li>\n<\/ol>\n<p class=\"v1MsoNormal\" style=\"text-align: justify;\"><span lang=\"ES\">\u00fc\u00a0\u00a0<\/span><span lang=\"ES\">Videoatenci\u00f3n en\u00a0<b><a href=\"http:\/\/www.chileatiende.cl\/\" target=\"_blank\" rel=\"noopener noreferrer\">www.chileatiende.cl<\/a><\/b>\u00a0o\u00a0<b><a href=\"http:\/\/www.ips.gob.cl\/\" target=\"_blank\" rel=\"noopener noreferrer\">www.ips.gob.cl<\/a><\/b>. En esos sitios se puede solicitar una videollamada.<\/span><\/p>\n<p class=\"v1MsoNormal\" style=\"text-align: justify;\"><span lang=\"ES\">\u00fc\u00a0\u00a0<\/span><span lang=\"ES\">Presencialmente, en una de las cinco sucursales ChileAtiende del Instituto de Previsi\u00f3n Social, IPS en la regi\u00f3n de Ays\u00e9n: Puerto Cisnes, Cochrane, Chile Chico, Puerto Ays\u00e9n y Coyhaique.<\/span><\/p>\n<p class=\"v1MsoNormal\" style=\"text-align: justify;\"><span lang=\"ES\">\u00fc\u00a0\u00a0<\/span><span lang=\"ES\">En las municipalidades de nuestra regi\u00f3n.<\/span><\/p>\n<p class=\"v1MsoNormal\" style=\"text-align: justify;\"><span lang=\"ES\">\u00fc\u00a0\u00a0<\/span><span lang=\"ES\">Tambi\u00e9n est\u00e1 la opci\u00f3n de solicitarla en la AFP o compa\u00f1\u00eda de seguros a la que est\u00e9 afiliada la persona.<\/span><\/p>\n<p class=\"v1MsoNormal\" style=\"text-align: justify;\"><b><span lang=\"ES\">Para tener en cuenta:<\/span><\/b><\/p>\n<p class=\"v1MsoNormal\" style=\"text-align: justify;\"><span lang=\"ES\">Una condici\u00f3n previa a la solicitud del beneficio es estar en el Registro Social de Hogares (RSH) y mantenerlo actualizado, porque desde ah\u00ed se obtienen algunos datos para evaluar los requisitos.<\/span><\/p>\n<p class=\"v1MsoNormal\" style=\"text-align: justify;\">Para m\u00e1s informaci\u00f3n, se puede consultar en\u00a0<b><a href=\"http:\/\/www.chileatiende.cl\/\" target=\"_blank\" rel=\"noopener noreferrer\">www.chileatiende.cl<\/a><\/b>\u00a0o\u00a0<b><a href=\"http:\/\/www.ips.gob.cl\/\" target=\"_blank\" rel=\"noopener noreferrer\">www.ips.gob.cl<\/a><\/b>, en redes sociales\u00a0<b>@ChileAtiende<\/b>\u00a0en Facebook,\u00a0X (ex Twitter)\u00a0e\u00a0Instagram, o llamando al Call Center 101.<\/p>\n<\/div><\/section><\/div><div  style='height:50px' class='hr hr-invisible   avia-builder-el-6  el_after_av_one_full  el_before_av_social_share '><span class='hr-inner ' ><span class='hr-inner-style'><\/span><\/span><\/div><\/p>\n<div  class='av-social-sharing-box  avia-builder-el-7  el_after_av_hr  el_before_av_hr  '><div class='av-share-box'><h5 class='av-share-link-description av-no-toc '>Compartir esta noticia<\/h5><ul class='av-share-box-list noLightbox'><li class='av-share-link av-social-link-facebook' ><a target=\"_blank\" aria-label=\"Compartir en Facebook\" href='https:\/\/www.facebook.com\/sharer.php?u=https:\/\/radiorevelacionfm.cl\/?p=36293&#038;t=%C2%BFLa%20PGU%20debe%20solicitarse%20o%20se%20recibe%20autom%C3%A1ticamente%20a%20los%2065%20a%C3%B1os%3F' aria-hidden='false' data-av_icon='\ue8f3' data-av_iconfont='entypo-fontello' title='' data-avia-related-tooltip='Compartir en Facebook' rel=\"noopener\"><span class='avia_hidden_link_text'>Compartir en Facebook<\/span><\/a><\/li><li class='av-share-link av-social-link-twitter' ><a target=\"_blank\" aria-label=\"Compartir en Twitter\" href='https:\/\/twitter.com\/share?text=%C2%BFLa%20PGU%20debe%20solicitarse%20o%20se%20recibe%20autom%C3%A1ticamente%20a%20los%2065%20a%C3%B1os%3F&#038;url=https:\/\/radiorevelacionfm.cl\/?p=36293' aria-hidden='false' data-av_icon='\ue8f1' data-av_iconfont='entypo-fontello' title='' data-avia-related-tooltip='Compartir en Twitter' rel=\"noopener\"><span class='avia_hidden_link_text'>Compartir en Twitter<\/span><\/a><\/li><li class='av-share-link av-social-link-whatsapp' ><a target=\"_blank\" aria-label=\"Compartir en Whatsapp\" href='https:\/\/api.whatsapp.com\/send?text=https:\/\/radiorevelacionfm.cl\/?p=36293' aria-hidden='false' data-av_icon='\uf232' data-av_iconfont='entypo-fontello' title='' data-avia-related-tooltip='Compartir en Whatsapp' rel=\"noopener\"><span class='avia_hidden_link_text'>Compartir en Whatsapp<\/span><\/a><\/li><li class='av-share-link av-social-link-linkedin' ><a target=\"_blank\" aria-label=\"Compartir en LinkedIn\" href='https:\/\/linkedin.com\/shareArticle?mini=true&#038;title=%C2%BFLa%20PGU%20debe%20solicitarse%20o%20se%20recibe%20autom%C3%A1ticamente%20a%20los%2065%20a%C3%B1os%3F&#038;url=https:\/\/radiorevelacionfm.cl\/?p=36293' aria-hidden='false' data-av_icon='\ue8fc' data-av_iconfont='entypo-fontello' title='' data-avia-related-tooltip='Compartir en LinkedIn' rel=\"noopener\"><span class='avia_hidden_link_text'>Compartir en LinkedIn<\/span><\/a><\/li><li class='av-share-link av-social-link-mail' ><a  aria-label=\"Compartir por correo\" href='mailto:?subject=%C2%BFLa%20PGU%20debe%20solicitarse%20o%20se%20recibe%20autom%C3%A1ticamente%20a%20los%2065%20a%C3%B1os%3F&#038;body=https:\/\/radiorevelacionfm.cl\/?p=36293' aria-hidden='false' data-av_icon='\ue805' data-av_iconfont='entypo-fontello' title='' data-avia-related-tooltip='Compartir por correo'><span class='avia_hidden_link_text'>Compartir por correo<\/span><\/a><\/li><\/ul><\/div><\/div>\n<div  style='height:50px' class='hr hr-invisible   avia-builder-el-8  el_after_av_social_share  el_before_av_comments_list '><span class='hr-inner ' ><span class='hr-inner-style'><\/span><\/span><\/div>\n<div  class='av-buildercomment  av-blog-meta-html-info-disabled av-blog-meta-tag-disabled  '><\/div>\n","protected":false},"excerpt":{"rendered":"","protected":false},"author":1,"featured_media":36294,"comment_status":"open","ping_status":"open","sticky":false,"template":"","format":"standard","meta":{"footnotes":""},"categories":[38],"tags":[],"class_list":["post-36293","post","type-post","status-publish","format-standard","has-post-thumbnail","hentry","category-regional"],"jetpack_featured_media_url":"https:\/\/radiorevelacionfm.cl\/wp-content\/uploads\/2023\/10\/Llamado-a-Postular_PGU_PtoAysen-1-1.jpg","_links":{"self":[{"href":"https:\/\/radiorevelacionfm.cl\/index.php?rest_route=\/wp\/v2\/posts\/36293","targetHints":{"allow":["GET"]}}],"collection":[{"href":"https:\/\/radiorevelacionfm.cl\/index.php?rest_route=\/wp\/v2\/posts"}],"about":[{"href":"https:\/\/radiorevelacionfm.cl\/index.php?rest_route=\/wp\/v2\/types\/post"}],"author":[{"embeddable":true,"href":"https:\/\/radiorevelacionfm.cl\/index.php?rest_route=\/wp\/v2\/users\/1"}],"replies":[{"embeddable":true,"href":"https:\/\/radiorevelacionfm.cl\/index.php?rest_route=%2Fwp%2Fv2%2Fcomments&post=36293"}],"version-history":[{"count":1,"href":"https:\/\/radiorevelacionfm.cl\/index.php?rest_route=\/wp\/v2\/posts\/36293\/revisions"}],"predecessor-version":[{"id":36295,"href":"https:\/\/radiorevelacionfm.cl\/index.php?rest_route=\/wp\/v2\/posts\/36293\/revisions\/36295"}],"wp:featuredmedia":[{"embeddable":true,"href":"https:\/\/radiorevelacionfm.cl\/index.php?rest_route=\/wp\/v2\/media\/36294"}],"wp:attachment":[{"href":"https:\/\/radiorevelacionfm.cl\/index.php?rest_route=%2Fwp%2Fv2%2Fmedia&parent=36293"}],"wp:term":[{"taxonomy":"category","embeddable":true,"href":"https:\/\/radiorevelacionfm.cl\/index.php?rest_route=%2Fwp%2Fv2%2Fcategories&post=36293"},{"taxonomy":"post_tag","embeddable":true,"href":"https:\/\/radiorevelacionfm.cl\/index.php?rest_route=%2Fwp%2Fv2%2Ftags&post=36293"}],"curies":[{"name":"wp","href":"https:\/\/api.w.org\/{rel}","templated":true}]}}