{"id":3629,"date":"2021-04-28T20:52:40","date_gmt":"2021-04-28T23:52:40","guid":{"rendered":"https:\/\/radiorevelacionfm.cl\/?p=3629"},"modified":"2021-04-28T20:52:40","modified_gmt":"2021-04-28T23:52:40","slug":"core-requirio-respuestas-de-la-intendencia-a-observaciones-de-contraloria-sobre-entrega-de-cajas-de-alimentos","status":"publish","type":"post","link":"https:\/\/radiorevelacionfm.cl\/?p=3629","title":{"rendered":"CORE requiri\u00f3 respuestas de la Intendencia a observaciones de Contralor\u00eda sobre entrega de cajas de alimentos"},"content":{"rendered":"<div class=\"flex_column av_one_full  flex_column_div av-zero-column-padding first  avia-builder-el-0  el_before_av_one_full  avia-builder-el-first  \" style='border-radius:0px; '><div  class='avia-image-container  av-styling-    avia-builder-el-1  avia-builder-el-no-sibling  avia-align-center '  itemprop=\"image\" itemscope=\"itemscope\" itemtype=\"https:\/\/schema.org\/ImageObject\"  ><div class='avia-image-container-inner'><div class='avia-image-overlay-wrap'><img decoding=\"async\" class='wp-image-0 avia-img-lazy-loading-not-0 avia_image' src=\"https:\/\/radiorevelacionfm.cl\/wp-content\/uploads\/2021\/04\/image-18-4_optimized.png\" alt='' title=''   itemprop=\"thumbnailUrl\"  \/><\/div><\/div><\/div><\/div><div class=\"flex_column av_one_full  flex_column_div av-zero-column-padding first  avia-builder-el-2  el_after_av_one_full  el_before_av_one_full  column-top-margin\" style='border-radius:0px; '><section class=\"av_textblock_section \"  itemscope=\"itemscope\" itemtype=\"https:\/\/schema.org\/BlogPosting\" itemprop=\"blogPost\" ><div class='avia_textblock  '   itemprop=\"text\" ><p style=\"text-align: center;\"><span style=\"font-size: 18pt;\"><b><span lang=\"ES-MX\">CORE requiri\u00f3 respuestas de la Intendencia a observaciones de Contralor\u00eda sobre entrega de cajas de alimentos<\/span><\/b><\/span><\/p>\n<div id=\"gtx-trans\" style=\"position: absolute; left: -50px; top: 4.31534px;\">\n<div class=\"gtx-trans-icon\"><\/div>\n<\/div>\n<\/div><\/section><\/div><div class=\"flex_column av_one_full  flex_column_div av-zero-column-padding first  avia-builder-el-4  el_after_av_one_full  el_before_av_hr  column-top-margin\" style='border-radius:0px; '><section class=\"av_textblock_section \"  itemscope=\"itemscope\" itemtype=\"https:\/\/schema.org\/BlogPosting\" itemprop=\"blogPost\" ><div class='avia_textblock  '   itemprop=\"text\" ><p class=\"v1MsoNormal\" style=\"text-align: justify;\"><span lang=\"ES-MX\">Con la Intendente Margarita Ossa se reunieron el presidente del Consejo Regional (CORE), Sergio Gonz\u00e1lez, y el presidente de la Comisi\u00f3n Social, Gustavo Villarroel, tras las observaciones de Contralor\u00eda al proceso de entrega de cajas de alimentos, durante el a\u00f1o 2020, en el contexto de la pandemia.<\/span><\/p>\n<p class=\"v1MsoNormal\" style=\"text-align: justify;\"><span lang=\"ES-MX\">La reuni\u00f3n se realiz\u00f3 por solicitud del pleno del CORE a fin de conocer las respuestas al Informe N\u00b0395, de 68 p\u00e1ginas, emitido el pasado 01 de abril.<\/span><\/p>\n<p class=\"v1MsoNormal\" style=\"text-align: justify;\"><span lang=\"ES-MX\">\u00abSe nos dio un informe completo por parte de los profesionales que trabajaron directamente con la entrega y distribuci\u00f3n de estas canastas familiares y, obviamente, respecto a las respuestas de las observaciones determinadas por Contralor\u00eda. Lo que se necesita ahora es 15 d\u00edas para responder esto y hemos pedido tambi\u00e9n una presentaci\u00f3n a nuestro Consejo, para tener la informaci\u00f3n que cada consejero tenga la tranquilidad de que el proceso de desarroll\u00f3 en tiempo y forma como correspond\u00eda\u00bb, indic\u00f3 Sergio Gonz\u00e1lez B\u00f3rquez.<\/span><\/p>\n<p class=\"v1MsoNormal\" style=\"text-align: justify;\"><span lang=\"ES-MX\">Gustavo Villarroel indic\u00f3 que es fundamental tener claridad respecto de la utilizaci\u00f3n de los recursos p\u00fablicos destinados al apoyo inmediato de las familias con mayores necesidades.<\/span><\/p>\n<p class=\"v1MsoNormal\" style=\"text-align: justify;\"><span lang=\"ES-MX\">\u00abPor acuerdo de nuestro Consejo Regional, se mandat\u00f3 al presidente del CORE y a m\u00ed, como presidente de la Comisi\u00f3n Social, tener los antecedentes y detalles de lo que ocurri\u00f3 y qu\u00e9 an\u00e1lisis ha hecho la Intendencia Regional a cada una de las observaciones de Contralor\u00eda. Hemos finalizado esta reuni\u00f3n de casi dos horas, donde hemos conocido en detalle los procesos que se llevaron a cabo y hemos tenido acceso a los respaldos, tanto de la adquisici\u00f3n como de la entrega, y para cada una de estas observaciones est\u00e1n los antecedentes que explica que hubo casos excepcionales y tienen la explicaci\u00f3n debida\u00bb, enfatiz\u00f3.<\/span><\/p>\n<p class=\"v1MsoNormal\" style=\"text-align: justify;\"><span lang=\"ES-MX\">En la reuni\u00f3n se concord\u00f3 que una vez que el Ejecutivo finalice el informe con respuestas y antecedentes a cada una de las observaciones formuladas por Contralor\u00eda, la Intendenta Regional har\u00e1 una presentaci\u00f3n a la Comisi\u00f3n de R\u00e9gimen Interno del CORE, a fin de que cada consejero y consejera entregue su apreciaci\u00f3n, de forma complementaria a lo que resuelva Contralor\u00eda.<\/span><\/p>\n<\/div><\/section><\/div><div  style='height:50px' class='hr hr-invisible   avia-builder-el-6  el_after_av_one_full  el_before_av_social_share '><span class='hr-inner ' ><span class='hr-inner-style'><\/span><\/span><\/div><\/p>\n<div  class='av-social-sharing-box  avia-builder-el-7  el_after_av_hr  el_before_av_hr  '><div class='av-share-box'><h5 class='av-share-link-description av-no-toc '>Compartir esta noticia<\/h5><ul class='av-share-box-list noLightbox'><li class='av-share-link av-social-link-facebook' ><a target=\"_blank\" aria-label=\"Compartir en Facebook\" href='https:\/\/www.facebook.com\/sharer.php?u=https:\/\/radiorevelacionfm.cl\/?p=3629&#038;t=CORE%20requiri%C3%B3%20respuestas%20de%20la%20Intendencia%20a%20observaciones%20de%20Contralor%C3%ADa%20sobre%20entrega%20de%20cajas%20de%20alimentos' aria-hidden='false' data-av_icon='\ue8f3' data-av_iconfont='entypo-fontello' title='' data-avia-related-tooltip='Compartir en Facebook' rel=\"noopener\"><span class='avia_hidden_link_text'>Compartir en Facebook<\/span><\/a><\/li><li class='av-share-link av-social-link-twitter' ><a target=\"_blank\" aria-label=\"Compartir en Twitter\" href='https:\/\/twitter.com\/share?text=CORE%20requiri%C3%B3%20respuestas%20de%20la%20Intendencia%20a%20observaciones%20de%20Contralor%C3%ADa%20sobre%20entrega%20de%20cajas%20de%20alimentos&#038;url=https:\/\/radiorevelacionfm.cl\/?p=3629' aria-hidden='false' data-av_icon='\ue8f1' data-av_iconfont='entypo-fontello' title='' data-avia-related-tooltip='Compartir en Twitter' rel=\"noopener\"><span class='avia_hidden_link_text'>Compartir en Twitter<\/span><\/a><\/li><li class='av-share-link av-social-link-whatsapp' ><a target=\"_blank\" aria-label=\"Compartir en Whatsapp\" href='https:\/\/api.whatsapp.com\/send?text=https:\/\/radiorevelacionfm.cl\/?p=3629' aria-hidden='false' data-av_icon='\uf232' data-av_iconfont='entypo-fontello' title='' data-avia-related-tooltip='Compartir en Whatsapp' rel=\"noopener\"><span class='avia_hidden_link_text'>Compartir en Whatsapp<\/span><\/a><\/li><li class='av-share-link av-social-link-linkedin' ><a target=\"_blank\" aria-label=\"Compartir en LinkedIn\" href='https:\/\/linkedin.com\/shareArticle?mini=true&#038;title=CORE%20requiri%C3%B3%20respuestas%20de%20la%20Intendencia%20a%20observaciones%20de%20Contralor%C3%ADa%20sobre%20entrega%20de%20cajas%20de%20alimentos&#038;url=https:\/\/radiorevelacionfm.cl\/?p=3629' aria-hidden='false' data-av_icon='\ue8fc' data-av_iconfont='entypo-fontello' title='' data-avia-related-tooltip='Compartir en LinkedIn' rel=\"noopener\"><span class='avia_hidden_link_text'>Compartir en LinkedIn<\/span><\/a><\/li><li class='av-share-link av-social-link-mail' ><a  aria-label=\"Compartir por correo\" href='mailto:?subject=CORE%20requiri%C3%B3%20respuestas%20de%20la%20Intendencia%20a%20observaciones%20de%20Contralor%C3%ADa%20sobre%20entrega%20de%20cajas%20de%20alimentos&#038;body=https:\/\/radiorevelacionfm.cl\/?p=3629' aria-hidden='false' data-av_icon='\ue805' data-av_iconfont='entypo-fontello' title='' data-avia-related-tooltip='Compartir por correo'><span class='avia_hidden_link_text'>Compartir por correo<\/span><\/a><\/li><\/ul><\/div><\/div>\n<div  style='height:50px' class='hr hr-invisible   avia-builder-el-8  el_after_av_social_share  el_before_av_comments_list '><span class='hr-inner ' ><span class='hr-inner-style'><\/span><\/span><\/div>\n<div  class='av-buildercomment  av-blog-meta-html-info-disabled av-blog-meta-tag-disabled  '><\/div>\n","protected":false},"excerpt":{"rendered":"","protected":false},"author":1,"featured_media":0,"comment_status":"open","ping_status":"open","sticky":false,"template":"","format":"standard","meta":{"footnotes":""},"categories":[38],"tags":[],"class_list":["post-3629","post","type-post","status-publish","format-standard","hentry","category-regional"],"jetpack_featured_media_url":"","_links":{"self":[{"href":"https:\/\/radiorevelacionfm.cl\/index.php?rest_route=\/wp\/v2\/posts\/3629","targetHints":{"allow":["GET"]}}],"collection":[{"href":"https:\/\/radiorevelacionfm.cl\/index.php?rest_route=\/wp\/v2\/posts"}],"about":[{"href":"https:\/\/radiorevelacionfm.cl\/index.php?rest_route=\/wp\/v2\/types\/post"}],"author":[{"embeddable":true,"href":"https:\/\/radiorevelacionfm.cl\/index.php?rest_route=\/wp\/v2\/users\/1"}],"replies":[{"embeddable":true,"href":"https:\/\/radiorevelacionfm.cl\/index.php?rest_route=%2Fwp%2Fv2%2Fcomments&post=3629"}],"version-history":[{"count":1,"href":"https:\/\/radiorevelacionfm.cl\/index.php?rest_route=\/wp\/v2\/posts\/3629\/revisions"}],"predecessor-version":[{"id":3631,"href":"https:\/\/radiorevelacionfm.cl\/index.php?rest_route=\/wp\/v2\/posts\/3629\/revisions\/3631"}],"wp:attachment":[{"href":"https:\/\/radiorevelacionfm.cl\/index.php?rest_route=%2Fwp%2Fv2%2Fmedia&parent=3629"}],"wp:term":[{"taxonomy":"category","embeddable":true,"href":"https:\/\/radiorevelacionfm.cl\/index.php?rest_route=%2Fwp%2Fv2%2Fcategories&post=3629"},{"taxonomy":"post_tag","embeddable":true,"href":"https:\/\/radiorevelacionfm.cl\/index.php?rest_route=%2Fwp%2Fv2%2Ftags&post=3629"}],"curies":[{"name":"wp","href":"https:\/\/api.w.org\/{rel}","templated":true}]}}