{"id":36286,"date":"2023-10-25T18:57:32","date_gmt":"2023-10-25T21:57:32","guid":{"rendered":"https:\/\/radiorevelacionfm.cl\/?p=36286"},"modified":"2023-10-25T18:57:32","modified_gmt":"2023-10-25T21:57:32","slug":"gore-aysen-y-la-fao-firman-acuerdo-de-cooperacion-para-fortalecer-la-gestion-de-espacios-marinos-costeros","status":"publish","type":"post","link":"https:\/\/radiorevelacionfm.cl\/?p=36286","title":{"rendered":"GORE Ays\u00e9n y la FAO firman acuerdo de Cooperaci\u00f3n para fortalecer la Gesti\u00f3n de Espacios Marinos Costeros"},"content":{"rendered":"<div class=\"flex_column av_one_full  flex_column_div av-zero-column-padding first  avia-builder-el-0  el_before_av_one_full  avia-builder-el-first  \" style='border-radius:0px; '><div  class='avia-image-container  av-styling-    avia-builder-el-1  avia-builder-el-no-sibling  avia-align-center '  itemprop=\"image\" itemscope=\"itemscope\" itemtype=\"https:\/\/schema.org\/ImageObject\"  ><div class='avia-image-container-inner'><div class='avia-image-overlay-wrap'><img decoding=\"async\" class='wp-image-36287 avia-img-lazy-loading-not-36287 avia_image' src=\"https:\/\/radiorevelacionfm.cl\/wp-content\/uploads\/2023\/10\/foto-acuerdo-fao-4-1_optimized-1.jpeg\" alt='' title='foto-acuerdo-fao-4-(1)_optimized (1)' height=\"600\" width=\"950\"  itemprop=\"thumbnailUrl\" srcset=\"https:\/\/radiorevelacionfm.cl\/wp-content\/uploads\/2023\/10\/foto-acuerdo-fao-4-1_optimized-1.jpeg 950w, https:\/\/radiorevelacionfm.cl\/wp-content\/uploads\/2023\/10\/foto-acuerdo-fao-4-1_optimized-1-300x189.jpeg 300w, https:\/\/radiorevelacionfm.cl\/wp-content\/uploads\/2023\/10\/foto-acuerdo-fao-4-1_optimized-1-768x485.jpeg 768w, https:\/\/radiorevelacionfm.cl\/wp-content\/uploads\/2023\/10\/foto-acuerdo-fao-4-1_optimized-1-705x445.jpeg 705w, https:\/\/radiorevelacionfm.cl\/wp-content\/uploads\/2023\/10\/foto-acuerdo-fao-4-1_optimized-1-450x284.jpeg 450w, https:\/\/radiorevelacionfm.cl\/wp-content\/uploads\/2023\/10\/foto-acuerdo-fao-4-1_optimized-1-600x379.jpeg 600w\" sizes=\"(max-width: 950px) 100vw, 950px\" \/><\/div><\/div><\/div><\/div>\n<div class=\"flex_column av_one_full  flex_column_div av-zero-column-padding first  avia-builder-el-2  el_after_av_one_full  el_before_av_one_full  column-top-margin\" style='border-radius:0px; '><section class=\"av_textblock_section \"  itemscope=\"itemscope\" itemtype=\"https:\/\/schema.org\/BlogPosting\" itemprop=\"blogPost\" ><div class='avia_textblock  '   itemprop=\"text\" ><p style=\"text-align: center;\"><span style=\"font-size: 18pt;\"><b>GORE Ays\u00e9n y la FAO firman acuerdo de Cooperaci\u00f3n para fortalecer la Gesti\u00f3n de Espacios Marinos Costeros<\/b><\/span><\/p>\n<div id=\"gtx-trans\" style=\"position: absolute; left: -50px; top: 4.31534px;\">\n<div class=\"gtx-trans-icon\"><\/div>\n<\/div>\n<\/div><\/section><\/div>\n<div class=\"flex_column av_one_full  flex_column_div av-zero-column-padding first  avia-builder-el-4  el_after_av_one_full  el_before_av_hr  column-top-margin\" style='border-radius:0px; '><section class=\"av_textblock_section \"  itemscope=\"itemscope\" itemtype=\"https:\/\/schema.org\/BlogPosting\" itemprop=\"blogPost\" ><div class='avia_textblock  '   itemprop=\"text\" ><p style=\"font-weight: 400; text-align: justify;\">El Gobierno Regional de Ays\u00e9n y la Organizaci\u00f3n de las Naciones Unidas para la Alimentaci\u00f3n y la Agricultura (FAO) dieron un importante paso hacia la cooperaci\u00f3n en la gesti\u00f3n sostenible de los espacios marinos costeros de la Regi\u00f3n de Ays\u00e9n. El objetivo fundamental de la firma de este acuerdo es fortalecer la cooperaci\u00f3n entre ambas partes para mejorar la toma de decisiones, la planificaci\u00f3n y la gesti\u00f3n de los espacios marinos costeros en la Regi\u00f3n de Ays\u00e9n.<\/p>\n<p style=\"font-weight: 400; text-align: justify;\">Andrea Mac\u00edas, Gobernadora Regional de Ays\u00e9n, destac\u00f3 que este acuerdo de colaboraci\u00f3n permite profundizar la vinculaci\u00f3n con la FAO y seguir fortaleciendo el trabajo a nivel local. \u201cEs muy relevante poder avanzar en tener gobiernos regionales aut\u00f3nomos porque deben ser las pol\u00edticas p\u00fablicas regionales aquellas que predominen y que sean capaces de conducir la inversi\u00f3n p\u00fablica y otras medidas que se tomen para el desarrollo local. Hay que pensar la pol\u00edtica p\u00fablica con adaptaci\u00f3n al territorio\u201d, expres\u00f3 Mac\u00edas.<\/p>\n<p style=\"font-weight: 400; text-align: justify;\">Este hito refleja el compromiso del Gobierno Regional de Ays\u00e9n y la FAO en la promoci\u00f3n de la sostenibilidad en la gesti\u00f3n de los recursos marinos y la conservaci\u00f3n del entorno marino costero. La cooperaci\u00f3n entre estas dos entidades ser\u00e1 crucial para abordar los desaf\u00edos medioambientales y econ\u00f3micos que enfrenta la regi\u00f3n, al tiempo que se promueve la soberan\u00eda alimentaria y el desarrollo sostenible de las comunidades locales.<\/p>\n<p style=\"font-weight: 400; text-align: justify;\">Por su parte el Seremi de Medio Ambiente, Yoal D\u00edaz, destac\u00f3 las iniciativas que se desarrollan en la regi\u00f3n con el organismo internacional y el Fondo para el Medio Ambiente Mundial (GEF). \u201cEl trabajo que se ha venido realizando en la regi\u00f3n con la FAO y el GEF busca que los procesos de gobernanza sean efectivos y vinculantes dentro de todo lo que podamos avanzar. El proceso vinculante es un desaf\u00edo como pa\u00eds y territorio, y aqu\u00ed tenemos una oportunidad para avanzar en esta l\u00ednea. Adem\u00e1s, esto es tambi\u00e9n una oportunidad porque la crisis clim\u00e1tica que estamos viviendo tiene elementos que estos procesos de gobernanza nos permiten abordar de manera concreta\u201d, asegur\u00f3 D\u00edaz.<\/p>\n<p style=\"font-weight: 400; text-align: justify;\">En tanto la\u00a0Representante de la FAO en Chile, Eve Crowley,\u00a0enfatiz\u00f3 en que \u201cla forma en que las sociedades eligen gobernar sus recursos tiene un impacto profundo en la calidad de vida de las personas y en el desarrollo econ\u00f3mico. En Ays\u00e9n, esto se traduce en promover la producci\u00f3n local de alimentos y fomentar pr\u00e1cticas agr\u00edcolas y pesqueras sostenibles que reduzcan la dependencia de alimentos importados y fortalezcan la seguridad alimentaria de la regi\u00f3n\u201d.<\/p>\n<p style=\"font-weight: 400; text-align: justify;\">Durante el conversatorio se trataron temas relacionados a la conservaci\u00f3n y gesti\u00f3n sostenible de los recursos costeros, fundamentales para garantizar que estas \u00e1reas sigan siendo productivas y preserven su biodiversidad. Por otro lado, tambi\u00e9n se convers\u00f3 sobre la participaci\u00f3n activa de las comunidades costeras en la toma de decisiones.<\/p>\n<p style=\"font-weight: 400; text-align: justify;\">En esta l\u00ednea, el\u00a0Alcalde de Cisnes, Francisco Roncagliolo,\u00a0indic\u00f3 que \u201cpara nosotros como Comuna, esta carta de acuerdo realza el trabajo que se ha estado realizando hasta ahora en todas nuestras localidades, que forman parte del programa de Gobernanza Marino Costera. Este programa se ha convertido en un punto de encuentro estrat\u00e9gico, a pesar de las diferencias que puedan existir, para avanzar en acciones que promuevan el desarrollo sostenible de nuestra comunidad\u201d.<\/p>\n<p style=\"font-weight: 400; text-align: justify;\">\u201cEsta reciente firma abre la posibilidad de que la FAO inicie su colaboraci\u00f3n en nuestra regi\u00f3n, contribuyendo a la gesti\u00f3n de nuestros recursos marinos costeros y otros intereses locales. Hoy la Comuna de Cisnes es parte del programa piloto que esperamos, pueda implementarse en el corto plazo en la regi\u00f3n de Ays\u00e9n. Esto proporcionar\u00e1 herramientas adicionales para trabajar en conjunto en la promoci\u00f3n de la producci\u00f3n local de alimentos y en el fomento de pr\u00e1cticas agr\u00edcolas y pesqueras sostenibles. Queremos avanzar en esa direcci\u00f3n, impulsando el desarrollo de nuestra comuna y el bienestar de nuestra gente\u201d,\u00a0a\u00f1adi\u00f3 Roncagliolo.<\/p>\n<p style=\"font-weight: 400; text-align: justify;\">La Regi\u00f3n de Ays\u00e9n est\u00e1 avanzando en el dise\u00f1o de la Pol\u00edtica Regional de Desarrollo Rural. Esta pol\u00edtica tiene como objetivo fundamental impulsar el desarrollo de las zonas rurales, garantizando un enfoque integral y descentralizado que abarca tanto la producci\u00f3n agroalimentaria como la sostenibilidad ambiental.<\/p>\n<p style=\"font-weight: 400; text-align: justify;\">El\u00a0proyecto GEF Gobernanza Marino Costera\u00a0que convoc\u00f3 el conversatorio, es ejecutado por el Ministerio del Medio Ambiente, en conjunto con el Ministerio de Bienes Nacionales, la Subsecretar\u00eda de Desarrollo Regional, la Subsecretar\u00eda de Pesca y Acuicultura, Subsecretar\u00eda de Fuerzas Armadas y el Servicio Nacional de Pesca y Acuicultura.<\/p>\n<p style=\"font-weight: 400; text-align: justify;\">Adem\u00e1s, es implementado por la Organizaci\u00f3n de las Naciones Unidas para la Alimentaci\u00f3n y la Agricultura (FAO), con financiamiento del Fondo para el Medio Ambiente Mundial (GEF por su sigla en ingl\u00e9s).<\/p>\n<\/div><\/section><\/div><div  style='height:50px' class='hr hr-invisible   avia-builder-el-6  el_after_av_one_full  el_before_av_social_share '><span class='hr-inner ' ><span class='hr-inner-style'><\/span><\/span><\/div><\/p>\n<div  class='av-social-sharing-box  avia-builder-el-7  el_after_av_hr  el_before_av_hr  '><div class='av-share-box'><h5 class='av-share-link-description av-no-toc '>Compartir esta noticia<\/h5><ul class='av-share-box-list noLightbox'><li class='av-share-link av-social-link-facebook' ><a target=\"_blank\" aria-label=\"Compartir en Facebook\" href='https:\/\/www.facebook.com\/sharer.php?u=https:\/\/radiorevelacionfm.cl\/?p=36286&#038;t=GORE%20Ays%C3%A9n%20y%20la%20FAO%20firman%20acuerdo%20de%20Cooperaci%C3%B3n%20para%20fortalecer%20la%20Gesti%C3%B3n%20de%20Espacios%20Marinos%20Costeros' aria-hidden='false' data-av_icon='\ue8f3' data-av_iconfont='entypo-fontello' title='' data-avia-related-tooltip='Compartir en Facebook' rel=\"noopener\"><span class='avia_hidden_link_text'>Compartir en Facebook<\/span><\/a><\/li><li class='av-share-link av-social-link-twitter' ><a target=\"_blank\" aria-label=\"Compartir en Twitter\" href='https:\/\/twitter.com\/share?text=GORE%20Ays%C3%A9n%20y%20la%20FAO%20firman%20acuerdo%20de%20Cooperaci%C3%B3n%20para%20fortalecer%20la%20Gesti%C3%B3n%20de%20Espacios%20Marinos%20Costeros&#038;url=https:\/\/radiorevelacionfm.cl\/?p=36286' aria-hidden='false' data-av_icon='\ue8f1' data-av_iconfont='entypo-fontello' title='' data-avia-related-tooltip='Compartir en Twitter' rel=\"noopener\"><span class='avia_hidden_link_text'>Compartir en Twitter<\/span><\/a><\/li><li class='av-share-link av-social-link-whatsapp' ><a target=\"_blank\" aria-label=\"Compartir en Whatsapp\" href='https:\/\/api.whatsapp.com\/send?text=https:\/\/radiorevelacionfm.cl\/?p=36286' aria-hidden='false' data-av_icon='\uf232' data-av_iconfont='entypo-fontello' title='' data-avia-related-tooltip='Compartir en Whatsapp' rel=\"noopener\"><span class='avia_hidden_link_text'>Compartir en Whatsapp<\/span><\/a><\/li><li class='av-share-link av-social-link-linkedin' ><a target=\"_blank\" aria-label=\"Compartir en LinkedIn\" href='https:\/\/linkedin.com\/shareArticle?mini=true&#038;title=GORE%20Ays%C3%A9n%20y%20la%20FAO%20firman%20acuerdo%20de%20Cooperaci%C3%B3n%20para%20fortalecer%20la%20Gesti%C3%B3n%20de%20Espacios%20Marinos%20Costeros&#038;url=https:\/\/radiorevelacionfm.cl\/?p=36286' aria-hidden='false' data-av_icon='\ue8fc' data-av_iconfont='entypo-fontello' title='' data-avia-related-tooltip='Compartir en LinkedIn' rel=\"noopener\"><span class='avia_hidden_link_text'>Compartir en LinkedIn<\/span><\/a><\/li><li class='av-share-link av-social-link-mail' ><a  aria-label=\"Compartir por correo\" href='mailto:?subject=GORE%20Ays%C3%A9n%20y%20la%20FAO%20firman%20acuerdo%20de%20Cooperaci%C3%B3n%20para%20fortalecer%20la%20Gesti%C3%B3n%20de%20Espacios%20Marinos%20Costeros&#038;body=https:\/\/radiorevelacionfm.cl\/?p=36286' aria-hidden='false' data-av_icon='\ue805' data-av_iconfont='entypo-fontello' title='' data-avia-related-tooltip='Compartir por correo'><span class='avia_hidden_link_text'>Compartir por correo<\/span><\/a><\/li><\/ul><\/div><\/div>\n<div  style='height:50px' class='hr hr-invisible   avia-builder-el-8  el_after_av_social_share  el_before_av_comments_list '><span class='hr-inner ' ><span class='hr-inner-style'><\/span><\/span><\/div>\n<div  class='av-buildercomment  av-blog-meta-html-info-disabled av-blog-meta-tag-disabled  '><\/div>\n","protected":false},"excerpt":{"rendered":"","protected":false},"author":1,"featured_media":36287,"comment_status":"open","ping_status":"open","sticky":false,"template":"","format":"standard","meta":{"footnotes":""},"categories":[38],"tags":[],"class_list":["post-36286","post","type-post","status-publish","format-standard","has-post-thumbnail","hentry","category-regional"],"jetpack_featured_media_url":"https:\/\/radiorevelacionfm.cl\/wp-content\/uploads\/2023\/10\/foto-acuerdo-fao-4-1_optimized-1.jpeg","_links":{"self":[{"href":"https:\/\/radiorevelacionfm.cl\/index.php?rest_route=\/wp\/v2\/posts\/36286","targetHints":{"allow":["GET"]}}],"collection":[{"href":"https:\/\/radiorevelacionfm.cl\/index.php?rest_route=\/wp\/v2\/posts"}],"about":[{"href":"https:\/\/radiorevelacionfm.cl\/index.php?rest_route=\/wp\/v2\/types\/post"}],"author":[{"embeddable":true,"href":"https:\/\/radiorevelacionfm.cl\/index.php?rest_route=\/wp\/v2\/users\/1"}],"replies":[{"embeddable":true,"href":"https:\/\/radiorevelacionfm.cl\/index.php?rest_route=%2Fwp%2Fv2%2Fcomments&post=36286"}],"version-history":[{"count":2,"href":"https:\/\/radiorevelacionfm.cl\/index.php?rest_route=\/wp\/v2\/posts\/36286\/revisions"}],"predecessor-version":[{"id":36289,"href":"https:\/\/radiorevelacionfm.cl\/index.php?rest_route=\/wp\/v2\/posts\/36286\/revisions\/36289"}],"wp:featuredmedia":[{"embeddable":true,"href":"https:\/\/radiorevelacionfm.cl\/index.php?rest_route=\/wp\/v2\/media\/36287"}],"wp:attachment":[{"href":"https:\/\/radiorevelacionfm.cl\/index.php?rest_route=%2Fwp%2Fv2%2Fmedia&parent=36286"}],"wp:term":[{"taxonomy":"category","embeddable":true,"href":"https:\/\/radiorevelacionfm.cl\/index.php?rest_route=%2Fwp%2Fv2%2Fcategories&post=36286"},{"taxonomy":"post_tag","embeddable":true,"href":"https:\/\/radiorevelacionfm.cl\/index.php?rest_route=%2Fwp%2Fv2%2Ftags&post=36286"}],"curies":[{"name":"wp","href":"https:\/\/api.w.org\/{rel}","templated":true}]}}