{"id":36283,"date":"2023-10-25T18:29:37","date_gmt":"2023-10-25T21:29:37","guid":{"rendered":"https:\/\/radiorevelacionfm.cl\/?p=36283"},"modified":"2023-10-25T18:29:37","modified_gmt":"2023-10-25T21:29:37","slug":"municipio-de-aysen-entrego-subvencion-a-deportistas-que-competiran-a-nivel-nacional","status":"publish","type":"post","link":"https:\/\/radiorevelacionfm.cl\/?p=36283","title":{"rendered":"Municipio de Ays\u00e9n entreg\u00f3 subvenci\u00f3n a deportistas que competir\u00e1n a nivel nacional"},"content":{"rendered":"<div class=\"flex_column av_one_full  flex_column_div av-zero-column-padding first  avia-builder-el-0  el_before_av_one_full  avia-builder-el-first  \" style='border-radius:0px; '><div  class='avia-image-container  av-styling-    avia-builder-el-1  avia-builder-el-no-sibling  avia-align-center '  itemprop=\"image\" itemscope=\"itemscope\" itemtype=\"https:\/\/schema.org\/ImageObject\"  ><div class='avia-image-container-inner'><div class='avia-image-overlay-wrap'><img decoding=\"async\" class='wp-image-36284 avia-img-lazy-loading-not-36284 avia_image' src=\"https:\/\/radiorevelacionfm.cl\/wp-content\/uploads\/2023\/10\/subvencion-ciclismo-y-escalada-1-1_optimized.jpg\" alt='' title='subvencion-ciclismo-y-escalada-1-(1)_optimized' height=\"600\" width=\"1067\"  itemprop=\"thumbnailUrl\" srcset=\"https:\/\/radiorevelacionfm.cl\/wp-content\/uploads\/2023\/10\/subvencion-ciclismo-y-escalada-1-1_optimized.jpg 1067w, https:\/\/radiorevelacionfm.cl\/wp-content\/uploads\/2023\/10\/subvencion-ciclismo-y-escalada-1-1_optimized-300x169.jpg 300w, https:\/\/radiorevelacionfm.cl\/wp-content\/uploads\/2023\/10\/subvencion-ciclismo-y-escalada-1-1_optimized-1030x579.jpg 1030w, https:\/\/radiorevelacionfm.cl\/wp-content\/uploads\/2023\/10\/subvencion-ciclismo-y-escalada-1-1_optimized-768x432.jpg 768w, https:\/\/radiorevelacionfm.cl\/wp-content\/uploads\/2023\/10\/subvencion-ciclismo-y-escalada-1-1_optimized-705x396.jpg 705w, https:\/\/radiorevelacionfm.cl\/wp-content\/uploads\/2023\/10\/subvencion-ciclismo-y-escalada-1-1_optimized-450x253.jpg 450w, https:\/\/radiorevelacionfm.cl\/wp-content\/uploads\/2023\/10\/subvencion-ciclismo-y-escalada-1-1_optimized-600x337.jpg 600w\" sizes=\"(max-width: 1067px) 100vw, 1067px\" \/><\/div><\/div><\/div><\/div><div class=\"flex_column av_one_full  flex_column_div av-zero-column-padding first  avia-builder-el-2  el_after_av_one_full  el_before_av_one_full  column-top-margin\" style='border-radius:0px; '><section class=\"av_textblock_section \"  itemscope=\"itemscope\" itemtype=\"https:\/\/schema.org\/BlogPosting\" itemprop=\"blogPost\" ><div class='avia_textblock  '   itemprop=\"text\" ><p style=\"text-align: center;\"><strong><span style=\"font-size: 18pt;\">Municipio de Ays\u00e9n entreg\u00f3 subvenci\u00f3n a deportistas que competir\u00e1n a nivel nacional<\/span><\/strong><\/p>\n<div id=\"gtx-trans\" style=\"position: absolute; left: -50px; top: 4.31534px;\">\n<div class=\"gtx-trans-icon\"><\/div>\n<\/div>\n<\/div><\/section><\/div><div class=\"flex_column av_one_full  flex_column_div av-zero-column-padding first  avia-builder-el-4  el_after_av_one_full  el_before_av_hr  column-top-margin\" style='border-radius:0px; '><section class=\"av_textblock_section \"  itemscope=\"itemscope\" itemtype=\"https:\/\/schema.org\/BlogPosting\" itemprop=\"blogPost\" ><div class='avia_textblock  '   itemprop=\"text\" ><p style=\"text-align: justify;\">Tras presentar sus requerimientos a la Municipalidad, dos agrupaciones deportivas de Puerto Ays\u00e9n, obtuvieron subvenci\u00f3n para que algunos de sus integrantes puedan ser parte de campeonatos a nivel nacional en las disciplinas del ciclismo y escalada, en los juegos de la Araucan\u00eda y en Arica, respectivamente.<\/p>\n<p style=\"text-align: justify;\">\u201cSe han entregado los documentos para que puedan participar, uno en los nacionales y el otro en juegos de la Araucan\u00eda. Dos j\u00f3venes de Ays\u00e9n van a los nacionales de escalada, donde ya han participado y nos han dejado bien representados, pero ahora, ten\u00edan dificultades en parte de la estad\u00eda de estas competencias, donde van a representar a nuestra regi\u00f3n y el Concejo Municipal aprob\u00f3 por unanimidad estos recursos que hoy fueron entregados. Como as\u00ed tambi\u00e9n, nuestra deportista Maite, ella participa en ciclismo y los altos costos en su equipamiento hacen tambi\u00e9n que, a trav\u00e9s de las subvenciones municipales le entreguemos un aporte\u201d, manifest\u00f3 el Alcalde de la comuna de Ays\u00e9n, Julio Uribe Alvarado.<\/p>\n<p style=\"text-align: justify;\">Por su parte, Jorge Oyarz\u00fan, presidente del Club de Ciclismo de Puerto Ays\u00e9n, se refiri\u00f3 a lo necesario que era contar con apoyo para una mejor implementaci\u00f3n de la joven competidora que ir\u00e1 a los juegos de la Araucan\u00eda.<\/p>\n<p style=\"text-align: justify;\">\u201cVa por segundo a\u00f1o consecutivo nuestra corredora Maite, ella est\u00e1 en muy buen nivel, el a\u00f1o anterior qued\u00f3 en cuarto lugar, en una prueba que era contra reloj. Este a\u00f1o nos hemos preparado tanto f\u00edsicamente como tambi\u00e9n en equipamiento y eso tiene que ver con bicicleta, con mejorar el tema de la calidad de estas mismas y la subvenci\u00f3n que pedimos al Municipio era para eso. Para que ella este a\u00f1o pueda ir a realizar una buena presentaci\u00f3n y porque no, traer una medalla para la regi\u00f3n de Ays\u00e9n\u201d.<\/p>\n<p style=\"text-align: justify;\">Maite Mardones, se\u00f1al\u00f3 que tiene amplias expectativas con su participaci\u00f3n en los juegos de la Araucan\u00eda y para ella la subvenci\u00f3n municipal, se traducir\u00e1 en mejorar las condiciones de su bicicleta. \u201cMuy contenta porque gracias a la subvenci\u00f3n voy a poder recibir la rueda que tanto necesito, para poder correr mi prueba espec\u00edfica, que es la contra reloj, en la cual hay muchas esperanzas. Agradezco especialmente a mis pap\u00e1s que siempre han estado, desde que empec\u00e9 y al club de ciclismo, que han estado cien por ciento conmigo\u201d.<\/p>\n<p style=\"text-align: justify;\">Hasta Arica van a representar a nuestra comuna y regi\u00f3n j\u00f3venes integrantes de la agrupaci\u00f3n de escalada \u201cLitchen\u201d de Puerto Ays\u00e9n, su presidente Miguel Vera, detall\u00f3 en que ocupar\u00e1n la subvenci\u00f3n entregada por la Municipalidad.<\/p>\n<p style=\"text-align: justify;\">\u201cCon la subvenci\u00f3n espero financiar el viaje a un nacional de escalada que se va a desarrollar en Arica desde el 1 al 4 de noviembre, llegan escaladores escolares de todo el pa\u00eds, generalmente hay hasta 250 participantes, nosotros somos un grupo de Puerto Ays\u00e9n que va a formar parte de la selecci\u00f3n regional. Estamos contentos, ya que, el viaje se ven\u00eda bastante dif\u00edcil en cuanto a los materiales, lo que es transporte, estad\u00eda, son varios d\u00edas y gracias a la subvenci\u00f3n vamos mucho m\u00e1s tranquilos, se puede entrenar con m\u00e1s calma y poder ir a conseguir buenos resultados\u201d.<\/p>\n<p style=\"text-align: justify;\">Dos de los j\u00f3venes que viajar\u00e1n a competir a Arica, se refer\u00edan al apoyo otorgado por la Municipalidad de Ays\u00e9n, \u201cinfinitas gracias a todo el equipo de la Municipalidad\u201d, se\u00f1al\u00f3 Gabriel Gonz\u00e1lez. Mientras que, Martin Vera, coment\u00f3 que, \u201cme parece grandioso, porque sin la ayuda hubiera sido todo muy limitado en el viaje, as\u00ed es que, muchas gracias por la subvenci\u00f3n\u201d, indicaron.<\/p>\n<\/div><\/section><\/div><div  style='height:50px' class='hr hr-invisible   avia-builder-el-6  el_after_av_one_full  el_before_av_social_share '><span class='hr-inner ' ><span class='hr-inner-style'><\/span><\/span><\/div><\/p>\n<div  class='av-social-sharing-box  avia-builder-el-7  el_after_av_hr  el_before_av_hr  '><div class='av-share-box'><h5 class='av-share-link-description av-no-toc '>Compartir esta noticia<\/h5><ul class='av-share-box-list noLightbox'><li class='av-share-link av-social-link-facebook' ><a target=\"_blank\" aria-label=\"Compartir en Facebook\" href='https:\/\/www.facebook.com\/sharer.php?u=https:\/\/radiorevelacionfm.cl\/?p=36283&#038;t=Municipio%20de%20Ays%C3%A9n%20entreg%C3%B3%20subvenci%C3%B3n%20a%20deportistas%20que%20competir%C3%A1n%20a%20nivel%20nacional' aria-hidden='false' data-av_icon='\ue8f3' data-av_iconfont='entypo-fontello' title='' data-avia-related-tooltip='Compartir en Facebook' rel=\"noopener\"><span class='avia_hidden_link_text'>Compartir en Facebook<\/span><\/a><\/li><li class='av-share-link av-social-link-twitter' ><a target=\"_blank\" aria-label=\"Compartir en Twitter\" href='https:\/\/twitter.com\/share?text=Municipio%20de%20Ays%C3%A9n%20entreg%C3%B3%20subvenci%C3%B3n%20a%20deportistas%20que%20competir%C3%A1n%20a%20nivel%20nacional&#038;url=https:\/\/radiorevelacionfm.cl\/?p=36283' aria-hidden='false' data-av_icon='\ue8f1' data-av_iconfont='entypo-fontello' title='' data-avia-related-tooltip='Compartir en Twitter' rel=\"noopener\"><span class='avia_hidden_link_text'>Compartir en Twitter<\/span><\/a><\/li><li class='av-share-link av-social-link-whatsapp' ><a target=\"_blank\" aria-label=\"Compartir en Whatsapp\" href='https:\/\/api.whatsapp.com\/send?text=https:\/\/radiorevelacionfm.cl\/?p=36283' aria-hidden='false' data-av_icon='\uf232' data-av_iconfont='entypo-fontello' title='' data-avia-related-tooltip='Compartir en Whatsapp' rel=\"noopener\"><span class='avia_hidden_link_text'>Compartir en Whatsapp<\/span><\/a><\/li><li class='av-share-link av-social-link-linkedin' ><a target=\"_blank\" aria-label=\"Compartir en LinkedIn\" href='https:\/\/linkedin.com\/shareArticle?mini=true&#038;title=Municipio%20de%20Ays%C3%A9n%20entreg%C3%B3%20subvenci%C3%B3n%20a%20deportistas%20que%20competir%C3%A1n%20a%20nivel%20nacional&#038;url=https:\/\/radiorevelacionfm.cl\/?p=36283' aria-hidden='false' data-av_icon='\ue8fc' data-av_iconfont='entypo-fontello' title='' data-avia-related-tooltip='Compartir en LinkedIn' rel=\"noopener\"><span class='avia_hidden_link_text'>Compartir en LinkedIn<\/span><\/a><\/li><li class='av-share-link av-social-link-mail' ><a  aria-label=\"Compartir por correo\" href='mailto:?subject=Municipio%20de%20Ays%C3%A9n%20entreg%C3%B3%20subvenci%C3%B3n%20a%20deportistas%20que%20competir%C3%A1n%20a%20nivel%20nacional&#038;body=https:\/\/radiorevelacionfm.cl\/?p=36283' aria-hidden='false' data-av_icon='\ue805' data-av_iconfont='entypo-fontello' title='' data-avia-related-tooltip='Compartir por correo'><span class='avia_hidden_link_text'>Compartir por correo<\/span><\/a><\/li><\/ul><\/div><\/div>\n<div  style='height:50px' class='hr hr-invisible   avia-builder-el-8  el_after_av_social_share  el_before_av_comments_list '><span class='hr-inner ' ><span class='hr-inner-style'><\/span><\/span><\/div>\n<div  class='av-buildercomment  av-blog-meta-html-info-disabled av-blog-meta-tag-disabled  '><\/div>\n","protected":false},"excerpt":{"rendered":"","protected":false},"author":1,"featured_media":36284,"comment_status":"open","ping_status":"open","sticky":false,"template":"","format":"standard","meta":{"footnotes":""},"categories":[38],"tags":[],"class_list":["post-36283","post","type-post","status-publish","format-standard","has-post-thumbnail","hentry","category-regional"],"jetpack_featured_media_url":"https:\/\/radiorevelacionfm.cl\/wp-content\/uploads\/2023\/10\/subvencion-ciclismo-y-escalada-1-1_optimized.jpg","_links":{"self":[{"href":"https:\/\/radiorevelacionfm.cl\/index.php?rest_route=\/wp\/v2\/posts\/36283","targetHints":{"allow":["GET"]}}],"collection":[{"href":"https:\/\/radiorevelacionfm.cl\/index.php?rest_route=\/wp\/v2\/posts"}],"about":[{"href":"https:\/\/radiorevelacionfm.cl\/index.php?rest_route=\/wp\/v2\/types\/post"}],"author":[{"embeddable":true,"href":"https:\/\/radiorevelacionfm.cl\/index.php?rest_route=\/wp\/v2\/users\/1"}],"replies":[{"embeddable":true,"href":"https:\/\/radiorevelacionfm.cl\/index.php?rest_route=%2Fwp%2Fv2%2Fcomments&post=36283"}],"version-history":[{"count":1,"href":"https:\/\/radiorevelacionfm.cl\/index.php?rest_route=\/wp\/v2\/posts\/36283\/revisions"}],"predecessor-version":[{"id":36285,"href":"https:\/\/radiorevelacionfm.cl\/index.php?rest_route=\/wp\/v2\/posts\/36283\/revisions\/36285"}],"wp:featuredmedia":[{"embeddable":true,"href":"https:\/\/radiorevelacionfm.cl\/index.php?rest_route=\/wp\/v2\/media\/36284"}],"wp:attachment":[{"href":"https:\/\/radiorevelacionfm.cl\/index.php?rest_route=%2Fwp%2Fv2%2Fmedia&parent=36283"}],"wp:term":[{"taxonomy":"category","embeddable":true,"href":"https:\/\/radiorevelacionfm.cl\/index.php?rest_route=%2Fwp%2Fv2%2Fcategories&post=36283"},{"taxonomy":"post_tag","embeddable":true,"href":"https:\/\/radiorevelacionfm.cl\/index.php?rest_route=%2Fwp%2Fv2%2Ftags&post=36283"}],"curies":[{"name":"wp","href":"https:\/\/api.w.org\/{rel}","templated":true}]}}