{"id":36280,"date":"2023-10-26T10:36:20","date_gmt":"2023-10-26T13:36:20","guid":{"rendered":"https:\/\/radiorevelacionfm.cl\/?p=36280"},"modified":"2023-10-26T10:36:20","modified_gmt":"2023-10-26T13:36:20","slug":"seremi-de-gobierno-de-aysen-valora-firma-de-acuerdo-para-potenciar-la-alfabetizacion-digital-en-chile","status":"publish","type":"post","link":"https:\/\/radiorevelacionfm.cl\/?p=36280","title":{"rendered":"Seremi de Gobierno de Ays\u00e9n valora firma de acuerdo para potenciar la alfabetizaci\u00f3n digital en Chile"},"content":{"rendered":"<div class=\"flex_column av_one_full  flex_column_div av-zero-column-padding first  avia-builder-el-0  el_before_av_one_full  avia-builder-el-first  \" style='border-radius:0px; '><div  class='avia-image-container  av-styling-    avia-builder-el-1  avia-builder-el-no-sibling  avia-align-center '  itemprop=\"image\" itemscope=\"itemscope\" itemtype=\"https:\/\/schema.org\/ImageObject\"  ><div class='avia-image-container-inner'><div class='avia-image-overlay-wrap'><img decoding=\"async\" class='wp-image-36281 avia-img-lazy-loading-not-36281 avia_image' src=\"https:\/\/radiorevelacionfm.cl\/wp-content\/uploads\/2023\/10\/Seremi-Huawei-1-1.jpeg\" alt='' title='Seremi Huawei (1) (1)' height=\"600\" width=\"1037\"  itemprop=\"thumbnailUrl\" srcset=\"https:\/\/radiorevelacionfm.cl\/wp-content\/uploads\/2023\/10\/Seremi-Huawei-1-1.jpeg 1037w, https:\/\/radiorevelacionfm.cl\/wp-content\/uploads\/2023\/10\/Seremi-Huawei-1-1-300x174.jpeg 300w, https:\/\/radiorevelacionfm.cl\/wp-content\/uploads\/2023\/10\/Seremi-Huawei-1-1-1030x596.jpeg 1030w, https:\/\/radiorevelacionfm.cl\/wp-content\/uploads\/2023\/10\/Seremi-Huawei-1-1-768x444.jpeg 768w, https:\/\/radiorevelacionfm.cl\/wp-content\/uploads\/2023\/10\/Seremi-Huawei-1-1-705x408.jpeg 705w, https:\/\/radiorevelacionfm.cl\/wp-content\/uploads\/2023\/10\/Seremi-Huawei-1-1-450x260.jpeg 450w, https:\/\/radiorevelacionfm.cl\/wp-content\/uploads\/2023\/10\/Seremi-Huawei-1-1-600x347.jpeg 600w\" sizes=\"(max-width: 1037px) 100vw, 1037px\" \/><\/div><\/div><\/div><\/div><div class=\"flex_column av_one_full  flex_column_div av-zero-column-padding first  avia-builder-el-2  el_after_av_one_full  el_before_av_one_full  column-top-margin\" style='border-radius:0px; '><section class=\"av_textblock_section \"  itemscope=\"itemscope\" itemtype=\"https:\/\/schema.org\/BlogPosting\" itemprop=\"blogPost\" ><div class='avia_textblock  '   itemprop=\"text\" ><p style=\"text-align: center;\"><span style=\"font-size: 18pt;\"><strong>Seremi de Gobierno de Ays\u00e9n valora firma de acuerdo para potenciar la alfabetizaci\u00f3n digital en Chile<\/strong><\/span><\/p>\n<div id=\"gtx-trans\" style=\"position: absolute; left: -50px; top: 4.31534px;\">\n<div class=\"gtx-trans-icon\"><\/div>\n<\/div>\n<\/div><\/section><\/div><div class=\"flex_column av_one_full  flex_column_div av-zero-column-padding first  avia-builder-el-4  el_after_av_one_full  el_before_av_hr  column-top-margin\" style='border-radius:0px; '><section class=\"av_textblock_section \"  itemscope=\"itemscope\" itemtype=\"https:\/\/schema.org\/BlogPosting\" itemprop=\"blogPost\" ><div class='avia_textblock  '   itemprop=\"text\" ><p style=\"text-align: justify;\">En el marco de la visita de Estado a China, que se llev\u00f3 a cabo la semana pasada, la ministra de la Secretar\u00eda General de Gobierno (Segegob), Camila Vallejo, anunci\u00f3 la firma de un acuerdo de colaboraci\u00f3n con Huawei Chile, con el objetivo de fortalecer la alfabetizaci\u00f3n digital en el pa\u00eds.<\/p>\n<p style=\"text-align: justify;\">El anuncio se produjo tras una reuni\u00f3n en Beijing entre la secretaria de Estado, el presidente del directorio de la empresa, Liang Hua, el gerente general de Huawei Chile, Guo Yi, y otras personalidades, como el ministro de Transportes y Telecomunicaciones, Juan Carlos Mu\u00f1oz, y el embajador de Chile en China, Mauricio Hurtado.<\/p>\n<p style=\"text-align: justify;\">Tatiana Pl\u00e1 \u00c1lvarez, Seremi de Gobierno de Ays\u00e9n, destac\u00f3: \u201cValoramos este acuerdo firmado por nuestra ministra Camila Vallejo, y el ministro de Transporte y Telecomunicaciones, Juan Carlos Mu\u00f1oz, durante la visita de Estado a China, ya que este va a significar que, en conjunto con esta empresa de telecomunicaciones reconocida a nivel mundial, nuestro Gobierno podr\u00e1 poner en marcha programas de educaci\u00f3n digital y capacitaciones inform\u00e1ticas, que contribuir\u00e1n a reducir la brecha digital que existe en sectores m\u00e1s vulnerables, zonas rurales y personas mayores de nuestro pa\u00eds y la regi\u00f3n\u201d.<\/p>\n<p style=\"text-align: justify;\">El acuerdo se formaliz\u00f3 a trav\u00e9s de un memorando de entendimiento que establece la colaboraci\u00f3n entre la Secretar\u00eda General de Gobierno y Huawei Chile en la promoci\u00f3n de la alfabetizaci\u00f3n digital. Este esfuerzo se centrar\u00e1 en brindar herramientas y programas de educaci\u00f3n digital, especialmente dirigidos a organizaciones sociales y grupos en situaciones vulnerables.<\/p>\n<p style=\"text-align: justify;\">Adem\u00e1s, Huawei otorgar\u00e1 20 becas de estudio para el talento digital, que permitir\u00e1n a estudiantes chilenos realizar una pasant\u00eda en la Universidad de Huawei, ubicada en la ciudad de\u00a0 Shenzhen, China. Estas becas se centrar\u00e1n en centros de formaci\u00f3n t\u00e9cnica y universidades de todo Chile, contribuyendo a la formaci\u00f3n de recursos humanos en el \u00e1mbito digital. Por ello, este pasado martes 24 de octubre, la ministra Vallejo se reuni\u00f3 en La Moneda con el ministro de Educaci\u00f3n, Nicol\u00e1s Cataldo, para avanzar en las definiciones de c\u00f3mo se canalizar\u00e1 este compromiso firmado en Beijing, que considera las becas t\u00e9cnicas y, tambi\u00e9n, una hoja de ruta para trabajar colaborativamente y lograr m\u00e1s pasant\u00edas de este tipo para j\u00f3venes chilenos.<\/p>\n<\/div><\/section><\/div><div  style='height:50px' class='hr hr-invisible   avia-builder-el-6  el_after_av_one_full  el_before_av_social_share '><span class='hr-inner ' ><span class='hr-inner-style'><\/span><\/span><\/div><\/p>\n<div  class='av-social-sharing-box  avia-builder-el-7  el_after_av_hr  el_before_av_hr  '><div class='av-share-box'><h5 class='av-share-link-description av-no-toc '>Compartir esta noticia<\/h5><ul class='av-share-box-list noLightbox'><li class='av-share-link av-social-link-facebook' ><a target=\"_blank\" aria-label=\"Compartir en Facebook\" href='https:\/\/www.facebook.com\/sharer.php?u=https:\/\/radiorevelacionfm.cl\/?p=36280&#038;t=Seremi%20de%20Gobierno%20de%20Ays%C3%A9n%20valora%20firma%20de%20acuerdo%20para%20potenciar%20la%20alfabetizaci%C3%B3n%20digital%20en%20Chile' aria-hidden='false' data-av_icon='\ue8f3' data-av_iconfont='entypo-fontello' title='' data-avia-related-tooltip='Compartir en Facebook' rel=\"noopener\"><span class='avia_hidden_link_text'>Compartir en Facebook<\/span><\/a><\/li><li class='av-share-link av-social-link-twitter' ><a target=\"_blank\" aria-label=\"Compartir en Twitter\" href='https:\/\/twitter.com\/share?text=Seremi%20de%20Gobierno%20de%20Ays%C3%A9n%20valora%20firma%20de%20acuerdo%20para%20potenciar%20la%20alfabetizaci%C3%B3n%20digital%20en%20Chile&#038;url=https:\/\/radiorevelacionfm.cl\/?p=36280' aria-hidden='false' data-av_icon='\ue8f1' data-av_iconfont='entypo-fontello' title='' data-avia-related-tooltip='Compartir en Twitter' rel=\"noopener\"><span class='avia_hidden_link_text'>Compartir en Twitter<\/span><\/a><\/li><li class='av-share-link av-social-link-whatsapp' ><a target=\"_blank\" aria-label=\"Compartir en Whatsapp\" href='https:\/\/api.whatsapp.com\/send?text=https:\/\/radiorevelacionfm.cl\/?p=36280' aria-hidden='false' data-av_icon='\uf232' data-av_iconfont='entypo-fontello' title='' data-avia-related-tooltip='Compartir en Whatsapp' rel=\"noopener\"><span class='avia_hidden_link_text'>Compartir en Whatsapp<\/span><\/a><\/li><li class='av-share-link av-social-link-linkedin' ><a target=\"_blank\" aria-label=\"Compartir en LinkedIn\" href='https:\/\/linkedin.com\/shareArticle?mini=true&#038;title=Seremi%20de%20Gobierno%20de%20Ays%C3%A9n%20valora%20firma%20de%20acuerdo%20para%20potenciar%20la%20alfabetizaci%C3%B3n%20digital%20en%20Chile&#038;url=https:\/\/radiorevelacionfm.cl\/?p=36280' aria-hidden='false' data-av_icon='\ue8fc' data-av_iconfont='entypo-fontello' title='' data-avia-related-tooltip='Compartir en LinkedIn' rel=\"noopener\"><span class='avia_hidden_link_text'>Compartir en LinkedIn<\/span><\/a><\/li><li class='av-share-link av-social-link-mail' ><a  aria-label=\"Compartir por correo\" href='mailto:?subject=Seremi%20de%20Gobierno%20de%20Ays%C3%A9n%20valora%20firma%20de%20acuerdo%20para%20potenciar%20la%20alfabetizaci%C3%B3n%20digital%20en%20Chile&#038;body=https:\/\/radiorevelacionfm.cl\/?p=36280' aria-hidden='false' data-av_icon='\ue805' data-av_iconfont='entypo-fontello' title='' data-avia-related-tooltip='Compartir por correo'><span class='avia_hidden_link_text'>Compartir por correo<\/span><\/a><\/li><\/ul><\/div><\/div>\n<div  style='height:50px' class='hr hr-invisible   avia-builder-el-8  el_after_av_social_share  el_before_av_comments_list '><span class='hr-inner ' ><span class='hr-inner-style'><\/span><\/span><\/div>\n<div  class='av-buildercomment  av-blog-meta-html-info-disabled av-blog-meta-tag-disabled  '><\/div>\n","protected":false},"excerpt":{"rendered":"","protected":false},"author":1,"featured_media":36281,"comment_status":"open","ping_status":"open","sticky":false,"template":"","format":"standard","meta":{"footnotes":""},"categories":[38],"tags":[],"class_list":["post-36280","post","type-post","status-publish","format-standard","has-post-thumbnail","hentry","category-regional"],"jetpack_featured_media_url":"https:\/\/radiorevelacionfm.cl\/wp-content\/uploads\/2023\/10\/Seremi-Huawei-1-1.jpeg","_links":{"self":[{"href":"https:\/\/radiorevelacionfm.cl\/index.php?rest_route=\/wp\/v2\/posts\/36280","targetHints":{"allow":["GET"]}}],"collection":[{"href":"https:\/\/radiorevelacionfm.cl\/index.php?rest_route=\/wp\/v2\/posts"}],"about":[{"href":"https:\/\/radiorevelacionfm.cl\/index.php?rest_route=\/wp\/v2\/types\/post"}],"author":[{"embeddable":true,"href":"https:\/\/radiorevelacionfm.cl\/index.php?rest_route=\/wp\/v2\/users\/1"}],"replies":[{"embeddable":true,"href":"https:\/\/radiorevelacionfm.cl\/index.php?rest_route=%2Fwp%2Fv2%2Fcomments&post=36280"}],"version-history":[{"count":1,"href":"https:\/\/radiorevelacionfm.cl\/index.php?rest_route=\/wp\/v2\/posts\/36280\/revisions"}],"predecessor-version":[{"id":36282,"href":"https:\/\/radiorevelacionfm.cl\/index.php?rest_route=\/wp\/v2\/posts\/36280\/revisions\/36282"}],"wp:featuredmedia":[{"embeddable":true,"href":"https:\/\/radiorevelacionfm.cl\/index.php?rest_route=\/wp\/v2\/media\/36281"}],"wp:attachment":[{"href":"https:\/\/radiorevelacionfm.cl\/index.php?rest_route=%2Fwp%2Fv2%2Fmedia&parent=36280"}],"wp:term":[{"taxonomy":"category","embeddable":true,"href":"https:\/\/radiorevelacionfm.cl\/index.php?rest_route=%2Fwp%2Fv2%2Fcategories&post=36280"},{"taxonomy":"post_tag","embeddable":true,"href":"https:\/\/radiorevelacionfm.cl\/index.php?rest_route=%2Fwp%2Fv2%2Ftags&post=36280"}],"curies":[{"name":"wp","href":"https:\/\/api.w.org\/{rel}","templated":true}]}}