{"id":36277,"date":"2023-10-26T10:46:18","date_gmt":"2023-10-26T13:46:18","guid":{"rendered":"https:\/\/radiorevelacionfm.cl\/?p=36277"},"modified":"2023-10-26T10:46:18","modified_gmt":"2023-10-26T13:46:18","slug":"tecnologia-y-medioambiente-fueron-las-tematicas-del-noveno-encuentro-de-emprendimiento-de-ong-canales","status":"publish","type":"post","link":"https:\/\/radiorevelacionfm.cl\/?p=36277","title":{"rendered":"Tecnolog\u00eda y medioambiente fueron las tem\u00e1ticas del noveno Encuentro de Emprendimiento de ONG Canales"},"content":{"rendered":"<div class=\"flex_column av_one_full  flex_column_div av-zero-column-padding first  avia-builder-el-0  el_before_av_one_full  avia-builder-el-first  \" style='border-radius:0px; '><div  class='avia-image-container  av-styling-    avia-builder-el-1  avia-builder-el-no-sibling  avia-align-center '  itemprop=\"image\" itemscope=\"itemscope\" itemtype=\"https:\/\/schema.org\/ImageObject\"  ><div class='avia-image-container-inner'><div class='avia-image-overlay-wrap'><img decoding=\"async\" class='wp-image-36278 avia-img-lazy-loading-not-36278 avia_image' src=\"https:\/\/radiorevelacionfm.cl\/wp-content\/uploads\/2023\/10\/encuentro_emprendiemiento_ong_canales_04-1_optimized.jpg\" alt='' title='encuentro_emprendiemiento_ong_canales_04-(1)_optimized' height=\"600\" width=\"899\"  itemprop=\"thumbnailUrl\" srcset=\"https:\/\/radiorevelacionfm.cl\/wp-content\/uploads\/2023\/10\/encuentro_emprendiemiento_ong_canales_04-1_optimized.jpg 899w, https:\/\/radiorevelacionfm.cl\/wp-content\/uploads\/2023\/10\/encuentro_emprendiemiento_ong_canales_04-1_optimized-300x200.jpg 300w, https:\/\/radiorevelacionfm.cl\/wp-content\/uploads\/2023\/10\/encuentro_emprendiemiento_ong_canales_04-1_optimized-768x513.jpg 768w, https:\/\/radiorevelacionfm.cl\/wp-content\/uploads\/2023\/10\/encuentro_emprendiemiento_ong_canales_04-1_optimized-705x471.jpg 705w, https:\/\/radiorevelacionfm.cl\/wp-content\/uploads\/2023\/10\/encuentro_emprendiemiento_ong_canales_04-1_optimized-450x300.jpg 450w, https:\/\/radiorevelacionfm.cl\/wp-content\/uploads\/2023\/10\/encuentro_emprendiemiento_ong_canales_04-1_optimized-600x400.jpg 600w\" sizes=\"(max-width: 899px) 100vw, 899px\" \/><\/div><\/div><\/div><\/div><div class=\"flex_column av_one_full  flex_column_div av-zero-column-padding first  avia-builder-el-2  el_after_av_one_full  el_before_av_one_full  column-top-margin\" style='border-radius:0px; '><section class=\"av_textblock_section \"  itemscope=\"itemscope\" itemtype=\"https:\/\/schema.org\/BlogPosting\" itemprop=\"blogPost\" ><div class='avia_textblock  '   itemprop=\"text\" ><p style=\"text-align: center;\"><span style=\"font-size: 18pt;\"><strong>Tecnolog\u00eda y medioambiente fueron las tem\u00e1ticas del noveno Encuentro de Emprendimiento de ONG Canales<\/strong><\/span><\/p>\n<div id=\"gtx-trans\" style=\"position: absolute; left: -50px; top: 4.31534px;\">\n<div class=\"gtx-trans-icon\"><\/div>\n<\/div>\n<\/div><\/section><\/div><div class=\"flex_column av_one_full  flex_column_div av-zero-column-padding first  avia-builder-el-4  el_after_av_one_full  el_before_av_hr  column-top-margin\" style='border-radius:0px; '><section class=\"av_textblock_section \"  itemscope=\"itemscope\" itemtype=\"https:\/\/schema.org\/BlogPosting\" itemprop=\"blogPost\" ><div class='avia_textblock  '   itemprop=\"text\" ><p style=\"text-align: justify;\">Lo dieron todo. M\u00e1s de una veintena de establecimientos t\u00e9cnicos \u2013 profesionales pertenecientes a la macrozona sur austral del pa\u00eds, que incluye a las regiones de Los R\u00edos, Los Lagos, Ays\u00e9n y Magallanes, participaron este martes de la novena versi\u00f3n del Encuentro de Emprendimiento <em>\u201cJ\u00f3venes TP en Acci\u00f3n\u201d,<\/em> organizado por ONG Canales con el apoyo de Biomar y Fundaci\u00f3n Olivo.<\/p>\n<p style=\"text-align: justify;\">La actividad se llev\u00f3 a cabo en la Calle Techada Santa Rosa de Puerto Varas, lugar en el que se congregaron estudiantes de cuarto a\u00f1o medio, junto a sus profesores gu\u00edas, para presentar e impresionar a los visitantes con el resultado de innovadores proyectos de ciencia y tecnolog\u00eda, pensados y desarrollados para dar soluci\u00f3n a diversas problem\u00e1ticas y necesidades detectadas por los j\u00f3venes estudiantes en su entorno.<\/p>\n<p style=\"text-align: justify;\"><em>\u201cSe trata del corolario de un trabajo que han realizado durante todo el a\u00f1o <\/em>&#8211; explic\u00f3 Claudia Paredes, directora ejecutiva de ONG Canales \u2013 <em>que se enmarca en el programa \u201cPuro Power\u201d, el cual junto con el desarrollo de un proyecto de emprendimiento, busca poner en pr\u00e1ctica las habilidades socioemocionales de los j\u00f3venes. Para su empleabilidad e inserci\u00f3n laboral\u201d.<\/em><\/p>\n<p style=\"text-align: justify;\">Un rol importante durante la jornada, la tuvo el jurado, compuesto por Fabi\u00e1n P\u00e9rez, Irma Walker, Natalia Garate, Claudia Paredes, Edgardo Molina, Karina Labb\u00e9, Claudio Inostroza, Roxana S\u00e1ez, David Igor, Ana Karina Debia, Axel \u00c1lvarez, Ignacia Morales y Karina Sep\u00falveda, pertenecientes a organizaciones, instituciones p\u00fablicas y empresas asociadas a la ONG, en quienes recay\u00f3 la tarea de visitar los stands, conocer el sentido y las caracter\u00edsticas de cada una de las iniciativas y luego evaluar, para as\u00ed, dar con los ganadores de siete de las ocho categor\u00edas dispuestas por la organizaci\u00f3n.<\/p>\n<p style=\"text-align: justify;\"><strong>RECONOCIMIENTOS<\/strong><\/p>\n<p style=\"text-align: justify;\">En las categor\u00edas <em>\u201cActitud Puro Power\u201d,<\/em> el reconocimiento de la 9\u00aa versi\u00f3n del Encuentro de Emprendimiento <em>\u201cJ\u00f3venes TP en Acci\u00f3n\u201d,<\/em> fue el para el proyecto \u201cPastillas Fertilizantes\u201d del Seminario Conciliar de Ancud; <em>\u201cMarca la Diferencia\u201d<\/em> para \u201cTejuelas LR\u201d del Liceo Polit\u00e9cnico de Castro; <em>\u201cCompartiendo Nuestros Sue\u00f1os\u201d <\/em>para \u201cRayen CO2\u201d del Instituto Comercial de Osorno; y <em>\u201cSoy TP\u201d<\/em> para \u201cAgrotec\u201d del Liceo People Help People de Pullinque; mientras que el premio <em>\u201cProyectando el Futuro\u201d,<\/em> en tanto, fue para \u201cLIRQ\u201d del Colegio Felmer Niklitschek de Puerto Varas; e <em>\u201cImpacto Social\u201d<\/em> para \u201cBlack Claud\u201d del Instituto Sagrada Familia de Punta Arenas.<\/p>\n<p style=\"text-align: justify;\">Menci\u00f3n aparte, la categor\u00eda <em>\u201cInstaward\u201d,<\/em> para el video de presentaci\u00f3n m\u00e1s popular en la red social Instagram, y que este a\u00f1o recay\u00f3 en el proyecto \u201cPhoenix Fuel\u201d del Colegio Salesiano Padre Jos\u00e9 Fern\u00e1ndez P\u00e9rez de Puerto Montt, consistente en el desarrollo de una pila de hidr\u00f3geno; y <em>\u201cSello Verde\u201d,<\/em> para el proyecto con mayor compromiso medioambiental, que en esta ocasi\u00f3n fue para \u201cBio &#8211; Esfera\u201d del Liceo Alfredo Barr\u00eda Oyarz\u00fan de Curaco de V\u00e9lez, trabajo que busca enfrentar una problem\u00e1tica latente en la Isla de Chilo\u00e9, como es la deforestaci\u00f3n del bosque nativo.<\/p>\n<p style=\"text-align: justify;\"><em>\u201cMe parece fant\u00e1stico que se realicen este tipo de iniciativas <\/em>\u2013 indic\u00f3 El\u00edas Aravena, profesor responsable del proyecto &#8211;<em>. Y es que llevamos una educaci\u00f3n tan tradicional que creemos que la \u00fanica metodolog\u00eda &#8211; y la m\u00e1s certera &#8211;\u00a0 para el aprendizaje es la sala de clases. Pero no, los chicos est\u00e1n llenos de ideas y estas actividades ayudan. Para hacer un cambio importante en la educaci\u00f3n, pero tambi\u00e9n para darle un sentido al saber\u201d.<\/em><\/p>\n<p style=\"text-align: justify;\">Importante destacar, para el desarrollo del 9\u00b0 Encuentro de Emprendimiento, el apoyo recibido este a\u00f1o por la empresa privada. Y en particular, de Biomar, que a trav\u00e9s de Cristian Venegas, responsable de Relacionamiento Comunitario, destac\u00f3 el <em>\u201centusiasmo observado durante la feria, tanto de los estudiantes como de los profesores, lo cual nos llena de orgullo y nos insta a seguir, espero, por muchos a\u00f1os m\u00e1s\u201d<\/em>, indic\u00f3.<\/p>\n<p style=\"text-align: justify;\"><strong>CONVOCATORIA<\/strong><\/p>\n<p style=\"text-align: justify;\">Tambi\u00e9n tuvieron una destacada participaci\u00f3n en la 9\u00aa versi\u00f3n del Encuentro de Emprendimiento, los proyectos \u201cFetuccini de luche\u201d del Colegio Misi\u00f3n San Juan, \u201cTrapemuwun Zungun\u201d del Liceo People Help People de Pilmaiqu\u00e9n \u2013 Puyehue, \u201cHierbas de Chilo\u00e9\u201d del Liceo Polivalente de Ancud, \u201cArtesan\u00edas Mader\u00edsticas\u201d del Liceo Las Am\u00e9ricas de Entre Lagos, \u201cTeen Bara\u201d del Liceo Alberto Blest Gana de Los Lagos, \u201cGampi Retro\u201d del Instituto Ingl\u00e9s Antuquenu y \u201cMegaByte Repairs\u201d del Centro Educativo Fernando Santiv\u00e1n de Panguipulli; adem\u00e1s de \u201cMuseo Patrimonio Costero\u201d del Liceo Hornopir\u00e9n de Hualaihu\u00e9, \u201cSirup 2&#215;1\u201d del Colegio Vencedor y \u201cPC PV\u201d del Colegio Rosita Novaro, ambos de Puerto Varas, \u201cKayak Ventura\u201d del Liceo Industrial Chileno &#8211; Alem\u00e1n de Frutillar, \u201cPet Hotel Chilo\u00e9\u201d del Liceo Polivalente de Queilen, \u201cMalteada de Palta\u201d del Colegio T\u00e9cnico Naciones Unidas de Puerto Montt y \u201cPlastic Crusher\u201d del Liceo Polit\u00e9cnico A-1 de Puerto Ays\u00e9n.<\/p>\n<\/div><\/section><\/div><div  style='height:50px' class='hr hr-invisible   avia-builder-el-6  el_after_av_one_full  el_before_av_social_share '><span class='hr-inner ' ><span class='hr-inner-style'><\/span><\/span><\/div><\/p>\n<div  class='av-social-sharing-box  avia-builder-el-7  el_after_av_hr  el_before_av_hr  '><div class='av-share-box'><h5 class='av-share-link-description av-no-toc '>Compartir esta noticia<\/h5><ul class='av-share-box-list noLightbox'><li class='av-share-link av-social-link-facebook' ><a target=\"_blank\" aria-label=\"Compartir en Facebook\" href='https:\/\/www.facebook.com\/sharer.php?u=https:\/\/radiorevelacionfm.cl\/?p=36277&#038;t=Tecnolog%C3%ADa%20y%20medioambiente%20fueron%20las%20tem%C3%A1ticas%20del%20noveno%20Encuentro%20de%20Emprendimiento%20de%20ONG%20Canales' aria-hidden='false' data-av_icon='\ue8f3' data-av_iconfont='entypo-fontello' title='' data-avia-related-tooltip='Compartir en Facebook' rel=\"noopener\"><span class='avia_hidden_link_text'>Compartir en Facebook<\/span><\/a><\/li><li class='av-share-link av-social-link-twitter' ><a target=\"_blank\" aria-label=\"Compartir en Twitter\" href='https:\/\/twitter.com\/share?text=Tecnolog%C3%ADa%20y%20medioambiente%20fueron%20las%20tem%C3%A1ticas%20del%20noveno%20Encuentro%20de%20Emprendimiento%20de%20ONG%20Canales&#038;url=https:\/\/radiorevelacionfm.cl\/?p=36277' aria-hidden='false' data-av_icon='\ue8f1' data-av_iconfont='entypo-fontello' title='' data-avia-related-tooltip='Compartir en Twitter' rel=\"noopener\"><span class='avia_hidden_link_text'>Compartir en Twitter<\/span><\/a><\/li><li class='av-share-link av-social-link-whatsapp' ><a target=\"_blank\" aria-label=\"Compartir en Whatsapp\" href='https:\/\/api.whatsapp.com\/send?text=https:\/\/radiorevelacionfm.cl\/?p=36277' aria-hidden='false' data-av_icon='\uf232' data-av_iconfont='entypo-fontello' title='' data-avia-related-tooltip='Compartir en Whatsapp' rel=\"noopener\"><span class='avia_hidden_link_text'>Compartir en Whatsapp<\/span><\/a><\/li><li class='av-share-link av-social-link-linkedin' ><a target=\"_blank\" aria-label=\"Compartir en LinkedIn\" href='https:\/\/linkedin.com\/shareArticle?mini=true&#038;title=Tecnolog%C3%ADa%20y%20medioambiente%20fueron%20las%20tem%C3%A1ticas%20del%20noveno%20Encuentro%20de%20Emprendimiento%20de%20ONG%20Canales&#038;url=https:\/\/radiorevelacionfm.cl\/?p=36277' aria-hidden='false' data-av_icon='\ue8fc' data-av_iconfont='entypo-fontello' title='' data-avia-related-tooltip='Compartir en LinkedIn' rel=\"noopener\"><span class='avia_hidden_link_text'>Compartir en LinkedIn<\/span><\/a><\/li><li class='av-share-link av-social-link-mail' ><a  aria-label=\"Compartir por correo\" href='mailto:?subject=Tecnolog%C3%ADa%20y%20medioambiente%20fueron%20las%20tem%C3%A1ticas%20del%20noveno%20Encuentro%20de%20Emprendimiento%20de%20ONG%20Canales&#038;body=https:\/\/radiorevelacionfm.cl\/?p=36277' aria-hidden='false' data-av_icon='\ue805' data-av_iconfont='entypo-fontello' title='' data-avia-related-tooltip='Compartir por correo'><span class='avia_hidden_link_text'>Compartir por correo<\/span><\/a><\/li><\/ul><\/div><\/div>\n<div  style='height:50px' class='hr hr-invisible   avia-builder-el-8  el_after_av_social_share  el_before_av_comments_list '><span class='hr-inner ' ><span class='hr-inner-style'><\/span><\/span><\/div>\n<div  class='av-buildercomment  av-blog-meta-html-info-disabled av-blog-meta-tag-disabled  '><\/div>\n","protected":false},"excerpt":{"rendered":"","protected":false},"author":1,"featured_media":36278,"comment_status":"open","ping_status":"open","sticky":false,"template":"","format":"standard","meta":{"footnotes":""},"categories":[38],"tags":[],"class_list":["post-36277","post","type-post","status-publish","format-standard","has-post-thumbnail","hentry","category-regional"],"jetpack_featured_media_url":"https:\/\/radiorevelacionfm.cl\/wp-content\/uploads\/2023\/10\/encuentro_emprendiemiento_ong_canales_04-1_optimized.jpg","_links":{"self":[{"href":"https:\/\/radiorevelacionfm.cl\/index.php?rest_route=\/wp\/v2\/posts\/36277","targetHints":{"allow":["GET"]}}],"collection":[{"href":"https:\/\/radiorevelacionfm.cl\/index.php?rest_route=\/wp\/v2\/posts"}],"about":[{"href":"https:\/\/radiorevelacionfm.cl\/index.php?rest_route=\/wp\/v2\/types\/post"}],"author":[{"embeddable":true,"href":"https:\/\/radiorevelacionfm.cl\/index.php?rest_route=\/wp\/v2\/users\/1"}],"replies":[{"embeddable":true,"href":"https:\/\/radiorevelacionfm.cl\/index.php?rest_route=%2Fwp%2Fv2%2Fcomments&post=36277"}],"version-history":[{"count":1,"href":"https:\/\/radiorevelacionfm.cl\/index.php?rest_route=\/wp\/v2\/posts\/36277\/revisions"}],"predecessor-version":[{"id":36279,"href":"https:\/\/radiorevelacionfm.cl\/index.php?rest_route=\/wp\/v2\/posts\/36277\/revisions\/36279"}],"wp:featuredmedia":[{"embeddable":true,"href":"https:\/\/radiorevelacionfm.cl\/index.php?rest_route=\/wp\/v2\/media\/36278"}],"wp:attachment":[{"href":"https:\/\/radiorevelacionfm.cl\/index.php?rest_route=%2Fwp%2Fv2%2Fmedia&parent=36277"}],"wp:term":[{"taxonomy":"category","embeddable":true,"href":"https:\/\/radiorevelacionfm.cl\/index.php?rest_route=%2Fwp%2Fv2%2Fcategories&post=36277"},{"taxonomy":"post_tag","embeddable":true,"href":"https:\/\/radiorevelacionfm.cl\/index.php?rest_route=%2Fwp%2Fv2%2Ftags&post=36277"}],"curies":[{"name":"wp","href":"https:\/\/api.w.org\/{rel}","templated":true}]}}