{"id":36274,"date":"2023-10-26T14:16:58","date_gmt":"2023-10-26T17:16:58","guid":{"rendered":"https:\/\/radiorevelacionfm.cl\/?p=36274"},"modified":"2023-10-26T14:16:58","modified_gmt":"2023-10-26T17:16:58","slug":"diputado-calisto-confirma-con-ministro-de-hacienda-continuidad-del-fndr-8","status":"publish","type":"post","link":"https:\/\/radiorevelacionfm.cl\/?p=36274","title":{"rendered":"Diputado Calisto confirma con Ministro de Hacienda continuidad del FNDR 8%"},"content":{"rendered":"<div class=\"flex_column av_one_full  flex_column_div av-zero-column-padding first  avia-builder-el-0  el_before_av_one_full  avia-builder-el-first  \" style='border-radius:0px; '><div  class='avia-image-container  av-styling-    avia-builder-el-1  avia-builder-el-no-sibling  avia-align-center '  itemprop=\"image\" itemscope=\"itemscope\" itemtype=\"https:\/\/schema.org\/ImageObject\"  ><div class='avia-image-container-inner'><div class='avia-image-overlay-wrap'><img decoding=\"async\" class='wp-image-36275 avia-img-lazy-loading-not-36275 avia_image' src=\"https:\/\/radiorevelacionfm.cl\/wp-content\/uploads\/2023\/10\/con-mario-marcel-2-1_optimized.jpg\" alt='' title='con-mario-marcel-(2)-(1)_optimized' height=\"600\" width=\"710\"  itemprop=\"thumbnailUrl\" srcset=\"https:\/\/radiorevelacionfm.cl\/wp-content\/uploads\/2023\/10\/con-mario-marcel-2-1_optimized.jpg 710w, https:\/\/radiorevelacionfm.cl\/wp-content\/uploads\/2023\/10\/con-mario-marcel-2-1_optimized-300x254.jpg 300w, https:\/\/radiorevelacionfm.cl\/wp-content\/uploads\/2023\/10\/con-mario-marcel-2-1_optimized-705x596.jpg 705w, https:\/\/radiorevelacionfm.cl\/wp-content\/uploads\/2023\/10\/con-mario-marcel-2-1_optimized-450x380.jpg 450w, https:\/\/radiorevelacionfm.cl\/wp-content\/uploads\/2023\/10\/con-mario-marcel-2-1_optimized-600x507.jpg 600w\" sizes=\"(max-width: 710px) 100vw, 710px\" \/><\/div><\/div><\/div><\/div><div class=\"flex_column av_one_full  flex_column_div av-zero-column-padding first  avia-builder-el-2  el_after_av_one_full  el_before_av_one_full  column-top-margin\" style='border-radius:0px; '><section class=\"av_textblock_section \"  itemscope=\"itemscope\" itemtype=\"https:\/\/schema.org\/BlogPosting\" itemprop=\"blogPost\" ><div class='avia_textblock  '   itemprop=\"text\" ><p style=\"text-align: center;\"><span style=\"font-size: 18pt;\"><b>Diputado Calisto confirma con Ministro de Hacienda continuidad del FNDR 8%<\/b><\/span><\/p>\n<div id=\"gtx-trans\" style=\"position: absolute; left: -50px; top: 4.31534px;\">\n<div class=\"gtx-trans-icon\"><\/div>\n<\/div>\n<\/div><\/section><\/div><div class=\"flex_column av_one_full  flex_column_div av-zero-column-padding first  avia-builder-el-4  el_after_av_one_full  el_before_av_hr  column-top-margin\" style='border-radius:0px; '><section class=\"av_textblock_section \"  itemscope=\"itemscope\" itemtype=\"https:\/\/schema.org\/BlogPosting\" itemprop=\"blogPost\" ><div class='avia_textblock  '   itemprop=\"text\" ><p style=\"font-weight: 400; text-align: justify;\">El titular de la cartera asegur\u00f3 que solo se terminar\u00e1n las asignaciones directas, luego que distintas organizaciones sociales, deportivas y culturales manifestar\u00e1n su preocupaci\u00f3n por este tema.<\/p>\n<p style=\"font-weight: 400; text-align: justify;\">Ante la preocupaci\u00f3n de distintas organizaciones sociales, culturales y deportivas de la regi\u00f3n de Ays\u00e9n por el posible t\u00e9rmino del Fondo Nacional de Desarrollo Regional 8%, el diputado Miguel \u00c1ngel Calisto se reuni\u00f3 con el Ministro de Hacienda, Mario Marcel, quien le confirm\u00f3 que esta herramienta de financiamiento continuar\u00e1 a disposici\u00f3n de los Gobierno Regionales.<\/p>\n<p style=\"font-weight: 400; text-align: justify;\">La duda hab\u00eda surgido luego de los anuncios del Presidente Gabriel Boric en el marco de la presentaci\u00f3n de la \u00a0Ley de Presupuesto 2024, donde se le dio \u00e9nfasis a modificaciones para potenciar la probidad y transparencia, con miras a la crisis generada por los traspasos del Gobierno a la Fundaci\u00f3n Democracia Viva.<\/p>\n<p style=\"font-weight: 400; text-align: justify;\">Seg\u00fan el diputado Calisto, \u201csostuvimos una importante reuni\u00f3n con el Ministro de Hacienda a prop\u00f3sito de las dudas que ten\u00edan las organizaciones sociales y deportivas de nuestra regi\u00f3n sobre la posibilidad que se eliminara el FNDR8% DEL Gobierno Regional, que es una herramienta de financiamiento importante con la cual las organizaciones reciben recursos para sus actividades deportivas, culturales y sociales\u201d.<\/p>\n<p style=\"font-weight: 400; text-align: justify;\">\u201cQuiero decir con mucha claridad que el Ministro nos asegur\u00f3, luego de varias reuniones, que no se va a eliminar el FNDR 8%\u201d, asegur\u00f3 el legislador.<\/p>\n<p style=\"font-weight: 400; text-align: justify;\">Calisto agreg\u00f3 que \u201clo \u00fanico que se va eliminar son las asignaciones directas. Frente al esc\u00e1ndalo que se ha generado tras el caso Democracia Vivo y el traspaso de fondos desde el Estado a Fundaciones que no han hecho la pega, se ha decidido eliminar esta forma de financiamiento, perjudicando tambi\u00e9n a muchas organizaciones\u201d.<\/p>\n<p style=\"font-weight: 400; text-align: justify;\">Finalmente, el diputado Calisto declar\u00f3 que \u201cen definitiva, el FNDR 8% continuar\u00e1 y el Gobierno Regional de Ays\u00e9n va a poder seguir disponiendo de esta herramienta para apoyar a las organizaciones sociales, deportivas y culturales que postulan con sus proyectos\u201d.<\/p>\n<\/div><\/section><\/div><div  style='height:50px' class='hr hr-invisible   avia-builder-el-6  el_after_av_one_full  el_before_av_social_share '><span class='hr-inner ' ><span class='hr-inner-style'><\/span><\/span><\/div><\/p>\n<div  class='av-social-sharing-box  avia-builder-el-7  el_after_av_hr  el_before_av_hr  '><div class='av-share-box'><h5 class='av-share-link-description av-no-toc '>Compartir esta noticia<\/h5><ul class='av-share-box-list noLightbox'><li class='av-share-link av-social-link-facebook' ><a target=\"_blank\" aria-label=\"Compartir en Facebook\" href='https:\/\/www.facebook.com\/sharer.php?u=https:\/\/radiorevelacionfm.cl\/?p=36274&#038;t=Diputado%20Calisto%20confirma%20con%20Ministro%20de%20Hacienda%20continuidad%20del%20FNDR%208%25' aria-hidden='false' data-av_icon='\ue8f3' data-av_iconfont='entypo-fontello' title='' data-avia-related-tooltip='Compartir en Facebook' rel=\"noopener\"><span class='avia_hidden_link_text'>Compartir en Facebook<\/span><\/a><\/li><li class='av-share-link av-social-link-twitter' ><a target=\"_blank\" aria-label=\"Compartir en Twitter\" href='https:\/\/twitter.com\/share?text=Diputado%20Calisto%20confirma%20con%20Ministro%20de%20Hacienda%20continuidad%20del%20FNDR%208%25&#038;url=https:\/\/radiorevelacionfm.cl\/?p=36274' aria-hidden='false' data-av_icon='\ue8f1' data-av_iconfont='entypo-fontello' title='' data-avia-related-tooltip='Compartir en Twitter' rel=\"noopener\"><span class='avia_hidden_link_text'>Compartir en Twitter<\/span><\/a><\/li><li class='av-share-link av-social-link-whatsapp' ><a target=\"_blank\" aria-label=\"Compartir en Whatsapp\" href='https:\/\/api.whatsapp.com\/send?text=https:\/\/radiorevelacionfm.cl\/?p=36274' aria-hidden='false' data-av_icon='\uf232' data-av_iconfont='entypo-fontello' title='' data-avia-related-tooltip='Compartir en Whatsapp' rel=\"noopener\"><span class='avia_hidden_link_text'>Compartir en Whatsapp<\/span><\/a><\/li><li class='av-share-link av-social-link-linkedin' ><a target=\"_blank\" aria-label=\"Compartir en LinkedIn\" href='https:\/\/linkedin.com\/shareArticle?mini=true&#038;title=Diputado%20Calisto%20confirma%20con%20Ministro%20de%20Hacienda%20continuidad%20del%20FNDR%208%25&#038;url=https:\/\/radiorevelacionfm.cl\/?p=36274' aria-hidden='false' data-av_icon='\ue8fc' data-av_iconfont='entypo-fontello' title='' data-avia-related-tooltip='Compartir en LinkedIn' rel=\"noopener\"><span class='avia_hidden_link_text'>Compartir en LinkedIn<\/span><\/a><\/li><li class='av-share-link av-social-link-mail' ><a  aria-label=\"Compartir por correo\" href='mailto:?subject=Diputado%20Calisto%20confirma%20con%20Ministro%20de%20Hacienda%20continuidad%20del%20FNDR%208%25&#038;body=https:\/\/radiorevelacionfm.cl\/?p=36274' aria-hidden='false' data-av_icon='\ue805' data-av_iconfont='entypo-fontello' title='' data-avia-related-tooltip='Compartir por correo'><span class='avia_hidden_link_text'>Compartir por correo<\/span><\/a><\/li><\/ul><\/div><\/div>\n<div  style='height:50px' class='hr hr-invisible   avia-builder-el-8  el_after_av_social_share  el_before_av_comments_list '><span class='hr-inner ' ><span class='hr-inner-style'><\/span><\/span><\/div>\n<div  class='av-buildercomment  av-blog-meta-html-info-disabled av-blog-meta-tag-disabled  '><\/div>\n","protected":false},"excerpt":{"rendered":"","protected":false},"author":1,"featured_media":36275,"comment_status":"open","ping_status":"open","sticky":false,"template":"","format":"standard","meta":{"footnotes":""},"categories":[35],"tags":[],"class_list":["post-36274","post","type-post","status-publish","format-standard","has-post-thumbnail","hentry","category-politica"],"jetpack_featured_media_url":"https:\/\/radiorevelacionfm.cl\/wp-content\/uploads\/2023\/10\/con-mario-marcel-2-1_optimized.jpg","_links":{"self":[{"href":"https:\/\/radiorevelacionfm.cl\/index.php?rest_route=\/wp\/v2\/posts\/36274","targetHints":{"allow":["GET"]}}],"collection":[{"href":"https:\/\/radiorevelacionfm.cl\/index.php?rest_route=\/wp\/v2\/posts"}],"about":[{"href":"https:\/\/radiorevelacionfm.cl\/index.php?rest_route=\/wp\/v2\/types\/post"}],"author":[{"embeddable":true,"href":"https:\/\/radiorevelacionfm.cl\/index.php?rest_route=\/wp\/v2\/users\/1"}],"replies":[{"embeddable":true,"href":"https:\/\/radiorevelacionfm.cl\/index.php?rest_route=%2Fwp%2Fv2%2Fcomments&post=36274"}],"version-history":[{"count":1,"href":"https:\/\/radiorevelacionfm.cl\/index.php?rest_route=\/wp\/v2\/posts\/36274\/revisions"}],"predecessor-version":[{"id":36276,"href":"https:\/\/radiorevelacionfm.cl\/index.php?rest_route=\/wp\/v2\/posts\/36274\/revisions\/36276"}],"wp:featuredmedia":[{"embeddable":true,"href":"https:\/\/radiorevelacionfm.cl\/index.php?rest_route=\/wp\/v2\/media\/36275"}],"wp:attachment":[{"href":"https:\/\/radiorevelacionfm.cl\/index.php?rest_route=%2Fwp%2Fv2%2Fmedia&parent=36274"}],"wp:term":[{"taxonomy":"category","embeddable":true,"href":"https:\/\/radiorevelacionfm.cl\/index.php?rest_route=%2Fwp%2Fv2%2Fcategories&post=36274"},{"taxonomy":"post_tag","embeddable":true,"href":"https:\/\/radiorevelacionfm.cl\/index.php?rest_route=%2Fwp%2Fv2%2Ftags&post=36274"}],"curies":[{"name":"wp","href":"https:\/\/api.w.org\/{rel}","templated":true}]}}