{"id":36271,"date":"2023-10-25T21:09:23","date_gmt":"2023-10-26T00:09:23","guid":{"rendered":"https:\/\/radiorevelacionfm.cl\/?p=36271"},"modified":"2023-10-25T21:09:23","modified_gmt":"2023-10-26T00:09:23","slug":"karina-acevedo-tras-encuentro-de-cuidados-las-necesidades-en-la-region-son-urgentes","status":"publish","type":"post","link":"https:\/\/radiorevelacionfm.cl\/?p=36271","title":{"rendered":"Karina Acevedo tras Encuentro de Cuidados \u00abLas necesidades en la regi\u00f3n son urgentes\u00bb"},"content":{"rendered":"<div class=\"flex_column av_one_full  flex_column_div av-zero-column-padding first  avia-builder-el-0  el_before_av_one_full  avia-builder-el-first  \" style='border-radius:0px; '><div  class='avia-image-container  av-styling-    avia-builder-el-1  avia-builder-el-no-sibling  avia-align-center '  itemprop=\"image\" itemscope=\"itemscope\" itemtype=\"https:\/\/schema.org\/ImageObject\"  ><div class='avia-image-container-inner'><div class='avia-image-overlay-wrap'><img decoding=\"async\" class='wp-image-36272 avia-img-lazy-loading-not-36272 avia_image' src=\"https:\/\/radiorevelacionfm.cl\/wp-content\/uploads\/2023\/10\/encuentro-3_optimized-1.jpeg\" alt='' title='encuentro-3_optimized (1)' height=\"611\" width=\"1279\"  itemprop=\"thumbnailUrl\" srcset=\"https:\/\/radiorevelacionfm.cl\/wp-content\/uploads\/2023\/10\/encuentro-3_optimized-1.jpeg 1279w, https:\/\/radiorevelacionfm.cl\/wp-content\/uploads\/2023\/10\/encuentro-3_optimized-1-300x143.jpeg 300w, https:\/\/radiorevelacionfm.cl\/wp-content\/uploads\/2023\/10\/encuentro-3_optimized-1-1030x492.jpeg 1030w, https:\/\/radiorevelacionfm.cl\/wp-content\/uploads\/2023\/10\/encuentro-3_optimized-1-768x367.jpeg 768w, https:\/\/radiorevelacionfm.cl\/wp-content\/uploads\/2023\/10\/encuentro-3_optimized-1-705x337.jpeg 705w, https:\/\/radiorevelacionfm.cl\/wp-content\/uploads\/2023\/10\/encuentro-3_optimized-1-450x215.jpeg 450w, https:\/\/radiorevelacionfm.cl\/wp-content\/uploads\/2023\/10\/encuentro-3_optimized-1-600x287.jpeg 600w\" sizes=\"(max-width: 1279px) 100vw, 1279px\" \/><\/div><\/div><\/div><\/div><div class=\"flex_column av_one_full  flex_column_div av-zero-column-padding first  avia-builder-el-2  el_after_av_one_full  el_before_av_one_full  column-top-margin\" style='border-radius:0px; '><section class=\"av_textblock_section \"  itemscope=\"itemscope\" itemtype=\"https:\/\/schema.org\/BlogPosting\" itemprop=\"blogPost\" ><div class='avia_textblock  '   itemprop=\"text\" ><p style=\"text-align: center;\"><strong><span style=\"font-size: 18pt;\">Karina Acevedo tras Encuentro de Cuidados \u00abLas necesidades en la regi\u00f3n son urgentes\u00bb <\/span><\/strong><\/p>\n<div id=\"gtx-trans\" style=\"position: absolute; left: -50px; top: 4.31534px;\">\n<div class=\"gtx-trans-icon\"><\/div>\n<\/div>\n<\/div><\/section><\/div><div class=\"flex_column av_one_full  flex_column_div av-zero-column-padding first  avia-builder-el-4  el_after_av_one_full  el_before_av_hr  column-top-margin\" style='border-radius:0px; '><section class=\"av_textblock_section \"  itemscope=\"itemscope\" itemtype=\"https:\/\/schema.org\/BlogPosting\" itemprop=\"blogPost\" ><div class='avia_textblock  '   itemprop=\"text\" ><p class=\"v1paragraph\" style=\"text-align: justify;\"><span class=\"v1normaltextrun\"><span class=\"v1ContentPasted0\" lang=\"ES\">Una masiva asistencia tuvo el Encuentro regional \u00abHablemos de Cuidados\u00bb en Coyhaique en donde se expusieron los resultados de los di\u00e1logos autoconvocados realizados el primer semestre de este a\u00f1o a lo largo del pa\u00eds con m\u00e1s de 12 mil participantes.\u00a0<\/span><\/span><\/p>\n<p class=\"v1paragraph\" style=\"text-align: justify;\"><span class=\"v1normaltextrun\"><span class=\"v1ContentPasted0\" lang=\"ES\">Desaf\u00edos en cuanto a<\/span><\/span><span class=\"v1ContentPasted0\">\u00a0trabajar en un mayor reconocimiento de las personas cuidadoras, que el sistema cuente con pertinencia territorial, enfoque de g\u00e9nero, intersectorialidad, calidad de los servicios y una progresividad en su implementaci\u00f3n en donde el Estado cumpla un rol fundamental fueron algunas de las conclusiones de este Encuentro que fue resaltado por\u00a0<\/span><span class=\"v1normaltextrun\"><span class=\"v1ContentPasted0\" lang=\"ES\">Karina Acevedo, Seremi de Desarrollo Social y Familia \u00ab<span class=\"v1ContentPasted0\">El sistema Nacional de Cuidados es un desaf\u00edo de pa\u00eds, lo constatamos hoy d\u00eda donde\u00a0queda extremadamente evidente que se requiere con urgencia una pol\u00edtica nacional de cuidado con mirada territorial universal y donde un Estado garantice la atenci\u00f3n a quien en alg\u00fan momento sea dependiente. Este encuentro fue maravilloso, participaron personas mayores, personas de agrupaciones, cuidadora<\/span><span class=\"v1ContentPasted0\">s, personas que requieren de cuidados y agradecemos a cada uno de ellos que participaron, a\u00a0<\/span><span class=\"v1ContentPasted0\">nuestras expositora<\/span><span class=\"v1ContentPasted0\">s, cerramos una actividad con n\u00fameros que nos invitan a seguir trabajando como lo pide el\u00a0<\/span><span class=\"v1ContentPasted0\">Presidente<\/span><span class=\"v1ContentPasted0\">\u00a0por un Chile justo y digno\u00bb.<\/span><\/span><\/span><span class=\"v1ContentPasted0\" lang=\"ES\">\u00a0\u00a0<\/span><\/p>\n<p class=\"v1paragraph\" style=\"text-align: justify;\"><span class=\"v1ContentPasted0\" lang=\"ES\">Entre las principales necesidades de parte de los cuidadores se esboza\u00a0<\/span><span class=\"v1ContentPasted0\">la falta de tiempo libre y derecho al ocio, por otro lado, que se resguarde la salud mental y la importancia de profesionalizar el cuidado y reconocer las capacidades y experiencias de quienes han ejercido estas labores.\u00a0<\/span><span class=\"v1ContentPasted0\" lang=\"ES\">Uno de los asistentes\u00a0<span class=\"v1normaltextrun\"><span class=\"v1ContentPasted0\">Leonardo Cornejo quien es cuidador resalt\u00f3 que \u00abEst\u00e1 bien que se haya tomado la iniciativa y visualizar este problema que nos afecta a un gran porcentaje sobre todo las personas que cuidamos y en la persona que necesita ser\u00a0<\/span><span class=\"v1ContentPasted0\">cuidada. Creo que falta mayor educaci\u00f3n y sobre todo en la v\u00eda p\u00fablica, porque nos topamos con personas que no respetan e invisibilizan a quien es cuidado\u00bb.<\/span>\u00a0<\/span><\/span><\/p>\n<p class=\"v1paragraph\" style=\"text-align: justify;\"><span class=\"v1ContentPasted0\">Actualmente el Ministerio de Desarrollo Social y Familia a trav\u00e9s del Registro Social de Hogares est\u00e1 solicitando que tanto cuidadores y personas cuidadas se registren en el Sistema para contar con la credencial y respectivos apoyos del Estado.\u00a0<\/span><span class=\"v1normaltextrun\"><span class=\"v1ContentPasted0\" lang=\"ES\">Miriam Droguett quien hace ya 13 a\u00f1os que es cuidada se\u00f1al\u00f3 \u00abDependo de mi esposo y es importante destacar que hay hombres que si se preocupan del cuidado. Creo que es muy importante que esto sea transversal independiente del Registro Social de Hogares, porque tenemos necesidades especiales y ning\u00fan presupuesto aguanta. Entonces eso es lo que quisiera destacar, que es interesante avanzar hacia esta pol\u00edtica de Estado que se organice con este registro de cuidadores y que sea vinculante\u00bb.<\/span><\/span><span class=\"v1eop\"><span class=\"v1ContentPasted0\">\u00a0<\/span>\u00a0<\/span><\/p>\n<p class=\"v1paragraph\" style=\"text-align: justify;\"><span class=\"v1eop\"><span class=\"v1ContentPasted0\">Entre los resultados expuestos, se evidenciaron diversas brechas en materia de cuidados en donde\u00a0<\/span><\/span><span class=\"v1ContentPasted0\" lang=\"ES\">la dirigente\u00a0<span class=\"v1normaltextrun\"><span class=\"v1ContentPasted0\">Irma Mansilla a cargo del taller de Adulto Mayor del sector\u00a0<\/span><span class=\"v1ContentPasted0\">Corvi<\/span><span class=\"v1ContentPasted0\">\u00a0hizo un claro llamado\u00a0<\/span><span class=\"v1ContentPasted0\">\u00abLamentablemente<\/span><span class=\"v1ContentPasted0\">\u00a0no me asombra el n\u00famero de mujeres cuidadoras, por lo mismo, creo que nuestra regi\u00f3n necesita profesionales que est\u00e9n a cargo prevenci\u00f3n y envejecimiento activo. Mi llamado es a que se llegue a una realidad concreta, porque estamos hace tiempo viendo el tema de cuidados. Yo he sido encuestada y he dado mi parecer respecto de lo que se necesita. Por lo tanto, creo que el Gobierno tiene que hacerse cargo de los cuidadores, que son necesarios y con una remuneraci\u00f3n digna\u00bb.\u00a0<\/span><\/span><\/span><\/p>\n<p class=\"v1paragraph\" style=\"text-align: justify;\"><span class=\"v1normaltextrun\"><span class=\"v1ContentPasted0\" lang=\"ES\">Entre los invitados, el alcalde Marcos Silva de la comuna de Las Guaitecas reforz\u00f3 que \u00abHay una brecha que debemos asumir. Hoy no basta con aplaudir y felicitar a quien cuida. Necesitamos hacer cosas definitivas y concretas, que tiene que ver justamente con involucrar al poder legislativo para que esto se transforme en una pol\u00edtica p\u00fablica de verdad y dejemos de estar abrazando y saludando y lo llevemos al plano de lo real\u00bb.\u00a0\u00a0<\/span><\/span><\/p>\n<p class=\"v1paragraph\" style=\"text-align: justify;\"><span class=\"v1normaltextrun\"><span class=\"v1ContentPasted0\">Un presupuesto con prioridad de cuidados para el 2024, Centros de Cuidados Comunitarios a lo largo del pa\u00eds, fue valorado por la vocera de Gobierno en la regi\u00f3n de Ays\u00e9n<\/span><\/span><span class=\"v1normaltextrun\"><span class=\"v1ContentPasted0\" lang=\"ES\">, Tatiana Pl\u00e1\u00a0<\/span><span class=\"v1ContentPasted0\">\u00abTenemos<\/span><span class=\"v1ContentPasted0\">\u00a0grandes desaf\u00edos, hay temas que son en com\u00fan y que es la necesidad de tener un Sistema Nacional de Cuidados. Y para eso estamos trabajando, de manera participativa con gente que se ha dedicado por a\u00f1os a realizar esta labor, de una manera no formal y es lo que ahora necesitamos regular e institucionalizarlo, para eso como Gobierno estamos trabajando\u00bb.\u00a0<\/span><\/span><span lang=\"ES\">\u00a0<\/span><\/p>\n<p class=\"v1paragraph\" style=\"text-align: justify;\"><span class=\"v1normaltextrun\"><span class=\"v1ContentPasted0\" lang=\"ES\">Dejar de precarizar el trabajo de mujeres fue el llamado final de Andrea M\u00e9ndez, Seremi de la Mujer y Equidad de G\u00e9nero\u00a0<\/span><span class=\"v1ContentPasted0\">\u00abAvanzar en un Sistema Nacional de cuidados constituye un compromiso importante de gobierno que tiene que ver con la necesaria justicia de la distribuci\u00f3n de estas tareas, las cuales han reca\u00eddo exclusivamente en las mujeres por demasiado tiempo, lo cual precariza a las mujeres y la atenci\u00f3n de los cuidados que se\u00a0<\/span><span class=\"v1ContentPasted0\">requiere.<\/span><span class=\"v1ContentPasted0\">\u00a0Por lo tanto, llevar esto al terreno de lo p\u00fablico y transformarlo en un Sistema Nacional de cuidados es sin duda un gran avance como sociedad\u00bb.<\/span><\/span><span class=\"v1eop\"><span class=\"v1ContentPasted0\" lang=\"ES\">\u00a0<\/span><\/span><span lang=\"ES\">\u00a0<\/span><\/p>\n<p class=\"v1paragraph\" style=\"text-align: justify;\"><span class=\"v1eop\"><span class=\"v1ContentPasted0\" lang=\"ES\">\u00a0<\/span><\/span><span class=\"v1normaltextrun\"><span class=\"v1ContentPasted0\" lang=\"ES\">\u00a0\u00a0<\/span><\/span><\/p>\n<\/div><\/section><\/div><div  style='height:50px' class='hr hr-invisible   avia-builder-el-6  el_after_av_one_full  el_before_av_social_share '><span class='hr-inner ' ><span class='hr-inner-style'><\/span><\/span><\/div><\/p>\n<div  class='av-social-sharing-box  avia-builder-el-7  el_after_av_hr  el_before_av_hr  '><div class='av-share-box'><h5 class='av-share-link-description av-no-toc '>Compartir esta noticia<\/h5><ul class='av-share-box-list noLightbox'><li class='av-share-link av-social-link-facebook' ><a target=\"_blank\" aria-label=\"Compartir en Facebook\" href='https:\/\/www.facebook.com\/sharer.php?u=https:\/\/radiorevelacionfm.cl\/?p=36271&#038;t=Karina%20Acevedo%20tras%20Encuentro%20de%20Cuidados%20%C2%ABLas%20necesidades%20en%20la%20regi%C3%B3n%20son%20urgentes%C2%BB' aria-hidden='false' data-av_icon='\ue8f3' data-av_iconfont='entypo-fontello' title='' data-avia-related-tooltip='Compartir en Facebook' rel=\"noopener\"><span class='avia_hidden_link_text'>Compartir en Facebook<\/span><\/a><\/li><li class='av-share-link av-social-link-twitter' ><a target=\"_blank\" aria-label=\"Compartir en Twitter\" href='https:\/\/twitter.com\/share?text=Karina%20Acevedo%20tras%20Encuentro%20de%20Cuidados%20%C2%ABLas%20necesidades%20en%20la%20regi%C3%B3n%20son%20urgentes%C2%BB&#038;url=https:\/\/radiorevelacionfm.cl\/?p=36271' aria-hidden='false' data-av_icon='\ue8f1' data-av_iconfont='entypo-fontello' title='' data-avia-related-tooltip='Compartir en Twitter' rel=\"noopener\"><span class='avia_hidden_link_text'>Compartir en Twitter<\/span><\/a><\/li><li class='av-share-link av-social-link-whatsapp' ><a target=\"_blank\" aria-label=\"Compartir en Whatsapp\" href='https:\/\/api.whatsapp.com\/send?text=https:\/\/radiorevelacionfm.cl\/?p=36271' aria-hidden='false' data-av_icon='\uf232' data-av_iconfont='entypo-fontello' title='' data-avia-related-tooltip='Compartir en Whatsapp' rel=\"noopener\"><span class='avia_hidden_link_text'>Compartir en Whatsapp<\/span><\/a><\/li><li class='av-share-link av-social-link-linkedin' ><a target=\"_blank\" aria-label=\"Compartir en LinkedIn\" href='https:\/\/linkedin.com\/shareArticle?mini=true&#038;title=Karina%20Acevedo%20tras%20Encuentro%20de%20Cuidados%20%C2%ABLas%20necesidades%20en%20la%20regi%C3%B3n%20son%20urgentes%C2%BB&#038;url=https:\/\/radiorevelacionfm.cl\/?p=36271' aria-hidden='false' data-av_icon='\ue8fc' data-av_iconfont='entypo-fontello' title='' data-avia-related-tooltip='Compartir en LinkedIn' rel=\"noopener\"><span class='avia_hidden_link_text'>Compartir en LinkedIn<\/span><\/a><\/li><li class='av-share-link av-social-link-mail' ><a  aria-label=\"Compartir por correo\" href='mailto:?subject=Karina%20Acevedo%20tras%20Encuentro%20de%20Cuidados%20%C2%ABLas%20necesidades%20en%20la%20regi%C3%B3n%20son%20urgentes%C2%BB&#038;body=https:\/\/radiorevelacionfm.cl\/?p=36271' aria-hidden='false' data-av_icon='\ue805' data-av_iconfont='entypo-fontello' title='' data-avia-related-tooltip='Compartir por correo'><span class='avia_hidden_link_text'>Compartir por correo<\/span><\/a><\/li><\/ul><\/div><\/div>\n<div  style='height:50px' class='hr hr-invisible   avia-builder-el-8  el_after_av_social_share  el_before_av_comments_list '><span class='hr-inner ' ><span class='hr-inner-style'><\/span><\/span><\/div>\n<div  class='av-buildercomment  av-blog-meta-html-info-disabled av-blog-meta-tag-disabled  '><\/div>\n","protected":false},"excerpt":{"rendered":"","protected":false},"author":1,"featured_media":36272,"comment_status":"open","ping_status":"open","sticky":false,"template":"","format":"standard","meta":{"footnotes":""},"categories":[38],"tags":[],"class_list":["post-36271","post","type-post","status-publish","format-standard","has-post-thumbnail","hentry","category-regional"],"jetpack_featured_media_url":"https:\/\/radiorevelacionfm.cl\/wp-content\/uploads\/2023\/10\/encuentro-3_optimized-1.jpeg","_links":{"self":[{"href":"https:\/\/radiorevelacionfm.cl\/index.php?rest_route=\/wp\/v2\/posts\/36271","targetHints":{"allow":["GET"]}}],"collection":[{"href":"https:\/\/radiorevelacionfm.cl\/index.php?rest_route=\/wp\/v2\/posts"}],"about":[{"href":"https:\/\/radiorevelacionfm.cl\/index.php?rest_route=\/wp\/v2\/types\/post"}],"author":[{"embeddable":true,"href":"https:\/\/radiorevelacionfm.cl\/index.php?rest_route=\/wp\/v2\/users\/1"}],"replies":[{"embeddable":true,"href":"https:\/\/radiorevelacionfm.cl\/index.php?rest_route=%2Fwp%2Fv2%2Fcomments&post=36271"}],"version-history":[{"count":1,"href":"https:\/\/radiorevelacionfm.cl\/index.php?rest_route=\/wp\/v2\/posts\/36271\/revisions"}],"predecessor-version":[{"id":36273,"href":"https:\/\/radiorevelacionfm.cl\/index.php?rest_route=\/wp\/v2\/posts\/36271\/revisions\/36273"}],"wp:featuredmedia":[{"embeddable":true,"href":"https:\/\/radiorevelacionfm.cl\/index.php?rest_route=\/wp\/v2\/media\/36272"}],"wp:attachment":[{"href":"https:\/\/radiorevelacionfm.cl\/index.php?rest_route=%2Fwp%2Fv2%2Fmedia&parent=36271"}],"wp:term":[{"taxonomy":"category","embeddable":true,"href":"https:\/\/radiorevelacionfm.cl\/index.php?rest_route=%2Fwp%2Fv2%2Fcategories&post=36271"},{"taxonomy":"post_tag","embeddable":true,"href":"https:\/\/radiorevelacionfm.cl\/index.php?rest_route=%2Fwp%2Fv2%2Ftags&post=36271"}],"curies":[{"name":"wp","href":"https:\/\/api.w.org\/{rel}","templated":true}]}}