{"id":36268,"date":"2023-10-25T15:42:39","date_gmt":"2023-10-25T18:42:39","guid":{"rendered":"https:\/\/radiorevelacionfm.cl\/?p=36268"},"modified":"2023-10-25T15:42:39","modified_gmt":"2023-10-25T18:42:39","slug":"balmaceda-gano-concurso-regional-y-se-incorpora-al-programa-para-pequenas-localidades-del-minvu","status":"publish","type":"post","link":"https:\/\/radiorevelacionfm.cl\/?p=36268","title":{"rendered":"Balmaceda gan\u00f3 concurso regional y se incorpora al Programa para Peque\u00f1as Localidades del Minvu"},"content":{"rendered":"<div class=\"flex_column av_one_full  flex_column_div av-zero-column-padding first  avia-builder-el-0  el_before_av_one_full  avia-builder-el-first  \" style='border-radius:0px; '><div  class='avia-image-container  av-styling-    avia-builder-el-1  avia-builder-el-no-sibling  avia-align-center '  itemprop=\"image\" itemscope=\"itemscope\" itemtype=\"https:\/\/schema.org\/ImageObject\"  ><div class='avia-image-container-inner'><div class='avia-image-overlay-wrap'><img decoding=\"async\" class='wp-image-36269 avia-img-lazy-loading-not-36269 avia_image' src=\"https:\/\/radiorevelacionfm.cl\/wp-content\/uploads\/2023\/10\/vecinos-y-autoridades-destacan-ingreso-de-balmaceda-de-programa-pequenas-localidades-del-minvu-1_optimized-1.jpg\" alt='' title='vecinos-y-autoridades-destacan-ingreso-de-balmaceda-de-programa-peque\u00f1as-localidades-del-minvu-(1)_optimized (1)' height=\"600\" width=\"939\"  itemprop=\"thumbnailUrl\" srcset=\"https:\/\/radiorevelacionfm.cl\/wp-content\/uploads\/2023\/10\/vecinos-y-autoridades-destacan-ingreso-de-balmaceda-de-programa-pequenas-localidades-del-minvu-1_optimized-1.jpg 939w, https:\/\/radiorevelacionfm.cl\/wp-content\/uploads\/2023\/10\/vecinos-y-autoridades-destacan-ingreso-de-balmaceda-de-programa-pequenas-localidades-del-minvu-1_optimized-1-300x192.jpg 300w, https:\/\/radiorevelacionfm.cl\/wp-content\/uploads\/2023\/10\/vecinos-y-autoridades-destacan-ingreso-de-balmaceda-de-programa-pequenas-localidades-del-minvu-1_optimized-1-768x491.jpg 768w, https:\/\/radiorevelacionfm.cl\/wp-content\/uploads\/2023\/10\/vecinos-y-autoridades-destacan-ingreso-de-balmaceda-de-programa-pequenas-localidades-del-minvu-1_optimized-1-705x450.jpg 705w, https:\/\/radiorevelacionfm.cl\/wp-content\/uploads\/2023\/10\/vecinos-y-autoridades-destacan-ingreso-de-balmaceda-de-programa-pequenas-localidades-del-minvu-1_optimized-1-450x288.jpg 450w, https:\/\/radiorevelacionfm.cl\/wp-content\/uploads\/2023\/10\/vecinos-y-autoridades-destacan-ingreso-de-balmaceda-de-programa-pequenas-localidades-del-minvu-1_optimized-1-600x383.jpg 600w\" sizes=\"(max-width: 939px) 100vw, 939px\" \/><\/div><\/div><\/div><\/div><div class=\"flex_column av_one_full  flex_column_div av-zero-column-padding first  avia-builder-el-2  el_after_av_one_full  el_before_av_one_full  column-top-margin\" style='border-radius:0px; '><section class=\"av_textblock_section \"  itemscope=\"itemscope\" itemtype=\"https:\/\/schema.org\/BlogPosting\" itemprop=\"blogPost\" ><div class='avia_textblock  '   itemprop=\"text\" ><p style=\"text-align: center;\"><span style=\"font-size: 18pt;\"><strong>Balmaceda gan\u00f3 concurso regional y se incorpora al Programa para Peque\u00f1as Localidades del Minvu<\/strong><\/span><\/p>\n<div id=\"gtx-trans\" style=\"position: absolute; left: -50px; top: 4.31534px;\">\n<div class=\"gtx-trans-icon\"><\/div>\n<\/div>\n<\/div><\/section><\/div><div class=\"flex_column av_one_full  flex_column_div av-zero-column-padding first  avia-builder-el-4  el_after_av_one_full  el_before_av_hr  column-top-margin\" style='border-radius:0px; '><section class=\"av_textblock_section \"  itemscope=\"itemscope\" itemtype=\"https:\/\/schema.org\/BlogPosting\" itemprop=\"blogPost\" ><div class='avia_textblock  '   itemprop=\"text\" ><p style=\"text-align: justify;\">Como una gran noticia para la comuna y en especial para los habitantes de la localidad, calificaron dirigentes y autoridades la reciente confirmaci\u00f3n de que Balmaceda se incorpora desde este a\u00f1o al Programa para Peque\u00f1as Localidades del Ministerio de Vivienda y Urbanismo (Minvu), esto tras ganar el concurso regional que en esta ocasi\u00f3n ten\u00eda tambi\u00e9n como postulantes a las localidades de La Junta y Caleta Tortel.<\/p>\n<p style=\"text-align: justify;\">El positivo anuncio fue entregado durante la reciente visita a la regi\u00f3n de la Subsecretaria de Vivienda, Gabriela Elgueta, quien record\u00f3 que el Programa para Peque\u00f1as Localidades busca favorecer la equidad territorial, garantizando a los habitantes de localidades peque\u00f1as el acceso a infraestructura urbana y habitacional, objetivo que en este caso se justifica plenamente considerando que Balmaceda est\u00e1 en una zona fronteriza y es la principal puerta de entrada a la regi\u00f3n de Ays\u00e9n.<\/p>\n<p style=\"text-align: justify;\">\u201cEste es un programa muy importante para el Minvu y est\u00e1 asociado a la l\u00ednea del Plan Ciudades Justas que tambi\u00e9n busca llegar a los territorios que por mucho tiempo no han tenido la inversi\u00f3n y los equipamientos que requieren. Es un programa que los va a acompa\u00f1ar durante los pr\u00f3ximos 4 a\u00f1os, con un monto de mil 500 millones de pesos y va a permitir que los vecinos organizadamente puedan priorizar y definir en un horizonte de planificaci\u00f3n a mediano plazo como quieren los equipamientos, como quieren convivir, que tipo de \u00e1reas verdes quieren, pero tambi\u00e9n poder visualizar como esas inversiones se coordinan con las que hacen otros sectores, como educaci\u00f3n, salud, deportes o la Subdere y eso nos permite tambi\u00e9n traer a esta comunidad un mayor desarrollo y un mayor progreso\u201d, indic\u00f3.<\/p>\n<p style=\"text-align: justify;\">El Programa para Peque\u00f1as Localidades del Minvu fue creado hace ocho a\u00f1os y se aplica en lugares con menos de 20 mil habitantes. Contempla un periodo de implementaci\u00f3n que va entre los cuatro y los seis a\u00f1os, partiendo con una etapa de Diagn\u00f3stico y la conformaci\u00f3n de una Mesa de Actores Locales que es el encargado de definir un Plan de Desarrollo para la localidad.<\/p>\n<p style=\"text-align: justify;\">La buena noticia fue valorada por el Alcalde de Coyhaique, Carlos Gatica, quien agradeci\u00f3 en nombre de la comunidad favorecida. \u201cLo primero es agradecer al Ministerio de Vivienda y al Gobierno este compromiso que ha tenido con nuestra localidad. Lo digo porque esta es una postulaci\u00f3n, aqu\u00ed hubo votos de muchos Seremis, de muchos directores y por supuesto la Seremi de Vivienda que est\u00e1 aqu\u00ed, que decidieron apoyarnos en hacer justicia territorial, equidad territorial, de no condicionar a nuestros vecinos y vecinas de la regi\u00f3n de Ays\u00e9n por el lugar donde viven sino m\u00e1s bien que los recursos del estado lleguen a todos sus vecinos de la manera m\u00e1s equitativa posible\u201d, manifest\u00f3.<\/p>\n<p style=\"text-align: justify;\">La Seremi de Vivienda, Paulina Ruz, enfatiz\u00f3 en que Peque\u00f1as Localidades es un programa que forma parte del coraz\u00f3n del Minvu, con el cual se podr\u00e1 materializar la recuperaci\u00f3n de los espacios y de las obras urbanas que mejoren la calidad de vida de los habitantes de Balmaceda. \u201cRecordar que tiene tambi\u00e9n un fuerte componente de participaci\u00f3n ciudadana, ya que son las vecinas y vecinos quienes determinan las obras que se requieren para su localidad. En el caso de Balmaceda estamos muy contentos de entregar esta noticia entendiendo que tambi\u00e9n que all\u00ed nuestra proyecci\u00f3n habitacional es alta, ya que se entreg\u00f3 una poblaci\u00f3n al comit\u00e9 Huilli Ruca, actualmente se est\u00e1 ejecutando un nuevo conjunto para 96 familias y se proyectan otros dos conjuntos habitacionales para el futuro, por lo que la localidad requiere inversiones y nuevas obras para atender a toda esta poblaci\u00f3n \u201c, precis\u00f3.<\/p>\n<p style=\"text-align: justify;\">Con el \u00faltimo proceso de selecci\u00f3n el programa para Peque\u00f1as localidades estar\u00e1 presente en m\u00e1s de cien localidades de todo el pa\u00eds, incluyendo en nuestra regi\u00f3n a Balmaceda; reci\u00e9n seleccionado; Villa O\u2019Higgins, desde 2018; la zona de Lago Verde, La Tapera y Villa Amengual, desde 2021 y Melinka, desde 2022.<\/p>\n<\/div><\/section><\/div><div  style='height:50px' class='hr hr-invisible   avia-builder-el-6  el_after_av_one_full  el_before_av_social_share '><span class='hr-inner ' ><span class='hr-inner-style'><\/span><\/span><\/div><\/p>\n<div  class='av-social-sharing-box  avia-builder-el-7  el_after_av_hr  el_before_av_hr  '><div class='av-share-box'><h5 class='av-share-link-description av-no-toc '>Compartir esta noticia<\/h5><ul class='av-share-box-list noLightbox'><li class='av-share-link av-social-link-facebook' ><a target=\"_blank\" aria-label=\"Compartir en Facebook\" href='https:\/\/www.facebook.com\/sharer.php?u=https:\/\/radiorevelacionfm.cl\/?p=36268&#038;t=Balmaceda%20gan%C3%B3%20concurso%20regional%20y%20se%20incorpora%20al%20Programa%20para%20Peque%C3%B1as%20Localidades%20del%20Minvu' aria-hidden='false' data-av_icon='\ue8f3' data-av_iconfont='entypo-fontello' title='' data-avia-related-tooltip='Compartir en Facebook' rel=\"noopener\"><span class='avia_hidden_link_text'>Compartir en Facebook<\/span><\/a><\/li><li class='av-share-link av-social-link-twitter' ><a target=\"_blank\" aria-label=\"Compartir en Twitter\" href='https:\/\/twitter.com\/share?text=Balmaceda%20gan%C3%B3%20concurso%20regional%20y%20se%20incorpora%20al%20Programa%20para%20Peque%C3%B1as%20Localidades%20del%20Minvu&#038;url=https:\/\/radiorevelacionfm.cl\/?p=36268' aria-hidden='false' data-av_icon='\ue8f1' data-av_iconfont='entypo-fontello' title='' data-avia-related-tooltip='Compartir en Twitter' rel=\"noopener\"><span class='avia_hidden_link_text'>Compartir en Twitter<\/span><\/a><\/li><li class='av-share-link av-social-link-whatsapp' ><a target=\"_blank\" aria-label=\"Compartir en Whatsapp\" href='https:\/\/api.whatsapp.com\/send?text=https:\/\/radiorevelacionfm.cl\/?p=36268' aria-hidden='false' data-av_icon='\uf232' data-av_iconfont='entypo-fontello' title='' data-avia-related-tooltip='Compartir en Whatsapp' rel=\"noopener\"><span class='avia_hidden_link_text'>Compartir en Whatsapp<\/span><\/a><\/li><li class='av-share-link av-social-link-linkedin' ><a target=\"_blank\" aria-label=\"Compartir en LinkedIn\" href='https:\/\/linkedin.com\/shareArticle?mini=true&#038;title=Balmaceda%20gan%C3%B3%20concurso%20regional%20y%20se%20incorpora%20al%20Programa%20para%20Peque%C3%B1as%20Localidades%20del%20Minvu&#038;url=https:\/\/radiorevelacionfm.cl\/?p=36268' aria-hidden='false' data-av_icon='\ue8fc' data-av_iconfont='entypo-fontello' title='' data-avia-related-tooltip='Compartir en LinkedIn' rel=\"noopener\"><span class='avia_hidden_link_text'>Compartir en LinkedIn<\/span><\/a><\/li><li class='av-share-link av-social-link-mail' ><a  aria-label=\"Compartir por correo\" href='mailto:?subject=Balmaceda%20gan%C3%B3%20concurso%20regional%20y%20se%20incorpora%20al%20Programa%20para%20Peque%C3%B1as%20Localidades%20del%20Minvu&#038;body=https:\/\/radiorevelacionfm.cl\/?p=36268' aria-hidden='false' data-av_icon='\ue805' data-av_iconfont='entypo-fontello' title='' data-avia-related-tooltip='Compartir por correo'><span class='avia_hidden_link_text'>Compartir por correo<\/span><\/a><\/li><\/ul><\/div><\/div>\n<div  style='height:50px' class='hr hr-invisible   avia-builder-el-8  el_after_av_social_share  el_before_av_comments_list '><span class='hr-inner ' ><span class='hr-inner-style'><\/span><\/span><\/div>\n<div  class='av-buildercomment  av-blog-meta-html-info-disabled av-blog-meta-tag-disabled  '><\/div>\n","protected":false},"excerpt":{"rendered":"","protected":false},"author":1,"featured_media":36269,"comment_status":"open","ping_status":"open","sticky":false,"template":"","format":"standard","meta":{"footnotes":""},"categories":[38],"tags":[],"class_list":["post-36268","post","type-post","status-publish","format-standard","has-post-thumbnail","hentry","category-regional"],"jetpack_featured_media_url":"https:\/\/radiorevelacionfm.cl\/wp-content\/uploads\/2023\/10\/vecinos-y-autoridades-destacan-ingreso-de-balmaceda-de-programa-pequenas-localidades-del-minvu-1_optimized-1.jpg","_links":{"self":[{"href":"https:\/\/radiorevelacionfm.cl\/index.php?rest_route=\/wp\/v2\/posts\/36268","targetHints":{"allow":["GET"]}}],"collection":[{"href":"https:\/\/radiorevelacionfm.cl\/index.php?rest_route=\/wp\/v2\/posts"}],"about":[{"href":"https:\/\/radiorevelacionfm.cl\/index.php?rest_route=\/wp\/v2\/types\/post"}],"author":[{"embeddable":true,"href":"https:\/\/radiorevelacionfm.cl\/index.php?rest_route=\/wp\/v2\/users\/1"}],"replies":[{"embeddable":true,"href":"https:\/\/radiorevelacionfm.cl\/index.php?rest_route=%2Fwp%2Fv2%2Fcomments&post=36268"}],"version-history":[{"count":1,"href":"https:\/\/radiorevelacionfm.cl\/index.php?rest_route=\/wp\/v2\/posts\/36268\/revisions"}],"predecessor-version":[{"id":36270,"href":"https:\/\/radiorevelacionfm.cl\/index.php?rest_route=\/wp\/v2\/posts\/36268\/revisions\/36270"}],"wp:featuredmedia":[{"embeddable":true,"href":"https:\/\/radiorevelacionfm.cl\/index.php?rest_route=\/wp\/v2\/media\/36269"}],"wp:attachment":[{"href":"https:\/\/radiorevelacionfm.cl\/index.php?rest_route=%2Fwp%2Fv2%2Fmedia&parent=36268"}],"wp:term":[{"taxonomy":"category","embeddable":true,"href":"https:\/\/radiorevelacionfm.cl\/index.php?rest_route=%2Fwp%2Fv2%2Fcategories&post=36268"},{"taxonomy":"post_tag","embeddable":true,"href":"https:\/\/radiorevelacionfm.cl\/index.php?rest_route=%2Fwp%2Fv2%2Ftags&post=36268"}],"curies":[{"name":"wp","href":"https:\/\/api.w.org\/{rel}","templated":true}]}}