{"id":36265,"date":"2023-10-25T15:17:29","date_gmt":"2023-10-25T18:17:29","guid":{"rendered":"https:\/\/radiorevelacionfm.cl\/?p=36265"},"modified":"2023-10-25T15:17:29","modified_gmt":"2023-10-25T18:17:29","slug":"marcelo-santana-renuncia-al-cargo-de-alcalde-de-rio-ibanez-para-enfrentar-nuevos-desafios-en-aysen","status":"publish","type":"post","link":"https:\/\/radiorevelacionfm.cl\/?p=36265","title":{"rendered":"Marcelo Santana renuncia al cargo de alcalde de R\u00edo Ib\u00e1\u00f1ez para enfrentar nuevos desaf\u00edos en Ays\u00e9n"},"content":{"rendered":"<div class=\"flex_column av_one_full  flex_column_div av-zero-column-padding first  avia-builder-el-0  el_before_av_one_full  avia-builder-el-first  \" style='border-radius:0px; '><div  class='avia-image-container  av-styling-    avia-builder-el-1  avia-builder-el-no-sibling  avia-align-center '  itemprop=\"image\" itemscope=\"itemscope\" itemtype=\"https:\/\/schema.org\/ImageObject\"  ><div class='avia-image-container-inner'><div class='avia-image-overlay-wrap'><img decoding=\"async\" class='wp-image-36266 avia-img-lazy-loading-not-36266 avia_image' src=\"https:\/\/radiorevelacionfm.cl\/wp-content\/uploads\/2023\/10\/img_6747-1_optimized.jpg\" alt='' title='img_6747-(1)_optimized' height=\"600\" width=\"900\"  itemprop=\"thumbnailUrl\" srcset=\"https:\/\/radiorevelacionfm.cl\/wp-content\/uploads\/2023\/10\/img_6747-1_optimized.jpg 900w, https:\/\/radiorevelacionfm.cl\/wp-content\/uploads\/2023\/10\/img_6747-1_optimized-300x200.jpg 300w, https:\/\/radiorevelacionfm.cl\/wp-content\/uploads\/2023\/10\/img_6747-1_optimized-768x512.jpg 768w, https:\/\/radiorevelacionfm.cl\/wp-content\/uploads\/2023\/10\/img_6747-1_optimized-705x470.jpg 705w, https:\/\/radiorevelacionfm.cl\/wp-content\/uploads\/2023\/10\/img_6747-1_optimized-450x300.jpg 450w, https:\/\/radiorevelacionfm.cl\/wp-content\/uploads\/2023\/10\/img_6747-1_optimized-600x400.jpg 600w\" sizes=\"(max-width: 900px) 100vw, 900px\" \/><\/div><\/div><\/div><\/div><div class=\"flex_column av_one_full  flex_column_div av-zero-column-padding first  avia-builder-el-2  el_after_av_one_full  el_before_av_one_full  column-top-margin\" style='border-radius:0px; '><section class=\"av_textblock_section \"  itemscope=\"itemscope\" itemtype=\"https:\/\/schema.org\/BlogPosting\" itemprop=\"blogPost\" ><div class='avia_textblock  '   itemprop=\"text\" ><p style=\"text-align: center;\"><strong><span style=\"font-size: 18pt;\">Marcelo Santana renuncia al cargo de alcalde de R\u00edo Ib\u00e1\u00f1ez para enfrentar nuevos desaf\u00edos en Ays\u00e9n<\/span><\/strong><\/p>\n<div id=\"gtx-trans\" style=\"position: absolute; left: -50px; top: 4.31534px;\">\n<div class=\"gtx-trans-icon\"><\/div>\n<\/div>\n<\/div><\/section><\/div><div class=\"flex_column av_one_full  flex_column_div av-zero-column-padding first  avia-builder-el-4  el_after_av_one_full  el_before_av_hr  column-top-margin\" style='border-radius:0px; '><section class=\"av_textblock_section \"  itemscope=\"itemscope\" itemtype=\"https:\/\/schema.org\/BlogPosting\" itemprop=\"blogPost\" ><div class='avia_textblock  '   itemprop=\"text\" ><p class=\"v1MsoNormal\" style=\"text-align: justify;\">En un marcado gesto de determinaci\u00f3n y compromiso con el futuro del territorio y su gente, el -hasta hoy- alcalde Marcelo Santana, anunci\u00f3 su dimisi\u00f3n durante la sesi\u00f3n del Concejo Municipal de este mi\u00e9rcoles 25 de octubre, en Puerto Ingeniero Ib\u00e1\u00f1ez. \u00abHay mucho que hacer en nuestra regi\u00f3n y vamos contra el tiempo, porque nos hemos estancado e incluso retrocedido mucho en menos de dos a\u00f1os, situaci\u00f3n que no tiene precedente en esta zona de la Patagonia chilena\u00bb, expres\u00f3.<\/p>\n<p class=\"v1MsoNormal\" style=\"text-align: justify;\">El anuncio marca el inicio de otra etapa p\u00fablica en su vida pol\u00edtica para la que suma los siete a\u00f1os de experiencia al frente del municipio de R\u00edo Ib\u00e1\u00f1ez y tambi\u00e9n -parte de ellos- como Presidente de la Asociaci\u00f3n Regional de Municipalidades de\u00a0 Ays\u00e9n, Aremu.<\/p>\n<p class=\"v1MsoNormal\" style=\"text-align: justify;\">\u00abHan sido a\u00f1os de mucho trabajo y grandes satisfacciones. Por ello quiero agradecer a nuestro honorable concejo, a los funcionarios municipales y a cada uno de los habitantes de Puerto Ingeniero Ib\u00e1\u00f1ez, Villa Cerro Castillo, Bah\u00eda Murta, Puerto S\u00e1nchez y Puerto R\u00edo Tranquilo, m\u00e1s todos los sectores rurales y gente de campo de esta hermosa comuna; por la confianza y el aporte permanente con la gesti\u00f3n que hemos desarrollado\u00bb, advirti\u00f3 Marcelo Santana Vargas.<\/p>\n<p class=\"v1MsoNormal\" style=\"text-align: justify;\">\u00abEsta decisi\u00f3n no ha sido f\u00e1cil y, para tomarla, cuento con el apoyo de mi familia, que ha sido fundamental y un pilar en esta etapa. Sin embargo, tambi\u00e9n hay que reconocer que nuestra regi\u00f3n est\u00e1 en un estancamiento sin precedentes que uno no puede soslayar, podr\u00eda mantenerme en mi zona de confort, pero siento la necesidad de seguir trabajando por cada uno de los habitantes de mi comuna, desde otra arista a determinar\u00bb, puntualiz\u00f3 el alcalde en una de sus \u00faltimas intervenciones en el Concejo Municipal.<\/p>\n<p class=\"v1MsoNormal\" style=\"text-align: justify;\">\u00abHoy la ley me exige dar este paso y aprovechar\u00e9 cada segundo, desde ahora en adelante, para escuchar a los vecinos de la regi\u00f3n, a los profesionales y a los gremios que nos permitan -a futuro- desarrollar las acciones que permitan que nuestra Regi\u00f3n de Ays\u00e9n deje de sentirse y ser tratada como la zona m\u00e1s extrema del pa\u00eds. Tenemos todo lo necesario para mejorar nuestra calidad de vida. En pleno Siglo XXI no podemos seguir empantanados en las mismas dificultades que tuvieron quienes llegaron primero. Por eso hoy dejo mi cargo como alcalde de R\u00edo Ib\u00e1\u00f1ez, con mucha emoci\u00f3n y una gran esperanza en mi coraz\u00f3n\u00bb, finaliz\u00f3.<\/p>\n<p class=\"v1MsoNormal\" style=\"text-align: justify;\">Santana concluy\u00f3 de esta manera una gesti\u00f3n de siete a\u00f1os al mando de la comuna de R\u00edo Ib\u00e1\u00f1ez quien adem\u00e1s se ha desempe\u00f1ado de Consejero Regional de Ays\u00e9n en el per\u00edodo 2013 \u2013 2016 y en el primer Gobierno de Sebasti\u00e1n Pi\u00f1era como Director Regional de SUBDERE.<\/p>\n<\/div><\/section><\/div><div  style='height:50px' class='hr hr-invisible   avia-builder-el-6  el_after_av_one_full  el_before_av_social_share '><span class='hr-inner ' ><span class='hr-inner-style'><\/span><\/span><\/div><\/p>\n<div  class='av-social-sharing-box  avia-builder-el-7  el_after_av_hr  el_before_av_hr  '><div class='av-share-box'><h5 class='av-share-link-description av-no-toc '>Compartir esta noticia<\/h5><ul class='av-share-box-list noLightbox'><li class='av-share-link av-social-link-facebook' ><a target=\"_blank\" aria-label=\"Compartir en Facebook\" href='https:\/\/www.facebook.com\/sharer.php?u=https:\/\/radiorevelacionfm.cl\/?p=36265&#038;t=Marcelo%20Santana%20renuncia%20al%20cargo%20de%20alcalde%20de%20R%C3%ADo%20Ib%C3%A1%C3%B1ez%20para%20enfrentar%20nuevos%20desaf%C3%ADos%20en%20Ays%C3%A9n' aria-hidden='false' data-av_icon='\ue8f3' data-av_iconfont='entypo-fontello' title='' data-avia-related-tooltip='Compartir en Facebook' rel=\"noopener\"><span class='avia_hidden_link_text'>Compartir en Facebook<\/span><\/a><\/li><li class='av-share-link av-social-link-twitter' ><a target=\"_blank\" aria-label=\"Compartir en Twitter\" href='https:\/\/twitter.com\/share?text=Marcelo%20Santana%20renuncia%20al%20cargo%20de%20alcalde%20de%20R%C3%ADo%20Ib%C3%A1%C3%B1ez%20para%20enfrentar%20nuevos%20desaf%C3%ADos%20en%20Ays%C3%A9n&#038;url=https:\/\/radiorevelacionfm.cl\/?p=36265' aria-hidden='false' data-av_icon='\ue8f1' data-av_iconfont='entypo-fontello' title='' data-avia-related-tooltip='Compartir en Twitter' rel=\"noopener\"><span class='avia_hidden_link_text'>Compartir en Twitter<\/span><\/a><\/li><li class='av-share-link av-social-link-whatsapp' ><a target=\"_blank\" aria-label=\"Compartir en Whatsapp\" href='https:\/\/api.whatsapp.com\/send?text=https:\/\/radiorevelacionfm.cl\/?p=36265' aria-hidden='false' data-av_icon='\uf232' data-av_iconfont='entypo-fontello' title='' data-avia-related-tooltip='Compartir en Whatsapp' rel=\"noopener\"><span class='avia_hidden_link_text'>Compartir en Whatsapp<\/span><\/a><\/li><li class='av-share-link av-social-link-linkedin' ><a target=\"_blank\" aria-label=\"Compartir en LinkedIn\" href='https:\/\/linkedin.com\/shareArticle?mini=true&#038;title=Marcelo%20Santana%20renuncia%20al%20cargo%20de%20alcalde%20de%20R%C3%ADo%20Ib%C3%A1%C3%B1ez%20para%20enfrentar%20nuevos%20desaf%C3%ADos%20en%20Ays%C3%A9n&#038;url=https:\/\/radiorevelacionfm.cl\/?p=36265' aria-hidden='false' data-av_icon='\ue8fc' data-av_iconfont='entypo-fontello' title='' data-avia-related-tooltip='Compartir en LinkedIn' rel=\"noopener\"><span class='avia_hidden_link_text'>Compartir en LinkedIn<\/span><\/a><\/li><li class='av-share-link av-social-link-mail' ><a  aria-label=\"Compartir por correo\" href='mailto:?subject=Marcelo%20Santana%20renuncia%20al%20cargo%20de%20alcalde%20de%20R%C3%ADo%20Ib%C3%A1%C3%B1ez%20para%20enfrentar%20nuevos%20desaf%C3%ADos%20en%20Ays%C3%A9n&#038;body=https:\/\/radiorevelacionfm.cl\/?p=36265' aria-hidden='false' data-av_icon='\ue805' data-av_iconfont='entypo-fontello' title='' data-avia-related-tooltip='Compartir por correo'><span class='avia_hidden_link_text'>Compartir por correo<\/span><\/a><\/li><\/ul><\/div><\/div>\n<div  style='height:50px' class='hr hr-invisible   avia-builder-el-8  el_after_av_social_share  el_before_av_comments_list '><span class='hr-inner ' ><span class='hr-inner-style'><\/span><\/span><\/div>\n<div  class='av-buildercomment  av-blog-meta-html-info-disabled av-blog-meta-tag-disabled  '><\/div>\n","protected":false},"excerpt":{"rendered":"","protected":false},"author":1,"featured_media":36266,"comment_status":"open","ping_status":"open","sticky":false,"template":"","format":"standard","meta":{"footnotes":""},"categories":[38],"tags":[],"class_list":["post-36265","post","type-post","status-publish","format-standard","has-post-thumbnail","hentry","category-regional"],"jetpack_featured_media_url":"https:\/\/radiorevelacionfm.cl\/wp-content\/uploads\/2023\/10\/img_6747-1_optimized.jpg","_links":{"self":[{"href":"https:\/\/radiorevelacionfm.cl\/index.php?rest_route=\/wp\/v2\/posts\/36265","targetHints":{"allow":["GET"]}}],"collection":[{"href":"https:\/\/radiorevelacionfm.cl\/index.php?rest_route=\/wp\/v2\/posts"}],"about":[{"href":"https:\/\/radiorevelacionfm.cl\/index.php?rest_route=\/wp\/v2\/types\/post"}],"author":[{"embeddable":true,"href":"https:\/\/radiorevelacionfm.cl\/index.php?rest_route=\/wp\/v2\/users\/1"}],"replies":[{"embeddable":true,"href":"https:\/\/radiorevelacionfm.cl\/index.php?rest_route=%2Fwp%2Fv2%2Fcomments&post=36265"}],"version-history":[{"count":1,"href":"https:\/\/radiorevelacionfm.cl\/index.php?rest_route=\/wp\/v2\/posts\/36265\/revisions"}],"predecessor-version":[{"id":36267,"href":"https:\/\/radiorevelacionfm.cl\/index.php?rest_route=\/wp\/v2\/posts\/36265\/revisions\/36267"}],"wp:featuredmedia":[{"embeddable":true,"href":"https:\/\/radiorevelacionfm.cl\/index.php?rest_route=\/wp\/v2\/media\/36266"}],"wp:attachment":[{"href":"https:\/\/radiorevelacionfm.cl\/index.php?rest_route=%2Fwp%2Fv2%2Fmedia&parent=36265"}],"wp:term":[{"taxonomy":"category","embeddable":true,"href":"https:\/\/radiorevelacionfm.cl\/index.php?rest_route=%2Fwp%2Fv2%2Fcategories&post=36265"},{"taxonomy":"post_tag","embeddable":true,"href":"https:\/\/radiorevelacionfm.cl\/index.php?rest_route=%2Fwp%2Fv2%2Ftags&post=36265"}],"curies":[{"name":"wp","href":"https:\/\/api.w.org\/{rel}","templated":true}]}}