{"id":3626,"date":"2021-04-28T20:29:49","date_gmt":"2021-04-28T23:29:49","guid":{"rendered":"https:\/\/radiorevelacionfm.cl\/?p=3626"},"modified":"2021-04-28T20:29:49","modified_gmt":"2021-04-28T23:29:49","slug":"anuncian-comision-investigadora-por-posible-colusion-de-empresas-de-gas-licuado","status":"publish","type":"post","link":"https:\/\/radiorevelacionfm.cl\/?p=3626","title":{"rendered":"Anuncian comisi\u00f3n investigadora por posible colusi\u00f3n de empresas de gas licuado"},"content":{"rendered":"<div class=\"flex_column av_one_full  flex_column_div av-zero-column-padding first  avia-builder-el-0  el_before_av_one_full  avia-builder-el-first  \" style='border-radius:0px; '><div  class='avia-image-container  av-styling-    avia-builder-el-1  avia-builder-el-no-sibling  avia-align-center '  itemprop=\"image\" itemscope=\"itemscope\" itemtype=\"https:\/\/schema.org\/ImageObject\"  ><div class='avia-image-container-inner'><div class='avia-image-overlay-wrap'><img decoding=\"async\" class='wp-image-0 avia-img-lazy-loading-not-0 avia_image' src=\"https:\/\/radiorevelacionfm.cl\/wp-content\/uploads\/2021\/04\/Gas9.jpg\" alt='' title=''   itemprop=\"thumbnailUrl\"  \/><\/div><\/div><\/div><\/div><div class=\"flex_column av_one_full  flex_column_div av-zero-column-padding first  avia-builder-el-2  el_after_av_one_full  el_before_av_one_full  column-top-margin\" style='border-radius:0px; '><section class=\"av_textblock_section \"  itemscope=\"itemscope\" itemtype=\"https:\/\/schema.org\/BlogPosting\" itemprop=\"blogPost\" ><div class='avia_textblock  '   itemprop=\"text\" ><p style=\"text-align: center;\"><span style=\"font-size: 18pt;\"><strong>Anuncian comisi\u00f3n investigadora por posible colusi\u00f3n de empresas de gas licuado <\/strong><\/span><\/p>\n<div id=\"gtx-trans\" style=\"position: absolute; left: -50px; top: 4.31534px;\">\n<div class=\"gtx-trans-icon\"><\/div>\n<\/div>\n<\/div><\/section><\/div><div class=\"flex_column av_one_full  flex_column_div av-zero-column-padding first  avia-builder-el-4  el_after_av_one_full  el_before_av_hr  column-top-margin\" style='border-radius:0px; '><section class=\"av_textblock_section \"  itemscope=\"itemscope\" itemtype=\"https:\/\/schema.org\/BlogPosting\" itemprop=\"blogPost\" ><div class='avia_textblock  '   itemprop=\"text\" ><p style=\"font-weight: 400; text-align: justify;\">Ante los datos entregados por la Fiscal\u00eda Nacional Econ\u00f3mica en la comisi\u00f3n de Econom\u00eda de la C\u00e1mara de Diputados que dan cuenta de irregularidades en el mercado del gas licuado, el diputado Miguel \u00c1ngel Calisto anunci\u00f3 que desde la bancada DC impulsar\u00e1n la creaci\u00f3n de una comisi\u00f3n investigadora.<\/p>\n<p style=\"font-weight: 400; text-align: justify;\">Seg\u00fan el legislador \u201cdesde la bancada de la Democracia Cristiana vamos a impulsar la conformaci\u00f3n de una comisi\u00f3n investigadora para poder abordar y buscar un mecanismo que no solamente permita dilucidar si existi\u00f3 o no una eventual colusi\u00f3n en las empresas de gas, sino que adem\u00e1s buscar un mecanismo que permita regular este bien de consumo b\u00e1sico de las chilenas y chilenos\u201d.<\/p>\n<p style=\"font-weight: 400; text-align: justify;\">\u201cValoramos tremendamente que el Fiscal Nacional Econ\u00f3mico haya entregado antecedentes a este Congreso Nacional que est\u00e1n demostrando que la competencia en el mercado del gas no est\u00e1 funcionando correctamente. Seg\u00fan estos datos hay una alta concentraci\u00f3n en este mercado y una falta de regulaci\u00f3n\u201d, se\u00f1al\u00f3.<\/p>\n<p style=\"font-weight: 400; text-align: justify;\">\u201cEn un a\u00f1o de pandemia, el precio del gas aument\u00f3 en un 14% en la zona central, pero este precio en las zonas extremas puede llegar al doble. Estamos hablando que el bal\u00f3n de 15 kilos que antes costaba 15 mil pesos, hoy est\u00e1 entre 19 y 22 mil pesos, y en las zonas australes puede llegar a los 32 mil pesos. Esto es verdaderamente un abuso\u201d.<\/p>\n<p style=\"font-weight: 400; text-align: justify;\">Sobre el apoyo a la creaci\u00f3n de esta comisi\u00f3n investigadora, Calisto se\u00f1al\u00f3 que \u201chemos hablado con distintas bancadas y creemos que va a haber un apoyo importante del Congreso, no s\u00f3lo para resolver si hay colusi\u00f3n, sino que lo m\u00e1s importante, para buscar junto al ejecutivo un mecanismo de regulaci\u00f3n en el precio del gas, que es un bien fundamental para los chilenos\u201d.<\/p>\n<p style=\"font-weight: 400; text-align: justify;\">Finalmente, el diputado Miguel \u00c1ngel Calisto indic\u00f3 que \u201cuna familia en Chile gasta cerca de un 20% de su presupuesto para servicios b\u00e1sicos en gas, por eso es que el aumento es un acto absolutamente inmoral que debe ser revisado y fiscalizado, por eso es muy necesaria esta comisi\u00f3n investigadora que estamos anunciando desde la bancada de diputados DC\u201d.<\/p>\n<\/div><\/section><\/div><div  style='height:50px' class='hr hr-invisible   avia-builder-el-6  el_after_av_one_full  el_before_av_social_share '><span class='hr-inner ' ><span class='hr-inner-style'><\/span><\/span><\/div><\/p>\n<div  class='av-social-sharing-box  avia-builder-el-7  el_after_av_hr  el_before_av_hr  '><div class='av-share-box'><h5 class='av-share-link-description av-no-toc '>Compartir esta noticia<\/h5><ul class='av-share-box-list noLightbox'><li class='av-share-link av-social-link-facebook' ><a target=\"_blank\" aria-label=\"Compartir en Facebook\" href='https:\/\/www.facebook.com\/sharer.php?u=https:\/\/radiorevelacionfm.cl\/?p=3626&#038;t=Anuncian%20comisi%C3%B3n%20investigadora%20por%20posible%20colusi%C3%B3n%20de%20empresas%20de%20gas%20licuado' aria-hidden='false' data-av_icon='\ue8f3' data-av_iconfont='entypo-fontello' title='' data-avia-related-tooltip='Compartir en Facebook' rel=\"noopener\"><span class='avia_hidden_link_text'>Compartir en Facebook<\/span><\/a><\/li><li class='av-share-link av-social-link-twitter' ><a target=\"_blank\" aria-label=\"Compartir en Twitter\" href='https:\/\/twitter.com\/share?text=Anuncian%20comisi%C3%B3n%20investigadora%20por%20posible%20colusi%C3%B3n%20de%20empresas%20de%20gas%20licuado&#038;url=https:\/\/radiorevelacionfm.cl\/?p=3626' aria-hidden='false' data-av_icon='\ue8f1' data-av_iconfont='entypo-fontello' title='' data-avia-related-tooltip='Compartir en Twitter' rel=\"noopener\"><span class='avia_hidden_link_text'>Compartir en Twitter<\/span><\/a><\/li><li class='av-share-link av-social-link-whatsapp' ><a target=\"_blank\" aria-label=\"Compartir en Whatsapp\" href='https:\/\/api.whatsapp.com\/send?text=https:\/\/radiorevelacionfm.cl\/?p=3626' aria-hidden='false' data-av_icon='\uf232' data-av_iconfont='entypo-fontello' title='' data-avia-related-tooltip='Compartir en Whatsapp' rel=\"noopener\"><span class='avia_hidden_link_text'>Compartir en Whatsapp<\/span><\/a><\/li><li class='av-share-link av-social-link-linkedin' ><a target=\"_blank\" aria-label=\"Compartir en LinkedIn\" href='https:\/\/linkedin.com\/shareArticle?mini=true&#038;title=Anuncian%20comisi%C3%B3n%20investigadora%20por%20posible%20colusi%C3%B3n%20de%20empresas%20de%20gas%20licuado&#038;url=https:\/\/radiorevelacionfm.cl\/?p=3626' aria-hidden='false' data-av_icon='\ue8fc' data-av_iconfont='entypo-fontello' title='' data-avia-related-tooltip='Compartir en LinkedIn' rel=\"noopener\"><span class='avia_hidden_link_text'>Compartir en LinkedIn<\/span><\/a><\/li><li class='av-share-link av-social-link-mail' ><a  aria-label=\"Compartir por correo\" href='mailto:?subject=Anuncian%20comisi%C3%B3n%20investigadora%20por%20posible%20colusi%C3%B3n%20de%20empresas%20de%20gas%20licuado&#038;body=https:\/\/radiorevelacionfm.cl\/?p=3626' aria-hidden='false' data-av_icon='\ue805' data-av_iconfont='entypo-fontello' title='' data-avia-related-tooltip='Compartir por correo'><span class='avia_hidden_link_text'>Compartir por correo<\/span><\/a><\/li><\/ul><\/div><\/div>\n<div  style='height:50px' class='hr hr-invisible   avia-builder-el-8  el_after_av_social_share  el_before_av_comments_list '><span class='hr-inner ' ><span class='hr-inner-style'><\/span><\/span><\/div>\n<div  class='av-buildercomment  av-blog-meta-html-info-disabled av-blog-meta-tag-disabled  '><\/div>\n","protected":false},"excerpt":{"rendered":"","protected":false},"author":1,"featured_media":0,"comment_status":"open","ping_status":"open","sticky":false,"template":"","format":"standard","meta":{"footnotes":""},"categories":[35],"tags":[],"class_list":["post-3626","post","type-post","status-publish","format-standard","hentry","category-politica"],"jetpack_featured_media_url":"","_links":{"self":[{"href":"https:\/\/radiorevelacionfm.cl\/index.php?rest_route=\/wp\/v2\/posts\/3626","targetHints":{"allow":["GET"]}}],"collection":[{"href":"https:\/\/radiorevelacionfm.cl\/index.php?rest_route=\/wp\/v2\/posts"}],"about":[{"href":"https:\/\/radiorevelacionfm.cl\/index.php?rest_route=\/wp\/v2\/types\/post"}],"author":[{"embeddable":true,"href":"https:\/\/radiorevelacionfm.cl\/index.php?rest_route=\/wp\/v2\/users\/1"}],"replies":[{"embeddable":true,"href":"https:\/\/radiorevelacionfm.cl\/index.php?rest_route=%2Fwp%2Fv2%2Fcomments&post=3626"}],"version-history":[{"count":1,"href":"https:\/\/radiorevelacionfm.cl\/index.php?rest_route=\/wp\/v2\/posts\/3626\/revisions"}],"predecessor-version":[{"id":3628,"href":"https:\/\/radiorevelacionfm.cl\/index.php?rest_route=\/wp\/v2\/posts\/3626\/revisions\/3628"}],"wp:attachment":[{"href":"https:\/\/radiorevelacionfm.cl\/index.php?rest_route=%2Fwp%2Fv2%2Fmedia&parent=3626"}],"wp:term":[{"taxonomy":"category","embeddable":true,"href":"https:\/\/radiorevelacionfm.cl\/index.php?rest_route=%2Fwp%2Fv2%2Fcategories&post=3626"},{"taxonomy":"post_tag","embeddable":true,"href":"https:\/\/radiorevelacionfm.cl\/index.php?rest_route=%2Fwp%2Fv2%2Ftags&post=3626"}],"curies":[{"name":"wp","href":"https:\/\/api.w.org\/{rel}","templated":true}]}}