{"id":36259,"date":"2023-10-25T10:59:48","date_gmt":"2023-10-25T13:59:48","guid":{"rendered":"https:\/\/radiorevelacionfm.cl\/?p=36259"},"modified":"2023-10-25T10:59:48","modified_gmt":"2023-10-25T13:59:48","slug":"emprendedores-as-de-puerto-aysen-presentan-planes-de-financiamiento-para-potenciar-sus-negocios-con-fosis","status":"publish","type":"post","link":"https:\/\/radiorevelacionfm.cl\/?p=36259","title":{"rendered":"Emprendedores\/as de Puerto Ays\u00e9n presentan planes de financiamiento para potenciar sus negocios con FOSIS"},"content":{"rendered":"<div class=\"flex_column av_one_full  flex_column_div av-zero-column-padding first  avia-builder-el-0  el_before_av_one_full  avia-builder-el-first  \" style='border-radius:0px; '><div  class='avia-image-container  av-styling-    avia-builder-el-1  avia-builder-el-no-sibling  avia-align-center '  itemprop=\"image\" itemscope=\"itemscope\" itemtype=\"https:\/\/schema.org\/ImageObject\"  ><div class='avia-image-container-inner'><div class='avia-image-overlay-wrap'><img decoding=\"async\" class='wp-image-36260 avia-img-lazy-loading-not-36260 avia_image' src=\"https:\/\/radiorevelacionfm.cl\/wp-content\/uploads\/2023\/10\/Emprendamos-Semilla-SSyOO-Aysen-1.jpg\" alt='' title='Emprendamos Semilla SSyOO Ays\u00e9n (1)' height=\"607\" width=\"1080\"  itemprop=\"thumbnailUrl\" srcset=\"https:\/\/radiorevelacionfm.cl\/wp-content\/uploads\/2023\/10\/Emprendamos-Semilla-SSyOO-Aysen-1.jpg 1080w, https:\/\/radiorevelacionfm.cl\/wp-content\/uploads\/2023\/10\/Emprendamos-Semilla-SSyOO-Aysen-1-300x169.jpg 300w, https:\/\/radiorevelacionfm.cl\/wp-content\/uploads\/2023\/10\/Emprendamos-Semilla-SSyOO-Aysen-1-1030x579.jpg 1030w, https:\/\/radiorevelacionfm.cl\/wp-content\/uploads\/2023\/10\/Emprendamos-Semilla-SSyOO-Aysen-1-768x432.jpg 768w, https:\/\/radiorevelacionfm.cl\/wp-content\/uploads\/2023\/10\/Emprendamos-Semilla-SSyOO-Aysen-1-705x396.jpg 705w, https:\/\/radiorevelacionfm.cl\/wp-content\/uploads\/2023\/10\/Emprendamos-Semilla-SSyOO-Aysen-1-450x253.jpg 450w, https:\/\/radiorevelacionfm.cl\/wp-content\/uploads\/2023\/10\/Emprendamos-Semilla-SSyOO-Aysen-1-600x337.jpg 600w\" sizes=\"(max-width: 1080px) 100vw, 1080px\" \/><\/div><\/div><\/div><\/div><div class=\"flex_column av_one_full  flex_column_div av-zero-column-padding first  avia-builder-el-2  el_after_av_one_full  el_before_av_one_full  column-top-margin\" style='border-radius:0px; '><section class=\"av_textblock_section \"  itemscope=\"itemscope\" itemtype=\"https:\/\/schema.org\/BlogPosting\" itemprop=\"blogPost\" ><div class='avia_textblock  '   itemprop=\"text\" ><p style=\"text-align: center;\"><span style=\"font-size: 18pt;\"><strong>Emprendedores\/as de Puerto Ays\u00e9n presentan planes de financiamiento para potenciar sus negocios con FOSIS<\/strong><\/span><\/p>\n<div id=\"gtx-trans\" style=\"position: absolute; left: -50px; top: 4.31534px;\">\n<div class=\"gtx-trans-icon\"><\/div>\n<\/div>\n<\/div><\/section><\/div><div class=\"flex_column av_one_full  flex_column_div av-zero-column-padding first  avia-builder-el-4  el_after_av_one_full  el_before_av_hr  column-top-margin\" style='border-radius:0px; '><section class=\"av_textblock_section \"  itemscope=\"itemscope\" itemtype=\"https:\/\/schema.org\/BlogPosting\" itemprop=\"blogPost\" ><div class='avia_textblock  '   itemprop=\"text\" ><p style=\"text-align: justify;\">Hasta Puerto Ays\u00e9n lleg\u00f3 la Directora Regional del Fondo de Solidaridad e Inversi\u00f3n Social (FOSIS), Fernanda Leiva, para compartir y conocer de los emprendimientos que buscan desarrollar los usuarios y usuarias del programa Emprendamos Semilla para el Subsistema de Seguridades y Oportunidades, ejecutado en las comunas de Ays\u00e9n y Guaitecas.<\/p>\n<p style=\"text-align: justify;\">La presentaci\u00f3n de planes de negocio se realiz\u00f3 en la Sede Los Laureles en Puerto Ays\u00e9n, donde parte de los 57 usuarios y usuarias del programa expusieron las iniciativas productivas que est\u00e1n implementando, los rubros en los que trabajan y las herramientas, maquinaria o insumos que requieren financiar con los recursos que entrega el programa Emprendamos Semilla.<\/p>\n<p style=\"text-align: justify;\">Silvana Barra, emprendedora de Puerto Ays\u00e9n, valor\u00f3 positivamente su participaci\u00f3n en el programa Emprendamos Semilla para familias del Subsistema de Seguridades y Oportunidades. \u201cEstoy s\u00faper feliz con mi presentaci\u00f3n, fue todo un \u00e9xito. El programa me sirvi\u00f3 para poder expandir un poco m\u00e1s mi pyme y pude conocer gante y llenarme de hartos conocimientos que, a pesar de que uno lleva a\u00f1os en esto, uno no tiene. Mi emprendimiento se llama Plan Decoraci\u00f3n Patagonia, donde hago decoraci\u00f3n y ambientaci\u00f3n de todo tipo de evento. Lo que voy a adquir\u00ed con el recurso que me entrega el FOSIS va a ser mobiliario para poder generar m\u00e1s decoraciones semanales, por el momento puedo hacer 4 con el mobiliario que tengo y con el que voy a obtener voy a poder hacer 6 e innovar con un sitial genial para el festejado\u201d.<\/p>\n<p style=\"text-align: justify;\">Fernanda Leiva, Directora Regional del FOSIS en Ays\u00e9n, asegur\u00f3 que \u00abpudimos compartir con nuestros emprendedores y principalmente emprendedoras de Puerto Ays\u00e9n que presentaron sus planes de negocio para concretar o fortalecer sus emprendimientos iniciales. Entendemos que esta instancia es un momento importante dentro de las distintas etapas que deben cumplir, de acuerdo con la metodolog\u00eda del programa, ya que presentan sus iniciativas frente a sus pares y a quienes imparten los talleres de capacitaci\u00f3n, por ese motivo quisimos acompa\u00f1ar esta jornada para felicitarlos y motivarlos a seguir avanzando y desarrollando sus emprendimientos\u201d.<\/p>\n<p style=\"text-align: justify;\">En el programa Emprendamos Semilla entrega capacitaci\u00f3n, asesor\u00eda t\u00e9cnica y un plan de financiamiento para concretar o fortalecer una iniciativa de negocio, permitiendo aumentar la generaci\u00f3n de ingresos y mejorar la calidad de vida de las personas que participan.<\/p>\n<\/div><\/section><\/div><div  style='height:50px' class='hr hr-invisible   avia-builder-el-6  el_after_av_one_full  el_before_av_social_share '><span class='hr-inner ' ><span class='hr-inner-style'><\/span><\/span><\/div><\/p>\n<div  class='av-social-sharing-box  avia-builder-el-7  el_after_av_hr  el_before_av_hr  '><div class='av-share-box'><h5 class='av-share-link-description av-no-toc '>Compartir esta noticia<\/h5><ul class='av-share-box-list noLightbox'><li class='av-share-link av-social-link-facebook' ><a target=\"_blank\" aria-label=\"Compartir en Facebook\" href='https:\/\/www.facebook.com\/sharer.php?u=https:\/\/radiorevelacionfm.cl\/?p=36259&#038;t=Emprendedores%2Fas%20de%20Puerto%20Ays%C3%A9n%20presentan%20planes%20de%20financiamiento%20para%20potenciar%20sus%20negocios%20con%20FOSIS' aria-hidden='false' data-av_icon='\ue8f3' data-av_iconfont='entypo-fontello' title='' data-avia-related-tooltip='Compartir en Facebook' rel=\"noopener\"><span class='avia_hidden_link_text'>Compartir en Facebook<\/span><\/a><\/li><li class='av-share-link av-social-link-twitter' ><a target=\"_blank\" aria-label=\"Compartir en Twitter\" href='https:\/\/twitter.com\/share?text=Emprendedores%2Fas%20de%20Puerto%20Ays%C3%A9n%20presentan%20planes%20de%20financiamiento%20para%20potenciar%20sus%20negocios%20con%20FOSIS&#038;url=https:\/\/radiorevelacionfm.cl\/?p=36259' aria-hidden='false' data-av_icon='\ue8f1' data-av_iconfont='entypo-fontello' title='' data-avia-related-tooltip='Compartir en Twitter' rel=\"noopener\"><span class='avia_hidden_link_text'>Compartir en Twitter<\/span><\/a><\/li><li class='av-share-link av-social-link-whatsapp' ><a target=\"_blank\" aria-label=\"Compartir en Whatsapp\" href='https:\/\/api.whatsapp.com\/send?text=https:\/\/radiorevelacionfm.cl\/?p=36259' aria-hidden='false' data-av_icon='\uf232' data-av_iconfont='entypo-fontello' title='' data-avia-related-tooltip='Compartir en Whatsapp' rel=\"noopener\"><span class='avia_hidden_link_text'>Compartir en Whatsapp<\/span><\/a><\/li><li class='av-share-link av-social-link-linkedin' ><a target=\"_blank\" aria-label=\"Compartir en LinkedIn\" href='https:\/\/linkedin.com\/shareArticle?mini=true&#038;title=Emprendedores%2Fas%20de%20Puerto%20Ays%C3%A9n%20presentan%20planes%20de%20financiamiento%20para%20potenciar%20sus%20negocios%20con%20FOSIS&#038;url=https:\/\/radiorevelacionfm.cl\/?p=36259' aria-hidden='false' data-av_icon='\ue8fc' data-av_iconfont='entypo-fontello' title='' data-avia-related-tooltip='Compartir en LinkedIn' rel=\"noopener\"><span class='avia_hidden_link_text'>Compartir en LinkedIn<\/span><\/a><\/li><li class='av-share-link av-social-link-mail' ><a  aria-label=\"Compartir por correo\" href='mailto:?subject=Emprendedores%2Fas%20de%20Puerto%20Ays%C3%A9n%20presentan%20planes%20de%20financiamiento%20para%20potenciar%20sus%20negocios%20con%20FOSIS&#038;body=https:\/\/radiorevelacionfm.cl\/?p=36259' aria-hidden='false' data-av_icon='\ue805' data-av_iconfont='entypo-fontello' title='' data-avia-related-tooltip='Compartir por correo'><span class='avia_hidden_link_text'>Compartir por correo<\/span><\/a><\/li><\/ul><\/div><\/div>\n<div  style='height:50px' class='hr hr-invisible   avia-builder-el-8  el_after_av_social_share  el_before_av_comments_list '><span class='hr-inner ' ><span class='hr-inner-style'><\/span><\/span><\/div>\n<div  class='av-buildercomment  av-blog-meta-html-info-disabled av-blog-meta-tag-disabled  '><\/div>\n","protected":false},"excerpt":{"rendered":"","protected":false},"author":1,"featured_media":36260,"comment_status":"open","ping_status":"open","sticky":false,"template":"","format":"standard","meta":{"footnotes":""},"categories":[38],"tags":[],"class_list":["post-36259","post","type-post","status-publish","format-standard","has-post-thumbnail","hentry","category-regional"],"jetpack_featured_media_url":"https:\/\/radiorevelacionfm.cl\/wp-content\/uploads\/2023\/10\/Emprendamos-Semilla-SSyOO-Aysen-1.jpg","_links":{"self":[{"href":"https:\/\/radiorevelacionfm.cl\/index.php?rest_route=\/wp\/v2\/posts\/36259","targetHints":{"allow":["GET"]}}],"collection":[{"href":"https:\/\/radiorevelacionfm.cl\/index.php?rest_route=\/wp\/v2\/posts"}],"about":[{"href":"https:\/\/radiorevelacionfm.cl\/index.php?rest_route=\/wp\/v2\/types\/post"}],"author":[{"embeddable":true,"href":"https:\/\/radiorevelacionfm.cl\/index.php?rest_route=\/wp\/v2\/users\/1"}],"replies":[{"embeddable":true,"href":"https:\/\/radiorevelacionfm.cl\/index.php?rest_route=%2Fwp%2Fv2%2Fcomments&post=36259"}],"version-history":[{"count":1,"href":"https:\/\/radiorevelacionfm.cl\/index.php?rest_route=\/wp\/v2\/posts\/36259\/revisions"}],"predecessor-version":[{"id":36261,"href":"https:\/\/radiorevelacionfm.cl\/index.php?rest_route=\/wp\/v2\/posts\/36259\/revisions\/36261"}],"wp:featuredmedia":[{"embeddable":true,"href":"https:\/\/radiorevelacionfm.cl\/index.php?rest_route=\/wp\/v2\/media\/36260"}],"wp:attachment":[{"href":"https:\/\/radiorevelacionfm.cl\/index.php?rest_route=%2Fwp%2Fv2%2Fmedia&parent=36259"}],"wp:term":[{"taxonomy":"category","embeddable":true,"href":"https:\/\/radiorevelacionfm.cl\/index.php?rest_route=%2Fwp%2Fv2%2Fcategories&post=36259"},{"taxonomy":"post_tag","embeddable":true,"href":"https:\/\/radiorevelacionfm.cl\/index.php?rest_route=%2Fwp%2Fv2%2Ftags&post=36259"}],"curies":[{"name":"wp","href":"https:\/\/api.w.org\/{rel}","templated":true}]}}