{"id":36256,"date":"2023-10-25T20:02:55","date_gmt":"2023-10-25T23:02:55","guid":{"rendered":"https:\/\/radiorevelacionfm.cl\/?p=36256"},"modified":"2023-10-25T20:02:55","modified_gmt":"2023-10-25T23:02:55","slug":"mujeres-de-aysen-protagonizan-dialogo-participativo-para-la-actualizacion-de-la-estrategia-nacional-contra-la-violencia-de-genero","status":"publish","type":"post","link":"https:\/\/radiorevelacionfm.cl\/?p=36256","title":{"rendered":"Mujeres de Ays\u00e9n protagonizan di\u00e1logo participativo para la actualizaci\u00f3n de la estrategia nacional contra la violencia de g\u00e9nero"},"content":{"rendered":"<div class=\"flex_column av_one_full  flex_column_div av-zero-column-padding first  avia-builder-el-0  el_before_av_one_full  avia-builder-el-first  \" style='border-radius:0px; '><div  class='avia-image-container  av-styling-    avia-builder-el-1  avia-builder-el-no-sibling  avia-align-center '  itemprop=\"image\" itemscope=\"itemscope\" itemtype=\"https:\/\/schema.org\/ImageObject\"  ><div class='avia-image-container-inner'><div class='avia-image-overlay-wrap'><img decoding=\"async\" class='wp-image-36257 avia-img-lazy-loading-not-36257 avia_image' src=\"https:\/\/radiorevelacionfm.cl\/wp-content\/uploads\/2023\/10\/pro-l14GAHO7-1-1.jpeg\" alt='' title='pro-l14GAHO7 (1) (1)' height=\"600\" width=\"938\"  itemprop=\"thumbnailUrl\" srcset=\"https:\/\/radiorevelacionfm.cl\/wp-content\/uploads\/2023\/10\/pro-l14GAHO7-1-1.jpeg 938w, https:\/\/radiorevelacionfm.cl\/wp-content\/uploads\/2023\/10\/pro-l14GAHO7-1-1-300x192.jpeg 300w, https:\/\/radiorevelacionfm.cl\/wp-content\/uploads\/2023\/10\/pro-l14GAHO7-1-1-768x491.jpeg 768w, https:\/\/radiorevelacionfm.cl\/wp-content\/uploads\/2023\/10\/pro-l14GAHO7-1-1-705x451.jpeg 705w, https:\/\/radiorevelacionfm.cl\/wp-content\/uploads\/2023\/10\/pro-l14GAHO7-1-1-450x288.jpeg 450w, https:\/\/radiorevelacionfm.cl\/wp-content\/uploads\/2023\/10\/pro-l14GAHO7-1-1-600x384.jpeg 600w\" sizes=\"(max-width: 938px) 100vw, 938px\" \/><\/div><\/div><\/div><\/div><div class=\"flex_column av_one_full  flex_column_div av-zero-column-padding first  avia-builder-el-2  el_after_av_one_full  el_before_av_one_full  column-top-margin\" style='border-radius:0px; '><section class=\"av_textblock_section \"  itemscope=\"itemscope\" itemtype=\"https:\/\/schema.org\/BlogPosting\" itemprop=\"blogPost\" ><div class='avia_textblock  '   itemprop=\"text\" ><p style=\"text-align: center;\"><strong><span style=\"font-size: 18pt;\">Mujeres de Ays\u00e9n protagonizan di\u00e1logo participativo para la actualizaci\u00f3n de la estrategia nacional contra la violencia de g\u00e9nero<\/span><\/strong><\/p>\n<div id=\"gtx-trans\" style=\"position: absolute; left: -50px; top: 4.31534px;\">\n<div class=\"gtx-trans-icon\"><\/div>\n<\/div>\n<\/div><\/section><\/div><div class=\"flex_column av_one_full  flex_column_div av-zero-column-padding first  avia-builder-el-4  el_after_av_one_full  el_before_av_hr  column-top-margin\" style='border-radius:0px; '><section class=\"av_textblock_section \"  itemscope=\"itemscope\" itemtype=\"https:\/\/schema.org\/BlogPosting\" itemprop=\"blogPost\" ><div class='avia_textblock  '   itemprop=\"text\" ><p style=\"text-align: justify;\">Las conclusiones de la jornada servir\u00e1n de insumo para el redise\u00f1o del Plan Nacional por el Derecho a Vidas Libres de Violencia de G\u00e9nero 2022 \u2013 2030, una pol\u00edtica de estado que articula acciones conjuntas entre el Estado y la sociedad civil.<\/p>\n<p style=\"text-align: justify;\">En un encuentro que congreg\u00f3 a diversas mujeres de Coyhaique, la sede de la Junta de vecinos y vecinas Gabriela Mistral fue el escenario del di\u00e1logo regional participativo para el redise\u00f1o y actualizaci\u00f3n del Plan Nacional por el Derecho a Vidas Libres de Violencia de G\u00e9nero 2022 \u2013 2030. Congregando a participantes de Juntas de Vecinos y Vecinas, Agrupaciones de Adultas mayores, Mujeres militantes, Agrupaciones Feministas, Participantes de la Mesa Mujer rural, Agrupaciones culturales, Participantes de programas PRODEMU, Mujeres emprendedoras, Mujeres programa Jefas de Hogar.<\/p>\n<p style=\"text-align: justify;\">Encabezado por la seremi de la Mujer y la Equidad de G\u00e9nero de la Regi\u00f3n de Ays\u00e9n, Andrea M\u00e9ndez Valenzuela, un grupo diverso cerca de 40 mujeres, provenientes de diferentes organizaciones, se reunieron para compartir visiones y presentar propuestas, que ser\u00e1n insumos para la redefinici\u00f3n de l\u00edneas prioritarias del Plan Nacional y la actualizaci\u00f3n de metas estatales, la que fue apoyada por profesionales de PRODEMU y SernamEG.<\/p>\n<p style=\"text-align: justify;\">Esta iniciativa, avanza hacia la consolidaci\u00f3n de una pol\u00edtica p\u00fablica nacional que permita abordar todo tipo de expresi\u00f3n de violencia contra las mujeres, ni\u00f1as y disidencias. La estrategia es un instrumento que busca articular la labor conjunta del Estado y la sociedad civil, implementando acciones intersectoriales, interinstitucionales y participativas. La actualizaci\u00f3n del Plan Nacional incorpora la l\u00ednea de acci\u00f3n de promoci\u00f3n del derecho a vidas libres de violencia de g\u00e9nero, apostando a la necesaria transformaci\u00f3n cultural en las relaciones sociales que permita la eliminaci\u00f3n de esta problem\u00e1tica.<\/p>\n<p style=\"text-align: justify;\">La seremi de la Mujer, Andrea M\u00e9ndez Valenzuela M\u00e9ndez, expres\u00f3 su satisfacci\u00f3n con la convocatoria y desarrollo de la instancia: \u201cAgradecemos la participaci\u00f3n de quienes nos acompa\u00f1aron a tan importante encuentro, en particular agradecemos su confianza y honestidad en plantearnos las deficiencias institucionales que han experimentado u observado entorno a situaciones de violencia basada en el g\u00e9nero. Como gobierno es fundamental la evaluaci\u00f3n que realizan las propias mujeres, pues desde all\u00ed podemos focalizar nuestros esfuerzos en mejorar, de manera pertinente, la respuesta institucional regional\u00bb.<\/p>\n<p style=\"text-align: justify;\">Estas jornadas, que se replicar\u00e1n en todas las regiones del pa\u00eds, son fundamentales para asegurar que el plan refleje de manera efectiva las realidades y desaf\u00edos que enfrentan las mujeres en las diferentes regiones de Chile. La actualizaci\u00f3n y redise\u00f1o del Plan Nacional por el Derecho a Vidas Libres de Violencias de G\u00e9nero es una iniciativa descentralizada clave para abordar las necesidades de las mujeres y diversidades de g\u00e9nero en Chile, que considere las transformaciones y desaf\u00edos que hemos experimentado en el pa\u00eds durante los \u00faltimos a\u00f1os.<\/p>\n<p style=\"text-align: justify;\">Enaldi Alvial Vivallo, mujer campesina del sector Lago Castor, de la comuna de Coyhaique, quien particip\u00f3 de esta instancia y celebr\u00f3 la iniciativa: \u201cFue una actividad bastante potente, emocionalmente hablando, el hecho de reunirnos varias mujeres y poder identificar como de una u otra forma hemos sido violentadas y tener la posibilidad de, en esta instancia de ser part\u00edcipe de las nuevas pol\u00edticas que el gobierno quiere implementar para para poder prevenir, reparar y de alguna forma enfrentar este tipo de violencia. Que mejor que nosotras que hemos sido v\u00edctimas del maltrato del mismo sistema, poder dar algunos lineamientos para que esto mejore, la idea ser\u00eda no tener que hacer ni denuncias, ni quedarnos en la prevenci\u00f3n, pero en el caso de que ya haya que interactuar con los servicios, que estos sepan c\u00f3mo actuar o qu\u00e9 es lo que realmente necesitamos y ver de qu\u00e9 forma poder apoyarnos y de una manera m\u00e1s eficiente\u201d.<\/p>\n<p style=\"text-align: justify;\">Las mesas de trabajo se centraron en cinco \u00e1reas de enfoque estrat\u00e9gico para el Plan Nacional: promoci\u00f3n del derecho a vidas libres de violencia de g\u00e9nero, prevenci\u00f3n de la violencia de g\u00e9nero, articulaci\u00f3n de la respuesta en violencia de g\u00e9nero, acceso a la justicia e informaci\u00f3n y conocimiento. Estos di\u00e1logos regionales son un paso crucial en la construcci\u00f3n de un Chile m\u00e1s igualitario y libre de violencias en raz\u00f3n de g\u00e9nero, un proceso que enriquecer\u00e1 la pol\u00edtica de Estado y contribuir\u00e1 a una sociedad m\u00e1s justa.<\/p>\n<\/div><\/section><\/div><div  style='height:50px' class='hr hr-invisible   avia-builder-el-6  el_after_av_one_full  el_before_av_social_share '><span class='hr-inner ' ><span class='hr-inner-style'><\/span><\/span><\/div><\/p>\n<div  class='av-social-sharing-box  avia-builder-el-7  el_after_av_hr  el_before_av_hr  '><div class='av-share-box'><h5 class='av-share-link-description av-no-toc '>Compartir esta noticia<\/h5><ul class='av-share-box-list noLightbox'><li class='av-share-link av-social-link-facebook' ><a target=\"_blank\" aria-label=\"Compartir en Facebook\" href='https:\/\/www.facebook.com\/sharer.php?u=https:\/\/radiorevelacionfm.cl\/?p=36256&#038;t=Mujeres%20de%20Ays%C3%A9n%20protagonizan%20di%C3%A1logo%20participativo%20para%20la%20actualizaci%C3%B3n%20de%20la%20estrategia%20nacional%20contra%20la%20violencia%20de%20g%C3%A9nero' aria-hidden='false' data-av_icon='\ue8f3' data-av_iconfont='entypo-fontello' title='' data-avia-related-tooltip='Compartir en Facebook' rel=\"noopener\"><span class='avia_hidden_link_text'>Compartir en Facebook<\/span><\/a><\/li><li class='av-share-link av-social-link-twitter' ><a target=\"_blank\" aria-label=\"Compartir en Twitter\" href='https:\/\/twitter.com\/share?text=Mujeres%20de%20Ays%C3%A9n%20protagonizan%20di%C3%A1logo%20participativo%20para%20la%20actualizaci%C3%B3n%20de%20la%20estrategia%20nacional%20contra%20la%20violencia%20de%20g%C3%A9nero&#038;url=https:\/\/radiorevelacionfm.cl\/?p=36256' aria-hidden='false' data-av_icon='\ue8f1' data-av_iconfont='entypo-fontello' title='' data-avia-related-tooltip='Compartir en Twitter' rel=\"noopener\"><span class='avia_hidden_link_text'>Compartir en Twitter<\/span><\/a><\/li><li class='av-share-link av-social-link-whatsapp' ><a target=\"_blank\" aria-label=\"Compartir en Whatsapp\" href='https:\/\/api.whatsapp.com\/send?text=https:\/\/radiorevelacionfm.cl\/?p=36256' aria-hidden='false' data-av_icon='\uf232' data-av_iconfont='entypo-fontello' title='' data-avia-related-tooltip='Compartir en Whatsapp' rel=\"noopener\"><span class='avia_hidden_link_text'>Compartir en Whatsapp<\/span><\/a><\/li><li class='av-share-link av-social-link-linkedin' ><a target=\"_blank\" aria-label=\"Compartir en LinkedIn\" href='https:\/\/linkedin.com\/shareArticle?mini=true&#038;title=Mujeres%20de%20Ays%C3%A9n%20protagonizan%20di%C3%A1logo%20participativo%20para%20la%20actualizaci%C3%B3n%20de%20la%20estrategia%20nacional%20contra%20la%20violencia%20de%20g%C3%A9nero&#038;url=https:\/\/radiorevelacionfm.cl\/?p=36256' aria-hidden='false' data-av_icon='\ue8fc' data-av_iconfont='entypo-fontello' title='' data-avia-related-tooltip='Compartir en LinkedIn' rel=\"noopener\"><span class='avia_hidden_link_text'>Compartir en LinkedIn<\/span><\/a><\/li><li class='av-share-link av-social-link-mail' ><a  aria-label=\"Compartir por correo\" href='mailto:?subject=Mujeres%20de%20Ays%C3%A9n%20protagonizan%20di%C3%A1logo%20participativo%20para%20la%20actualizaci%C3%B3n%20de%20la%20estrategia%20nacional%20contra%20la%20violencia%20de%20g%C3%A9nero&#038;body=https:\/\/radiorevelacionfm.cl\/?p=36256' aria-hidden='false' data-av_icon='\ue805' data-av_iconfont='entypo-fontello' title='' data-avia-related-tooltip='Compartir por correo'><span class='avia_hidden_link_text'>Compartir por correo<\/span><\/a><\/li><\/ul><\/div><\/div>\n<div  style='height:50px' class='hr hr-invisible   avia-builder-el-8  el_after_av_social_share  el_before_av_comments_list '><span class='hr-inner ' ><span class='hr-inner-style'><\/span><\/span><\/div>\n<div  class='av-buildercomment  av-blog-meta-html-info-disabled av-blog-meta-tag-disabled  '><\/div>\n","protected":false},"excerpt":{"rendered":"","protected":false},"author":1,"featured_media":36257,"comment_status":"open","ping_status":"open","sticky":false,"template":"","format":"standard","meta":{"footnotes":""},"categories":[38],"tags":[],"class_list":["post-36256","post","type-post","status-publish","format-standard","has-post-thumbnail","hentry","category-regional"],"jetpack_featured_media_url":"https:\/\/radiorevelacionfm.cl\/wp-content\/uploads\/2023\/10\/pro-l14GAHO7-1-1.jpeg","_links":{"self":[{"href":"https:\/\/radiorevelacionfm.cl\/index.php?rest_route=\/wp\/v2\/posts\/36256","targetHints":{"allow":["GET"]}}],"collection":[{"href":"https:\/\/radiorevelacionfm.cl\/index.php?rest_route=\/wp\/v2\/posts"}],"about":[{"href":"https:\/\/radiorevelacionfm.cl\/index.php?rest_route=\/wp\/v2\/types\/post"}],"author":[{"embeddable":true,"href":"https:\/\/radiorevelacionfm.cl\/index.php?rest_route=\/wp\/v2\/users\/1"}],"replies":[{"embeddable":true,"href":"https:\/\/radiorevelacionfm.cl\/index.php?rest_route=%2Fwp%2Fv2%2Fcomments&post=36256"}],"version-history":[{"count":1,"href":"https:\/\/radiorevelacionfm.cl\/index.php?rest_route=\/wp\/v2\/posts\/36256\/revisions"}],"predecessor-version":[{"id":36258,"href":"https:\/\/radiorevelacionfm.cl\/index.php?rest_route=\/wp\/v2\/posts\/36256\/revisions\/36258"}],"wp:featuredmedia":[{"embeddable":true,"href":"https:\/\/radiorevelacionfm.cl\/index.php?rest_route=\/wp\/v2\/media\/36257"}],"wp:attachment":[{"href":"https:\/\/radiorevelacionfm.cl\/index.php?rest_route=%2Fwp%2Fv2%2Fmedia&parent=36256"}],"wp:term":[{"taxonomy":"category","embeddable":true,"href":"https:\/\/radiorevelacionfm.cl\/index.php?rest_route=%2Fwp%2Fv2%2Fcategories&post=36256"},{"taxonomy":"post_tag","embeddable":true,"href":"https:\/\/radiorevelacionfm.cl\/index.php?rest_route=%2Fwp%2Fv2%2Ftags&post=36256"}],"curies":[{"name":"wp","href":"https:\/\/api.w.org\/{rel}","templated":true}]}}