{"id":36252,"date":"2023-10-25T10:15:46","date_gmt":"2023-10-25T13:15:46","guid":{"rendered":"https:\/\/radiorevelacionfm.cl\/?p=36252"},"modified":"2023-10-25T10:15:46","modified_gmt":"2023-10-25T13:15:46","slug":"villa-manihuales-invita-a-tres-dias-de-actividades-por-lanzamiento-de-temporada-de-turismo-2023-2024","status":"publish","type":"post","link":"https:\/\/radiorevelacionfm.cl\/?p=36252","title":{"rendered":"Villa Ma\u00f1ihuales invita a tres d\u00edas de actividades por lanzamiento de temporada de turismo 2023-2024"},"content":{"rendered":"<div class=\"flex_column av_one_full  flex_column_div av-zero-column-padding first  avia-builder-el-0  el_before_av_one_full  avia-builder-el-first  \" style='border-radius:0px; '><div  class='avia-image-container  av-styling-    avia-builder-el-1  avia-builder-el-no-sibling  avia-align-center '  itemprop=\"image\" itemscope=\"itemscope\" itemtype=\"https:\/\/schema.org\/ImageObject\"  ><div class='avia-image-container-inner'><div class='avia-image-overlay-wrap'><img decoding=\"async\" class='wp-image-36253 avia-img-lazy-loading-not-36253 avia_image' src=\"https:\/\/radiorevelacionfm.cl\/wp-content\/uploads\/2023\/10\/LANZAMIENTO-TEMPORADA-2023-2024-1-1.jpg\" alt='' title='LANZAMIENTO TEMPORADA 2023 - 2024 (1) (1)' height=\"600\" width=\"556\"  itemprop=\"thumbnailUrl\" srcset=\"https:\/\/radiorevelacionfm.cl\/wp-content\/uploads\/2023\/10\/LANZAMIENTO-TEMPORADA-2023-2024-1-1.jpg 556w, https:\/\/radiorevelacionfm.cl\/wp-content\/uploads\/2023\/10\/LANZAMIENTO-TEMPORADA-2023-2024-1-1-278x300.jpg 278w, https:\/\/radiorevelacionfm.cl\/wp-content\/uploads\/2023\/10\/LANZAMIENTO-TEMPORADA-2023-2024-1-1-450x486.jpg 450w\" sizes=\"(max-width: 556px) 100vw, 556px\" \/><\/div><\/div><\/div><\/div><div class=\"flex_column av_one_full  flex_column_div av-zero-column-padding first  avia-builder-el-2  el_after_av_one_full  el_before_av_one_full  column-top-margin\" style='border-radius:0px; '><section class=\"av_textblock_section \"  itemscope=\"itemscope\" itemtype=\"https:\/\/schema.org\/BlogPosting\" itemprop=\"blogPost\" ><div class='avia_textblock  '   itemprop=\"text\" ><p style=\"text-align: center;\"><strong><span style=\"font-size: 18pt;\">Villa Ma\u00f1ihuales invita a tres d\u00edas de actividades por lanzamiento de temporada de turismo 2023-2024<\/span><\/strong><\/p>\n<div id=\"gtx-trans\" style=\"position: absolute; left: -50px; top: 4.31534px;\">\n<div class=\"gtx-trans-icon\"><\/div>\n<\/div>\n<\/div><\/section><\/div><div class=\"flex_column av_one_full  flex_column_div av-zero-column-padding first  avia-builder-el-4  el_after_av_one_full  el_before_av_hr  column-top-margin\" style='border-radius:0px; '><section class=\"av_textblock_section \"  itemscope=\"itemscope\" itemtype=\"https:\/\/schema.org\/BlogPosting\" itemprop=\"blogPost\" ><div class='avia_textblock  '   itemprop=\"text\" ><p style=\"text-align: justify;\">\u201cEste 27,28 y 29 de octubre, El Barrio Comercial Ma\u00f1ihuales Ruta 7 Tours y A.G Turismo y Comercio Villa Ma\u00f1ihuales, celebrar\u00e1n el lanzamiento de la temporada de turismo a\u00f1os 2023-2024 y el comienzo de la celebraci\u00f3n de aniversario de Villa Ma\u00f1ihuales.<\/p>\n<p style=\"text-align: justify;\">El \u201clanzamiento de temporada\u201d, cuenta con el apoyo del Programa Desarrollo Econ\u00f3mico Local, de la Municipalidad de Ays\u00e9n y es una suma de actividades representativas que resaltan con la participaci\u00f3n de agrupaciones locales,\u00a0 el valor tur\u00edstico, cultural y de identidad local, con un despliegue de t\u00e9cnica y fantas\u00eda; se caracterizara por\u00a0 presentar un Acto de bienvenida, un festival gastron\u00f3mico, una pe\u00f1a cultural, actividades guiadas deportivas y recreativas en el agua, adem\u00e1s, una cicletada, una corrida familiar y un trekking al cerro Colmillo, durante tres d\u00edas de actividades programadas entre el 27, 28 y 29 de octubre en distintos lugares de Villa Ma\u00f1ihuales que se dar\u00e1n a conocer en un programa elaborado en colaboraci\u00f3n con la I. Municipalidad de Aysen, club de ciclistas de Puerto Aysen, club atl\u00e9tico de Puerto Aysen, empresas privadas como acciones particulares para hacer de este lanzamiento de temporada, un evento colaborativo que ponga en valor la construcci\u00f3n del destino tur\u00edstico \u201cVilla Ma\u00f1ihuales\u201d, un lugar de encanto en plena carrera austral.<\/p>\n<p style=\"text-align: justify;\">Este viernes 27 de octubre, habr\u00e1 una ceremonia de bienvenida que dar\u00e1 inicio formal a la temporada de turismo 2023-2024 y a la vez ser\u00e1 el hito inaugural del aniversario N\u00b0 61 de Villa ma\u00f1ihuales, fundada un 4 de noviembre de 1962. Esta ceremonia tendr\u00e1 reconocimientos a empresarios locales por su trayectoria y a otros emprendimientos j\u00f3venes, adem\u00e1s de la presentaci\u00f3n de alianzas y candidatas a reinas. Luego en el festival gastron\u00f3mico \u201cSabores y Saberes de ma\u00f1ihuales\u201d, se dispondr\u00e1n de una degustaci\u00f3n inicial y stand de venta de productos gastron\u00f3micos locales, reposter\u00eda, chocolater\u00eda, cerveza artesanal, asados de cordero, ceviche, jugos naturales y m\u00e1s. Luego, en el festival se presentar\u00e1 tambien la oferta tur\u00edstica local con stand de oferta de Actividades tur\u00edsticas y Alojamientos. \u00a0Adicionalmente se dispondr\u00e1 de carpa exterior con exposici\u00f3n y venta de artesan\u00eda local, hortalizas, mermeladas, conservas y productos de cosm\u00e9tica natural, con representantes de la oficina del campesino de la Municipalidad de Ays\u00e9n. En paralelo a esta actividad, se llevar\u00e1 a cabo el Tour Guiado a Puente Piedra, por sendero tur\u00edstico de Forestal Mininco administrado por la AG. Turismo Ma\u00f1ihuales.<\/p>\n<p style=\"text-align: justify;\">Siguiendo el viernes 27, desde las 20.00 hrs se contin\u00faa con una pe\u00f1a folklorica cultural que contar\u00e1 con una bater\u00eda de m\u00fasicos locales acordeonistas y guitarristas, acompa\u00f1ados con presentaciones folcl\u00f3ricas de grupos regionales, con el \u00e1nimo de poner en valor y rescatar las ra\u00edces de la localidad y fomentar el turismo cultural. Este tipo de espacios invita a compartir de gratos momentos en familia, amigos y vecinos, al alero de buena musica y el disfrute de ricas empanadas y productos gastron\u00f3micos locales.<\/p>\n<p style=\"text-align: justify;\">El d\u00eda s\u00e1bado 28 de octubre, se realizar\u00e1 la actividad denominada \u201cdesaf\u00edo 60k\u201d Cicletada recreativa que realza la belleza esc\u00e9nica de la Ruta 7 y Ruta X50 Y parte de la ruta 240, actividad que partir\u00e1 desde el polideportivo en Puerto Ays\u00e9n, estar\u00e1 a cargo del Club de Ciclistas de Puerto Ays\u00e9n, la meta ser\u00e1 la Plaza de Villa Ma\u00f1ihuales en torno a las 14.00 hrs. La actividad contara con seguridad vial y acompa\u00f1amiento a los participantes. Este d\u00eda tambi\u00e9n se realizar\u00e1n actividades familiares de kayak y botes en laguna \u201cla esponja\u201d y la primera versi\u00f3n del \u201cMa\u00f1ihuales Rio Aventura\u201d bajada en balsa del Rio Ma\u00f1ihuales por un grupo de Gu\u00edas Locales con profesionales del rafting a nivel regional.<\/p>\n<p style=\"text-align: justify;\">El d\u00eda domingo 28, se partir\u00e1 con el ascenso colectivo al cerro Colmillo, cerro ic\u00f3nico local, guiado por profesionales de monta\u00f1a y de rescate, actividad de alta complejidad orientado a Gu\u00edas Locales y aficionados con experiencia. Y es as\u00ed que, la Villa tendr\u00e1 varias actividades deportivas como la corrida familiar \u201cNaturaleza en marcha\u201d, entre la pasarela El Pionero y cruce Puente Piedra como meta, carrera de 14K, tramo que pone en valor, las rutas vecinales aleda\u00f1as a la carretera austral; todo esto motivado con animaci\u00f3n local, premios y m\u00fasica, para dar vida y fomentar la actividad f\u00edsica familiar. Se contar\u00e1 con la participaci\u00f3n y apoyo log\u00edstico del Club Atl\u00e9tico Deportivo de Puerto Ays\u00e9n.<\/p>\n<\/div><\/section><\/div><div  style='height:50px' class='hr hr-invisible   avia-builder-el-6  el_after_av_one_full  el_before_av_social_share '><span class='hr-inner ' ><span class='hr-inner-style'><\/span><\/span><\/div><\/p>\n<div  class='av-social-sharing-box  avia-builder-el-7  el_after_av_hr  el_before_av_hr  '><div class='av-share-box'><h5 class='av-share-link-description av-no-toc '>Compartir esta noticia<\/h5><ul class='av-share-box-list noLightbox'><li class='av-share-link av-social-link-facebook' ><a target=\"_blank\" aria-label=\"Compartir en Facebook\" href='https:\/\/www.facebook.com\/sharer.php?u=https:\/\/radiorevelacionfm.cl\/?p=36252&#038;t=Villa%20Ma%C3%B1ihuales%20invita%20a%20tres%20d%C3%ADas%20de%20actividades%20por%20lanzamiento%20de%20temporada%20de%20turismo%202023-2024' aria-hidden='false' data-av_icon='\ue8f3' data-av_iconfont='entypo-fontello' title='' data-avia-related-tooltip='Compartir en Facebook' rel=\"noopener\"><span class='avia_hidden_link_text'>Compartir en Facebook<\/span><\/a><\/li><li class='av-share-link av-social-link-twitter' ><a target=\"_blank\" aria-label=\"Compartir en Twitter\" href='https:\/\/twitter.com\/share?text=Villa%20Ma%C3%B1ihuales%20invita%20a%20tres%20d%C3%ADas%20de%20actividades%20por%20lanzamiento%20de%20temporada%20de%20turismo%202023-2024&#038;url=https:\/\/radiorevelacionfm.cl\/?p=36252' aria-hidden='false' data-av_icon='\ue8f1' data-av_iconfont='entypo-fontello' title='' data-avia-related-tooltip='Compartir en Twitter' rel=\"noopener\"><span class='avia_hidden_link_text'>Compartir en Twitter<\/span><\/a><\/li><li class='av-share-link av-social-link-whatsapp' ><a target=\"_blank\" aria-label=\"Compartir en Whatsapp\" href='https:\/\/api.whatsapp.com\/send?text=https:\/\/radiorevelacionfm.cl\/?p=36252' aria-hidden='false' data-av_icon='\uf232' data-av_iconfont='entypo-fontello' title='' data-avia-related-tooltip='Compartir en Whatsapp' rel=\"noopener\"><span class='avia_hidden_link_text'>Compartir en Whatsapp<\/span><\/a><\/li><li class='av-share-link av-social-link-linkedin' ><a target=\"_blank\" aria-label=\"Compartir en LinkedIn\" href='https:\/\/linkedin.com\/shareArticle?mini=true&#038;title=Villa%20Ma%C3%B1ihuales%20invita%20a%20tres%20d%C3%ADas%20de%20actividades%20por%20lanzamiento%20de%20temporada%20de%20turismo%202023-2024&#038;url=https:\/\/radiorevelacionfm.cl\/?p=36252' aria-hidden='false' data-av_icon='\ue8fc' data-av_iconfont='entypo-fontello' title='' data-avia-related-tooltip='Compartir en LinkedIn' rel=\"noopener\"><span class='avia_hidden_link_text'>Compartir en LinkedIn<\/span><\/a><\/li><li class='av-share-link av-social-link-mail' ><a  aria-label=\"Compartir por correo\" href='mailto:?subject=Villa%20Ma%C3%B1ihuales%20invita%20a%20tres%20d%C3%ADas%20de%20actividades%20por%20lanzamiento%20de%20temporada%20de%20turismo%202023-2024&#038;body=https:\/\/radiorevelacionfm.cl\/?p=36252' aria-hidden='false' data-av_icon='\ue805' data-av_iconfont='entypo-fontello' title='' data-avia-related-tooltip='Compartir por correo'><span class='avia_hidden_link_text'>Compartir por correo<\/span><\/a><\/li><\/ul><\/div><\/div>\n<div  style='height:50px' class='hr hr-invisible   avia-builder-el-8  el_after_av_social_share  el_before_av_comments_list '><span class='hr-inner ' ><span class='hr-inner-style'><\/span><\/span><\/div>\n<div  class='av-buildercomment  av-blog-meta-html-info-disabled av-blog-meta-tag-disabled  '><\/div>\n","protected":false},"excerpt":{"rendered":"","protected":false},"author":1,"featured_media":36253,"comment_status":"open","ping_status":"open","sticky":false,"template":"","format":"standard","meta":{"footnotes":""},"categories":[38],"tags":[],"class_list":["post-36252","post","type-post","status-publish","format-standard","has-post-thumbnail","hentry","category-regional"],"jetpack_featured_media_url":"https:\/\/radiorevelacionfm.cl\/wp-content\/uploads\/2023\/10\/LANZAMIENTO-TEMPORADA-2023-2024-1-1.jpg","_links":{"self":[{"href":"https:\/\/radiorevelacionfm.cl\/index.php?rest_route=\/wp\/v2\/posts\/36252","targetHints":{"allow":["GET"]}}],"collection":[{"href":"https:\/\/radiorevelacionfm.cl\/index.php?rest_route=\/wp\/v2\/posts"}],"about":[{"href":"https:\/\/radiorevelacionfm.cl\/index.php?rest_route=\/wp\/v2\/types\/post"}],"author":[{"embeddable":true,"href":"https:\/\/radiorevelacionfm.cl\/index.php?rest_route=\/wp\/v2\/users\/1"}],"replies":[{"embeddable":true,"href":"https:\/\/radiorevelacionfm.cl\/index.php?rest_route=%2Fwp%2Fv2%2Fcomments&post=36252"}],"version-history":[{"count":1,"href":"https:\/\/radiorevelacionfm.cl\/index.php?rest_route=\/wp\/v2\/posts\/36252\/revisions"}],"predecessor-version":[{"id":36254,"href":"https:\/\/radiorevelacionfm.cl\/index.php?rest_route=\/wp\/v2\/posts\/36252\/revisions\/36254"}],"wp:featuredmedia":[{"embeddable":true,"href":"https:\/\/radiorevelacionfm.cl\/index.php?rest_route=\/wp\/v2\/media\/36253"}],"wp:attachment":[{"href":"https:\/\/radiorevelacionfm.cl\/index.php?rest_route=%2Fwp%2Fv2%2Fmedia&parent=36252"}],"wp:term":[{"taxonomy":"category","embeddable":true,"href":"https:\/\/radiorevelacionfm.cl\/index.php?rest_route=%2Fwp%2Fv2%2Fcategories&post=36252"},{"taxonomy":"post_tag","embeddable":true,"href":"https:\/\/radiorevelacionfm.cl\/index.php?rest_route=%2Fwp%2Fv2%2Ftags&post=36252"}],"curies":[{"name":"wp","href":"https:\/\/api.w.org\/{rel}","templated":true}]}}