{"id":36242,"date":"2023-10-25T21:04:15","date_gmt":"2023-10-26T00:04:15","guid":{"rendered":"https:\/\/radiorevelacionfm.cl\/?p=36242"},"modified":"2023-10-25T21:04:15","modified_gmt":"2023-10-26T00:04:15","slug":"unidad-de-victimas-de-la-fiscalia-regional-de-aysen-ha-coordinado-mas-de-737-entrevistas-investigativas-videograbadas","status":"publish","type":"post","link":"https:\/\/radiorevelacionfm.cl\/?p=36242","title":{"rendered":"Unidad de V\u00edctimas de la Fiscal\u00eda Regional de Ays\u00e9n ha coordinado m\u00e1s de 737 entrevistas investigativas videograbadas"},"content":{"rendered":"<div class=\"flex_column av_one_full  flex_column_div av-zero-column-padding first  avia-builder-el-0  el_before_av_one_full  avia-builder-el-first  \" style='border-radius:0px; '><div  class='avia-image-container  av-styling-    avia-builder-el-1  avia-builder-el-no-sibling  avia-align-center '  itemprop=\"image\" itemscope=\"itemscope\" itemtype=\"https:\/\/schema.org\/ImageObject\"  ><div class='avia-image-container-inner'><div class='avia-image-overlay-wrap'><img decoding=\"async\" class='wp-image-36243 avia-img-lazy-loading-not-36243 avia_image' src=\"https:\/\/radiorevelacionfm.cl\/wp-content\/uploads\/2023\/10\/2_Entrevista-copia-1-1.jpg\" alt='' title='2_Entrevista - copia (1) (1)' height=\"600\" width=\"900\"  itemprop=\"thumbnailUrl\" srcset=\"https:\/\/radiorevelacionfm.cl\/wp-content\/uploads\/2023\/10\/2_Entrevista-copia-1-1.jpg 900w, https:\/\/radiorevelacionfm.cl\/wp-content\/uploads\/2023\/10\/2_Entrevista-copia-1-1-300x200.jpg 300w, https:\/\/radiorevelacionfm.cl\/wp-content\/uploads\/2023\/10\/2_Entrevista-copia-1-1-768x512.jpg 768w, https:\/\/radiorevelacionfm.cl\/wp-content\/uploads\/2023\/10\/2_Entrevista-copia-1-1-705x470.jpg 705w, https:\/\/radiorevelacionfm.cl\/wp-content\/uploads\/2023\/10\/2_Entrevista-copia-1-1-450x300.jpg 450w, https:\/\/radiorevelacionfm.cl\/wp-content\/uploads\/2023\/10\/2_Entrevista-copia-1-1-600x400.jpg 600w\" sizes=\"(max-width: 900px) 100vw, 900px\" \/><\/div><\/div><\/div><\/div><div class=\"flex_column av_one_full  flex_column_div av-zero-column-padding first  avia-builder-el-2  el_after_av_one_full  el_before_av_one_full  column-top-margin\" style='border-radius:0px; '><section class=\"av_textblock_section \"  itemscope=\"itemscope\" itemtype=\"https:\/\/schema.org\/BlogPosting\" itemprop=\"blogPost\" ><div class='avia_textblock  '   itemprop=\"text\" ><p style=\"text-align: center;\"><span style=\"font-size: 18pt;\"><b>Unidad de V\u00edctimas de la Fiscal\u00eda Regional de Ays\u00e9n ha coordinado m\u00e1s de 737 entrevistas investigativas videograbadas<\/b><\/span><\/p>\n<div id=\"gtx-trans\" style=\"position: absolute; left: -50px; top: 4.31534px;\">\n<div class=\"gtx-trans-icon\"><\/div>\n<\/div>\n<\/div><\/section><\/div><div class=\"flex_column av_one_full  flex_column_div av-zero-column-padding first  avia-builder-el-4  el_after_av_one_full  el_before_av_hr  column-top-margin\" style='border-radius:0px; '><section class=\"av_textblock_section \"  itemscope=\"itemscope\" itemtype=\"https:\/\/schema.org\/BlogPosting\" itemprop=\"blogPost\" ><div class='avia_textblock  '   itemprop=\"text\" ><p style=\"font-weight: 400; text-align: justify;\"><em>Hoy la regi\u00f3n cuenta con 17 entrevistadores en total, 7 de la Fiscal\u00eda, 5 de Carabineros, 4 de la Polic\u00eda de Investigaciones y una del Centro de Atenci\u00f3n a V\u00edctimas del Ministerio del Interior y Seguridad P\u00fablica.<\/em><\/p>\n<p style=\"font-weight: 400; text-align: justify;\">La Unidad de Atenci\u00f3n a V\u00edctimas y Testigos de la Fiscal\u00eda Regional de Ays\u00e9n, URAVIT, ha coordinado m\u00e1s de 737 entrevistas videograbadas de la ley 21.057, desde su puesta en marcha en octubre del a\u00f1o 2019 en la Regi\u00f3n de Ays\u00e9n, seg\u00fan explic\u00f3 Olivia Tapia, jefa de esta Unidad del Ministerio P\u00fablico.<\/p>\n<p style=\"font-weight: 400; text-align: justify;\">La URAVIT tiene un rol articulador con los entrevistadores de la propia Fiscal\u00eda, Carabineros y la Polic\u00eda de Investigaciones, adem\u00e1s de evaluar las condiciones previas de ni\u00f1os, ni\u00f1as y adolescentes para esta diligencia efectuada en el marco de una investigaci\u00f3n penal, a\u00f1adi\u00f3 Olivia Tapia.<\/p>\n<p style=\"font-weight: 400; text-align: justify;\">Aproximadamente, el 33% de las entrevistas han sido realizadas por entrevistadores externos (provenientes de Carabineros y Polic\u00eda de Investigaciones) y el 67%, por entrevistadores de la Fiscal\u00eda.<\/p>\n<p style=\"font-weight: 400; text-align: justify;\">Hoy la regi\u00f3n cuenta con 17 entrevistadores en total, 7 de la Fiscal\u00eda, 5 de Carabineros, 4 de la Polic\u00eda de Investigaciones y una del Centro de Atenci\u00f3n a V\u00edctimas del Ministerio del Interior y Seguridad P\u00fablica.\u00a0Adem\u00e1s, existen 5 salas especiales del Ministerio P\u00fablico para la toma de declaraci\u00f3n, a\u00f1adi\u00f3 Olivia Tapia.<\/p>\n<p style=\"font-weight: 400; text-align: justify;\">PROCEDIMIENTO<\/p>\n<p style=\"font-weight: 400; text-align: justify;\">Las Entrevistas Investigativas Videograbadas o EIVG, se efect\u00faan al interior de salas especiales que est\u00e1n acondicionadas para permitir el desarrollo y observaci\u00f3n de las entrevistas. Estas cuentan con equipos de audio y de video que permiten la grabaci\u00f3n y respaldo de los testimonios, sin interferir en el desarrollo de la diligencia.<\/p>\n<p style=\"font-weight: 400; text-align: justify;\">Con esta nueva ley, vigente ya en todo el pa\u00eds luego de un proceso gradual de implementaci\u00f3n, se reemplazan las numerosas tomas de declaraciones a ni\u00f1os, ni\u00f1as y adolescentes, en determinados delitos, por una declaraci\u00f3n grabada en video, de forma totalmente privada. Esta gesti\u00f3n es efectuada por entrevistadores id\u00f3neos de ambas polic\u00edas o la Fiscal\u00eda, los cuales deben tener la respectiva capacitaci\u00f3n y acreditaci\u00f3n.<\/p>\n<p style=\"font-weight: 400; text-align: justify;\">La entrevista investigativa videograbada, pretende obtener informaci\u00f3n de calidad de parte de ni\u00f1os, ni\u00f1as y adolescentes que han sido v\u00edctimas de un delito. Adem\u00e1s, la ley 21.057 busca prevenir la victimizaci\u00f3n secundaria de ni\u00f1os, ni\u00f1as y adolescentes que hayan sido v\u00edctimas de delitos sexuales y otros delitos graves.<\/p>\n<p style=\"font-weight: 400; text-align: justify;\">Esta ley se aplica principalmente en caso de delitos sexuales, secuestro agravado o secuestro prolongado, sustracci\u00f3n de menores, pornograf\u00eda infantil, homicidio, parricidio, femicidio, castraci\u00f3n, lesiones grav\u00edsimas, tr\u00e1fico de migrantes, tr\u00e1fico de personas para ejercer la prostituci\u00f3n, explotaci\u00f3n sexual infantil, robo con violencia, robo con homicidio, robo con violaci\u00f3n y violaci\u00f3n con homicidio.<\/p>\n<p style=\"font-weight: 400; text-align: justify;\">TRABAJO EN AYS\u00c9N<\/p>\n<p style=\"font-weight: 400; text-align: justify;\">En el mes de agosto de este a\u00f1o, se efectu\u00f3 el Primer Encuentro de Entrevistadores Interinstitucionales de Ays\u00e9n, en el auditorio de la Fiscal\u00eda Regional en Coyhaique. La instancia, organizada por la Unidad de Atenci\u00f3n a V\u00edctimas y Testigos de la Fiscal\u00eda, busc\u00f3 generar un primer acercamiento entre la Comunidad de Entrevistadores, en el marco de la ley 21.057.<\/p>\n<p style=\"font-weight: 400; text-align: justify;\">Asimismo, la Fiscal\u00eda Regional de Ays\u00e9n colabora con la Fundaci\u00f3n Amparo y Justicia en el desarrollo de capacitaciones a establecimientos educacionales, sobre c\u00f3mo actuar ante casos de agresi\u00f3n sexual, cuyo objetivo es fortalecer la respuesta de parte de los docentes y no docentes de escuelas, colegios y liceos ante el conocimiento de casos de agresi\u00f3n sexual sufridos por ni\u00f1os, ni\u00f1as y adolescentes.<\/p>\n<p style=\"font-weight: 400; text-align: justify;\">Todas las acciones anteriormente expuestas, se efect\u00faan para buscar el mayor bienestar posible de la infancia en la Regi\u00f3n de Ays\u00e9n y todo el pa\u00eds.<\/p>\n<\/div><\/section><\/div><div  style='height:50px' class='hr hr-invisible   avia-builder-el-6  el_after_av_one_full  el_before_av_social_share '><span class='hr-inner ' ><span class='hr-inner-style'><\/span><\/span><\/div><\/p>\n<div  class='av-social-sharing-box  avia-builder-el-7  el_after_av_hr  el_before_av_hr  '><div class='av-share-box'><h5 class='av-share-link-description av-no-toc '>Compartir esta noticia<\/h5><ul class='av-share-box-list noLightbox'><li class='av-share-link av-social-link-facebook' ><a target=\"_blank\" aria-label=\"Compartir en Facebook\" href='https:\/\/www.facebook.com\/sharer.php?u=https:\/\/radiorevelacionfm.cl\/?p=36242&#038;t=Unidad%20de%20V%C3%ADctimas%20de%20la%20Fiscal%C3%ADa%20Regional%20de%20Ays%C3%A9n%20ha%20coordinado%20m%C3%A1s%20de%20737%20entrevistas%20investigativas%20videograbadas' aria-hidden='false' data-av_icon='\ue8f3' data-av_iconfont='entypo-fontello' title='' data-avia-related-tooltip='Compartir en Facebook' rel=\"noopener\"><span class='avia_hidden_link_text'>Compartir en Facebook<\/span><\/a><\/li><li class='av-share-link av-social-link-twitter' ><a target=\"_blank\" aria-label=\"Compartir en Twitter\" href='https:\/\/twitter.com\/share?text=Unidad%20de%20V%C3%ADctimas%20de%20la%20Fiscal%C3%ADa%20Regional%20de%20Ays%C3%A9n%20ha%20coordinado%20m%C3%A1s%20de%20737%20entrevistas%20investigativas%20videograbadas&#038;url=https:\/\/radiorevelacionfm.cl\/?p=36242' aria-hidden='false' data-av_icon='\ue8f1' data-av_iconfont='entypo-fontello' title='' data-avia-related-tooltip='Compartir en Twitter' rel=\"noopener\"><span class='avia_hidden_link_text'>Compartir en Twitter<\/span><\/a><\/li><li class='av-share-link av-social-link-whatsapp' ><a target=\"_blank\" aria-label=\"Compartir en Whatsapp\" href='https:\/\/api.whatsapp.com\/send?text=https:\/\/radiorevelacionfm.cl\/?p=36242' aria-hidden='false' data-av_icon='\uf232' data-av_iconfont='entypo-fontello' title='' data-avia-related-tooltip='Compartir en Whatsapp' rel=\"noopener\"><span class='avia_hidden_link_text'>Compartir en Whatsapp<\/span><\/a><\/li><li class='av-share-link av-social-link-linkedin' ><a target=\"_blank\" aria-label=\"Compartir en LinkedIn\" href='https:\/\/linkedin.com\/shareArticle?mini=true&#038;title=Unidad%20de%20V%C3%ADctimas%20de%20la%20Fiscal%C3%ADa%20Regional%20de%20Ays%C3%A9n%20ha%20coordinado%20m%C3%A1s%20de%20737%20entrevistas%20investigativas%20videograbadas&#038;url=https:\/\/radiorevelacionfm.cl\/?p=36242' aria-hidden='false' data-av_icon='\ue8fc' data-av_iconfont='entypo-fontello' title='' data-avia-related-tooltip='Compartir en LinkedIn' rel=\"noopener\"><span class='avia_hidden_link_text'>Compartir en LinkedIn<\/span><\/a><\/li><li class='av-share-link av-social-link-mail' ><a  aria-label=\"Compartir por correo\" href='mailto:?subject=Unidad%20de%20V%C3%ADctimas%20de%20la%20Fiscal%C3%ADa%20Regional%20de%20Ays%C3%A9n%20ha%20coordinado%20m%C3%A1s%20de%20737%20entrevistas%20investigativas%20videograbadas&#038;body=https:\/\/radiorevelacionfm.cl\/?p=36242' aria-hidden='false' data-av_icon='\ue805' data-av_iconfont='entypo-fontello' title='' data-avia-related-tooltip='Compartir por correo'><span class='avia_hidden_link_text'>Compartir por correo<\/span><\/a><\/li><\/ul><\/div><\/div>\n<div  style='height:50px' class='hr hr-invisible   avia-builder-el-8  el_after_av_social_share  el_before_av_comments_list '><span class='hr-inner ' ><span class='hr-inner-style'><\/span><\/span><\/div>\n<div  class='av-buildercomment  av-blog-meta-html-info-disabled av-blog-meta-tag-disabled  '><\/div>\n","protected":false},"excerpt":{"rendered":"","protected":false},"author":1,"featured_media":36243,"comment_status":"open","ping_status":"open","sticky":false,"template":"","format":"standard","meta":{"footnotes":""},"categories":[55],"tags":[],"class_list":["post-36242","post","type-post","status-publish","format-standard","has-post-thumbnail","hentry","category-justicia"],"jetpack_featured_media_url":"https:\/\/radiorevelacionfm.cl\/wp-content\/uploads\/2023\/10\/2_Entrevista-copia-1-1.jpg","_links":{"self":[{"href":"https:\/\/radiorevelacionfm.cl\/index.php?rest_route=\/wp\/v2\/posts\/36242","targetHints":{"allow":["GET"]}}],"collection":[{"href":"https:\/\/radiorevelacionfm.cl\/index.php?rest_route=\/wp\/v2\/posts"}],"about":[{"href":"https:\/\/radiorevelacionfm.cl\/index.php?rest_route=\/wp\/v2\/types\/post"}],"author":[{"embeddable":true,"href":"https:\/\/radiorevelacionfm.cl\/index.php?rest_route=\/wp\/v2\/users\/1"}],"replies":[{"embeddable":true,"href":"https:\/\/radiorevelacionfm.cl\/index.php?rest_route=%2Fwp%2Fv2%2Fcomments&post=36242"}],"version-history":[{"count":1,"href":"https:\/\/radiorevelacionfm.cl\/index.php?rest_route=\/wp\/v2\/posts\/36242\/revisions"}],"predecessor-version":[{"id":36244,"href":"https:\/\/radiorevelacionfm.cl\/index.php?rest_route=\/wp\/v2\/posts\/36242\/revisions\/36244"}],"wp:featuredmedia":[{"embeddable":true,"href":"https:\/\/radiorevelacionfm.cl\/index.php?rest_route=\/wp\/v2\/media\/36243"}],"wp:attachment":[{"href":"https:\/\/radiorevelacionfm.cl\/index.php?rest_route=%2Fwp%2Fv2%2Fmedia&parent=36242"}],"wp:term":[{"taxonomy":"category","embeddable":true,"href":"https:\/\/radiorevelacionfm.cl\/index.php?rest_route=%2Fwp%2Fv2%2Fcategories&post=36242"},{"taxonomy":"post_tag","embeddable":true,"href":"https:\/\/radiorevelacionfm.cl\/index.php?rest_route=%2Fwp%2Fv2%2Ftags&post=36242"}],"curies":[{"name":"wp","href":"https:\/\/api.w.org\/{rel}","templated":true}]}}