{"id":36239,"date":"2023-10-25T13:25:15","date_gmt":"2023-10-25T16:25:15","guid":{"rendered":"https:\/\/radiorevelacionfm.cl\/?p=36239"},"modified":"2023-10-25T13:25:15","modified_gmt":"2023-10-25T16:25:15","slug":"autoridades-constatan-en-terreno-avances-del-curso-de-capacitacion-que-realizan-usuarios-al-interior-del-penal-de-coyhaique","status":"publish","type":"post","link":"https:\/\/radiorevelacionfm.cl\/?p=36239","title":{"rendered":"Autoridades constatan en terreno avances del curso de capacitaci\u00f3n que realizan usuarios al interior del Penal de Coyhaique"},"content":{"rendered":"<div class=\"flex_column av_one_full  flex_column_div av-zero-column-padding first  avia-builder-el-0  el_before_av_one_full  avia-builder-el-first  \" style='border-radius:0px; '><div  class='avia-image-container  av-styling-    avia-builder-el-1  avia-builder-el-no-sibling  avia-align-center '  itemprop=\"image\" itemscope=\"itemscope\" itemtype=\"https:\/\/schema.org\/ImageObject\"  ><div class='avia-image-container-inner'><div class='avia-image-overlay-wrap'><img decoding=\"async\" class='wp-image-36240 avia-img-lazy-loading-not-36240 avia_image' src=\"https:\/\/radiorevelacionfm.cl\/wp-content\/uploads\/2023\/10\/curso-1-1-1.jpg\" alt='' title='curso 1 (1) (1)' height=\"600\" width=\"852\"  itemprop=\"thumbnailUrl\" srcset=\"https:\/\/radiorevelacionfm.cl\/wp-content\/uploads\/2023\/10\/curso-1-1-1.jpg 852w, https:\/\/radiorevelacionfm.cl\/wp-content\/uploads\/2023\/10\/curso-1-1-1-300x211.jpg 300w, https:\/\/radiorevelacionfm.cl\/wp-content\/uploads\/2023\/10\/curso-1-1-1-768x541.jpg 768w, https:\/\/radiorevelacionfm.cl\/wp-content\/uploads\/2023\/10\/curso-1-1-1-705x496.jpg 705w, https:\/\/radiorevelacionfm.cl\/wp-content\/uploads\/2023\/10\/curso-1-1-1-450x317.jpg 450w, https:\/\/radiorevelacionfm.cl\/wp-content\/uploads\/2023\/10\/curso-1-1-1-600x423.jpg 600w\" sizes=\"(max-width: 852px) 100vw, 852px\" \/><\/div><\/div><\/div><\/div><div class=\"flex_column av_one_full  flex_column_div av-zero-column-padding first  avia-builder-el-2  el_after_av_one_full  el_before_av_one_full  column-top-margin\" style='border-radius:0px; '><section class=\"av_textblock_section \"  itemscope=\"itemscope\" itemtype=\"https:\/\/schema.org\/BlogPosting\" itemprop=\"blogPost\" ><div class='avia_textblock  '   itemprop=\"text\" ><p style=\"text-align: center;\"><strong><span style=\"font-size: 18pt;\">Autoridades constatan en terreno avances del curso de capacitaci\u00f3n que realizan usuarios al interior del Penal de Coyhaique <\/span><\/strong><\/p>\n<div id=\"gtx-trans\" style=\"position: absolute; left: -50px; top: 4.31534px;\">\n<div class=\"gtx-trans-icon\"><\/div>\n<\/div>\n<\/div><\/section><\/div><div class=\"flex_column av_one_full  flex_column_div av-zero-column-padding first  avia-builder-el-4  el_after_av_one_full  el_before_av_hr  column-top-margin\" style='border-radius:0px; '><section class=\"av_textblock_section \"  itemscope=\"itemscope\" itemtype=\"https:\/\/schema.org\/BlogPosting\" itemprop=\"blogPost\" ><div class='avia_textblock  '   itemprop=\"text\" ><p style=\"text-align: justify;\"><em>Se trata del curso \u201cRevestimiento de superficies en pintura y papel\u201d el que considera 236 horas en su ejecuci\u00f3n, finalizando a mediados de noviembre pr\u00f3ximo.<\/em><\/p>\n<p style=\"text-align: justify;\">Con el objetivo de supervisar la correcta ejecuci\u00f3n del curso \u201cRevestimiento de superficies en pintura y papel\u201d enmarcado en el Proyecto +R a\u00f1o 2023, la semana reci\u00e9n pasada, autoridades encabezadas por el Seremi de Justicia y Derechos Humanos Samuel Navarro, del Servicio de Capacitaci\u00f3n y Empleo (SENCE) y de Gendarmer\u00eda de Chile, visitaron a los 10 internos del Centro de Cumplimiento Penitenciario de Coyhaique que se encuentran realizando dicha capacitaci\u00f3n.<\/p>\n<p style=\"text-align: justify;\">Tras la visita, F.O.Z \u00fanica mujer realizando el curso, se mostr\u00f3 muy contenta y agradecida por la oportunidad se\u00f1alando que \u201cencuentro que el curso ha sido muy interesante porque aprendemos cosas nuevas, un rubro que para la mujer a veces no es muy com\u00fan y que le den la oportunidad ac\u00e1 en este recinto a que las mujeres igual integremos este curso es muy bueno, y tambi\u00e9n para que las dem\u00e1s internas se interesen en esto, igual uno ve que puede tener despu\u00e9s alternativas de trabajo m\u00e1s concretas y proyectarnos a futuro para poder salir a la vida laboral\u201d.<\/p>\n<p style=\"text-align: justify;\">Por su parte, el Seremi de Justicia y\u00a0 Derechos Humanos, Samuel Navarro Castro se\u00f1al\u00f3 que \u201cefectivamente con el Servicio de Capacitaci\u00f3n y Empleo (SENCE) fuimos a ver como se estaba desarrollando y ejecutando el curso +R de revestimiento de superficies en pintura y papel para los internos del CCP Coyhaique el que realizan 10 internos, 9 varones y una mujer, ah\u00ed estuvimos viendo algunas necesidades que ten\u00edan, algunos nudos cr\u00edticos, algunas brechas del curso, en general estaban muy contentos, creemos que es un avance significativo en materia de reinserci\u00f3n laboral, toda vez que hay posibilidades de empleabilidad una vez que cumplan sus condenas y la certificaci\u00f3n que van a obtener en este curso es un aporte significativo e importante en esa direcci\u00f3n, los internos valoraban positivamente el curso y esperan que hayan mas cursos y m\u00e1s cupos para otras personas privadas de libertad y de esta forma contribuir a su reinserci\u00f3n laboral\u201d.<\/p>\n<p style=\"text-align: justify;\">Mientras que el Director Regional del SENCE, Nelson Garrido Morales indic\u00f3 que \u201cse pudo constatar en terreno que este curso se est\u00e1 ejecutando de manera exitosa y de acuerdo a lo descrito por los propios alumnos, quienes se encuentran muy motivados, agradecidos del relator que ha liderado al grupo captando r\u00e1pidamente las necesidades y comunicando de una forma asertiva cuando requieren m\u00e1s informaci\u00f3n, con esto sin duda se est\u00e1 cumpliendo el objetivo principal del programa que es mejorar las posibilidades de empleabilidad y apoyar los procesos de reinserci\u00f3n social de personas de 16 a\u00f1os en adelante, cuando hayan sido condenadas por alg\u00fan tipo de sanci\u00f3n consagrada en la legislaci\u00f3n penal, ahora como Servicio Nacional de Capacitaci\u00f3n y Empleo estamos muy comprometidos con el enfoque de g\u00e9nero, es por esta raz\u00f3n que tambi\u00e9n queremos resaltar que en este curso participa una mujer, y es primera vez que se realiza un curso mixto en el CCP Coyhaique\u201d.<\/p>\n<p style=\"text-align: justify;\">A su vez, el alcaide del CCP Coyhaique, Teniente Coronel Ariel Saldivia manifest\u00f3 que \u201cesto favorece la capacitaci\u00f3n en oficio y permite la integraci\u00f3n laboral y una continuidad a su intervenci\u00f3n, ofreci\u00e9ndole una oportunidad en el \u00e1mbito laboral, como unidad y como Gendarmer\u00eda de Chile estamos muy contentos, ya que este curso se est\u00e1 realizando sin contratiempos, donde los privados de libertad se est\u00e1n capacitando en un oficio, y as\u00ed tener mejor oportunidades y una mejor reinserci\u00f3n una vez que egresen al exterior\u201d.<\/p>\n<p style=\"text-align: justify;\">Finalmente, cabe mencionar que el curso de capacitaci\u00f3n denominado \u00abRevestimiento de superficies con pintura y papel\u00bb fue adjudicado al OTEC Gestcap Chile, quienes se encuentran capacitando a 10 internos del CCP Coyhaique considerando un total de 236 horas, con fecha de t\u00e9rmino a mediados de noviembre pr\u00f3ximo.<\/p>\n<\/div><\/section><\/div><div  style='height:50px' class='hr hr-invisible   avia-builder-el-6  el_after_av_one_full  el_before_av_social_share '><span class='hr-inner ' ><span class='hr-inner-style'><\/span><\/span><\/div><\/p>\n<div  class='av-social-sharing-box  avia-builder-el-7  el_after_av_hr  el_before_av_hr  '><div class='av-share-box'><h5 class='av-share-link-description av-no-toc '>Compartir esta noticia<\/h5><ul class='av-share-box-list noLightbox'><li class='av-share-link av-social-link-facebook' ><a target=\"_blank\" aria-label=\"Compartir en Facebook\" href='https:\/\/www.facebook.com\/sharer.php?u=https:\/\/radiorevelacionfm.cl\/?p=36239&#038;t=Autoridades%20constatan%20en%20terreno%20avances%20del%20curso%20de%20capacitaci%C3%B3n%20que%20realizan%20usuarios%20al%20interior%20del%20Penal%20de%20Coyhaique' aria-hidden='false' data-av_icon='\ue8f3' data-av_iconfont='entypo-fontello' title='' data-avia-related-tooltip='Compartir en Facebook' rel=\"noopener\"><span class='avia_hidden_link_text'>Compartir en Facebook<\/span><\/a><\/li><li class='av-share-link av-social-link-twitter' ><a target=\"_blank\" aria-label=\"Compartir en Twitter\" href='https:\/\/twitter.com\/share?text=Autoridades%20constatan%20en%20terreno%20avances%20del%20curso%20de%20capacitaci%C3%B3n%20que%20realizan%20usuarios%20al%20interior%20del%20Penal%20de%20Coyhaique&#038;url=https:\/\/radiorevelacionfm.cl\/?p=36239' aria-hidden='false' data-av_icon='\ue8f1' data-av_iconfont='entypo-fontello' title='' data-avia-related-tooltip='Compartir en Twitter' rel=\"noopener\"><span class='avia_hidden_link_text'>Compartir en Twitter<\/span><\/a><\/li><li class='av-share-link av-social-link-whatsapp' ><a target=\"_blank\" aria-label=\"Compartir en Whatsapp\" href='https:\/\/api.whatsapp.com\/send?text=https:\/\/radiorevelacionfm.cl\/?p=36239' aria-hidden='false' data-av_icon='\uf232' data-av_iconfont='entypo-fontello' title='' data-avia-related-tooltip='Compartir en Whatsapp' rel=\"noopener\"><span class='avia_hidden_link_text'>Compartir en Whatsapp<\/span><\/a><\/li><li class='av-share-link av-social-link-linkedin' ><a target=\"_blank\" aria-label=\"Compartir en LinkedIn\" href='https:\/\/linkedin.com\/shareArticle?mini=true&#038;title=Autoridades%20constatan%20en%20terreno%20avances%20del%20curso%20de%20capacitaci%C3%B3n%20que%20realizan%20usuarios%20al%20interior%20del%20Penal%20de%20Coyhaique&#038;url=https:\/\/radiorevelacionfm.cl\/?p=36239' aria-hidden='false' data-av_icon='\ue8fc' data-av_iconfont='entypo-fontello' title='' data-avia-related-tooltip='Compartir en LinkedIn' rel=\"noopener\"><span class='avia_hidden_link_text'>Compartir en LinkedIn<\/span><\/a><\/li><li class='av-share-link av-social-link-mail' ><a  aria-label=\"Compartir por correo\" href='mailto:?subject=Autoridades%20constatan%20en%20terreno%20avances%20del%20curso%20de%20capacitaci%C3%B3n%20que%20realizan%20usuarios%20al%20interior%20del%20Penal%20de%20Coyhaique&#038;body=https:\/\/radiorevelacionfm.cl\/?p=36239' aria-hidden='false' data-av_icon='\ue805' data-av_iconfont='entypo-fontello' title='' data-avia-related-tooltip='Compartir por correo'><span class='avia_hidden_link_text'>Compartir por correo<\/span><\/a><\/li><\/ul><\/div><\/div>\n<div  style='height:50px' class='hr hr-invisible   avia-builder-el-8  el_after_av_social_share  el_before_av_comments_list '><span class='hr-inner ' ><span class='hr-inner-style'><\/span><\/span><\/div>\n<div  class='av-buildercomment  av-blog-meta-html-info-disabled av-blog-meta-tag-disabled  '><\/div>\n","protected":false},"excerpt":{"rendered":"","protected":false},"author":1,"featured_media":36240,"comment_status":"open","ping_status":"open","sticky":false,"template":"","format":"standard","meta":{"footnotes":""},"categories":[38],"tags":[],"class_list":["post-36239","post","type-post","status-publish","format-standard","has-post-thumbnail","hentry","category-regional"],"jetpack_featured_media_url":"https:\/\/radiorevelacionfm.cl\/wp-content\/uploads\/2023\/10\/curso-1-1-1.jpg","_links":{"self":[{"href":"https:\/\/radiorevelacionfm.cl\/index.php?rest_route=\/wp\/v2\/posts\/36239","targetHints":{"allow":["GET"]}}],"collection":[{"href":"https:\/\/radiorevelacionfm.cl\/index.php?rest_route=\/wp\/v2\/posts"}],"about":[{"href":"https:\/\/radiorevelacionfm.cl\/index.php?rest_route=\/wp\/v2\/types\/post"}],"author":[{"embeddable":true,"href":"https:\/\/radiorevelacionfm.cl\/index.php?rest_route=\/wp\/v2\/users\/1"}],"replies":[{"embeddable":true,"href":"https:\/\/radiorevelacionfm.cl\/index.php?rest_route=%2Fwp%2Fv2%2Fcomments&post=36239"}],"version-history":[{"count":1,"href":"https:\/\/radiorevelacionfm.cl\/index.php?rest_route=\/wp\/v2\/posts\/36239\/revisions"}],"predecessor-version":[{"id":36241,"href":"https:\/\/radiorevelacionfm.cl\/index.php?rest_route=\/wp\/v2\/posts\/36239\/revisions\/36241"}],"wp:featuredmedia":[{"embeddable":true,"href":"https:\/\/radiorevelacionfm.cl\/index.php?rest_route=\/wp\/v2\/media\/36240"}],"wp:attachment":[{"href":"https:\/\/radiorevelacionfm.cl\/index.php?rest_route=%2Fwp%2Fv2%2Fmedia&parent=36239"}],"wp:term":[{"taxonomy":"category","embeddable":true,"href":"https:\/\/radiorevelacionfm.cl\/index.php?rest_route=%2Fwp%2Fv2%2Fcategories&post=36239"},{"taxonomy":"post_tag","embeddable":true,"href":"https:\/\/radiorevelacionfm.cl\/index.php?rest_route=%2Fwp%2Fv2%2Ftags&post=36239"}],"curies":[{"name":"wp","href":"https:\/\/api.w.org\/{rel}","templated":true}]}}