{"id":36236,"date":"2023-10-25T10:31:53","date_gmt":"2023-10-25T13:31:53","guid":{"rendered":"https:\/\/radiorevelacionfm.cl\/?p=36236"},"modified":"2023-10-25T10:31:53","modified_gmt":"2023-10-25T13:31:53","slug":"gobierno-en-terreno-desarrollo-plaza-y-dialogo-ciudadano-en-guaitecas","status":"publish","type":"post","link":"https:\/\/radiorevelacionfm.cl\/?p=36236","title":{"rendered":"Gobierno en Terreno desarroll\u00f3 plaza y di\u00e1logo ciudadano en Guaitecas"},"content":{"rendered":"<div class=\"flex_column av_one_full  flex_column_div av-zero-column-padding first  avia-builder-el-0  el_before_av_one_full  avia-builder-el-first  \" style='border-radius:0px; '><div  class='avia-image-container  av-styling-    avia-builder-el-1  avia-builder-el-no-sibling  avia-align-center '  itemprop=\"image\" itemscope=\"itemscope\" itemtype=\"https:\/\/schema.org\/ImageObject\"  ><div class='avia-image-container-inner'><div class='avia-image-overlay-wrap'><img decoding=\"async\" class='wp-image-36237 avia-img-lazy-loading-not-36237 avia_image' src=\"https:\/\/radiorevelacionfm.cl\/wp-content\/uploads\/2023\/10\/IMG-20231023-WA0022-1-1.jpg\" alt='' title='IMG-20231023-WA0022 (1) (1)' height=\"600\" width=\"800\"  itemprop=\"thumbnailUrl\" srcset=\"https:\/\/radiorevelacionfm.cl\/wp-content\/uploads\/2023\/10\/IMG-20231023-WA0022-1-1.jpg 800w, https:\/\/radiorevelacionfm.cl\/wp-content\/uploads\/2023\/10\/IMG-20231023-WA0022-1-1-300x225.jpg 300w, https:\/\/radiorevelacionfm.cl\/wp-content\/uploads\/2023\/10\/IMG-20231023-WA0022-1-1-768x576.jpg 768w, https:\/\/radiorevelacionfm.cl\/wp-content\/uploads\/2023\/10\/IMG-20231023-WA0022-1-1-705x529.jpg 705w, https:\/\/radiorevelacionfm.cl\/wp-content\/uploads\/2023\/10\/IMG-20231023-WA0022-1-1-450x338.jpg 450w, https:\/\/radiorevelacionfm.cl\/wp-content\/uploads\/2023\/10\/IMG-20231023-WA0022-1-1-600x450.jpg 600w\" sizes=\"(max-width: 800px) 100vw, 800px\" \/><\/div><\/div><\/div><\/div><div class=\"flex_column av_one_full  flex_column_div av-zero-column-padding first  avia-builder-el-2  el_after_av_one_full  el_before_av_one_full  column-top-margin\" style='border-radius:0px; '><section class=\"av_textblock_section \"  itemscope=\"itemscope\" itemtype=\"https:\/\/schema.org\/BlogPosting\" itemprop=\"blogPost\" ><div class='avia_textblock  '   itemprop=\"text\" ><p style=\"text-align: center;\"><strong><span style=\"font-size: 18pt;\">Gobierno en Terreno desarroll\u00f3 plaza y di\u00e1logo ciudadano en Guaitecas<\/span><\/strong><\/p>\n<div id=\"gtx-trans\" style=\"position: absolute; left: -50px; top: 4.31534px;\">\n<div class=\"gtx-trans-icon\"><\/div>\n<\/div>\n<\/div><\/section><\/div><div class=\"flex_column av_one_full  flex_column_div av-zero-column-padding first  avia-builder-el-4  el_after_av_one_full  el_before_av_hr  column-top-margin\" style='border-radius:0px; '><section class=\"av_textblock_section \"  itemscope=\"itemscope\" itemtype=\"https:\/\/schema.org\/BlogPosting\" itemprop=\"blogPost\" ><div class='avia_textblock  '   itemprop=\"text\" ><p class=\"v1MsoNormal\" style=\"text-align: justify;\">Un amplio despliegue que involucr\u00f3 la participaci\u00f3n de diversos\u00a0 servicios p\u00fablicos en la denominada \u00abPlaza Ciudadana\u00bb, del Programa Gobierno en Terreno, se desarroll\u00f3 recientemente en la comuna de Guaitecas.<\/p>\n<p class=\"v1MsoNormal\" style=\"text-align: justify;\">La actividad fue articulada por la Delegaci\u00f3n Presidencial Provincial de Ays\u00e9n y cont\u00f3 con el apoyo y colaboraci\u00f3n de las autoridades y \u00a0funcionarios pertenecientes a los equipos t\u00e9cnicos del municipio local.<\/p>\n<p class=\"v1MsoNormal\" style=\"text-align: justify;\">El Administrador Municipal y Alcalde Subrogante de la comuna insular, Claudio Henr\u00edquez Gonz\u00e1lez,\u00a0 puso en valor la llegada de las instituciones del Estado hasta Puerto Melinka,\u00a0 destacando el acceso a\u00a0 la oferta p\u00fablica por parte de los vecinos del litoral en su propio territorio y\u00a0 el ahorro en los costos y tiempos de traslado que significa desplazarse fuera de la isla para la realizaci\u00f3n de sus \u00a0tr\u00e1mites.\u00a0 \u00abLa llegada del gobierno en terreno a nuestra comuna siempre es un hito de especial relevancia positiva. Dada nuestra condici\u00f3n insular y lejan\u00eda de los centros urbanos de la capital regional, es una excelente se\u00f1al que los servicios p\u00fablicos vengan a brindar asesor\u00eda y atenci\u00f3n a nuestros vecinos de Melinka y Repollal. Es una demostraci\u00f3n de que el Gobierno y el Estado refuerzan la labor del municipio como tal, en una comunidad que presenta diversos grados de vulnerabilidad, raz\u00f3n por la cual como municipio y concejo municipal, lo valoramos y ponemos \u00a0de relieve\u00bb, afirm\u00f3.<\/p>\n<p class=\"v1MsoNormal\" style=\"text-align: justify;\">Por su parte,\u00a0el Delegado Presidencial Provincial\u00a0 de Ays\u00e9n, Jorge D\u00edaz Guzm\u00e1n,\u00a0destac\u00f3 las coordinaciones previas que se realizan con los dirigentes y organizaciones sociales, cada vez que se movilizan los servicios p\u00fablicos en el marco del Gobierno en Terreno. \u00abNuevamente un equipo de nuestra Delegaci\u00f3n Presidencial Provincial de Ays\u00e9n \u00a0\u00a0se desplaz\u00f3 hasta \u00a0la comuna de Las Guaitecas, \u00a0para atender, \u00a0de manera conjunta, con \u00a0\u00a0los servicios p\u00fablicos, las inquietudes y necesidades de los vecinos de esta apartada localidad. \u00a0De \u00a0este modo, respondemos al mandato del Gobierno de \u00a0nuestro Presidente Gabriel Boric, de llegar con la oferta p\u00fablica hasta los lugares m\u00e1s remotos de nuestro pa\u00eds, \u00a0no importando cu\u00e1n lejos o distantes se encuentren de los centros urbanos \u00a0ni tampoco lo dif\u00edcil que resulte acceder a \u00e9stos en t\u00e9rminos de conectividad\u00bb, subray\u00f3.<\/p>\n<p class=\"v1MsoNormal\" style=\"text-align: justify;\">El Programa de Gobierno en Terreno en Guaitecas,\u00a0 tambi\u00e9n contempl\u00f3 un di\u00e1logo\u00a0 ciudadano\u00a0 a trav\u00e9s de un\u00a0 taller de\u00a0 prevenci\u00f3n en\u00a0 violencia\u00a0 contra\u00a0 las mujeres, el cual estuvo encabezado por la Directora Regional de SERNAMEG, Patricia Baeza. Entre los contenidos tratados, se abordaron los tipos de violencia\u00a0 y los contextos donde\u00a0\u00a0 ocurre, para la comprensi\u00f3n de roles, estereotipos y prejuicios, que ayuden a prevenir la violencia de g\u00e9nero. La charla estuvo a cargo de la profesional,\u00a0 Leslie Bruna, perteneciente al Centro de la Mujer de Puerto Ays\u00e9n.<\/p>\n<p class=\"v1MsoNormal\" style=\"text-align: justify;\">En Guaitecas, estuvieron presentes, adem\u00e1s, el Seremi de Econom\u00eda, Felipe Rojas, la Directora Regional de SERNAMEG, Patricia Baeza, la Directora Regional de Aeropuertos del MOP, Anita \u00c1lvarez, el Director Zonal de SUBPESCA, Manuel P\u00e9rez y representantes de la Armada de Chile, Carabineros, Direcci\u00f3n de Aeron\u00e1utica Civil, SERNAPESCA,\u00a0 INDESPA, CONAF\u00a0\u00a0 y la Delegaci\u00f3n Presidencial Provincial de Ays\u00e9n.<\/p>\n<\/div><\/section><\/div><div  style='height:50px' class='hr hr-invisible   avia-builder-el-6  el_after_av_one_full  el_before_av_social_share '><span class='hr-inner ' ><span class='hr-inner-style'><\/span><\/span><\/div><\/p>\n<div  class='av-social-sharing-box  avia-builder-el-7  el_after_av_hr  el_before_av_hr  '><div class='av-share-box'><h5 class='av-share-link-description av-no-toc '>Compartir esta noticia<\/h5><ul class='av-share-box-list noLightbox'><li class='av-share-link av-social-link-facebook' ><a target=\"_blank\" aria-label=\"Compartir en Facebook\" href='https:\/\/www.facebook.com\/sharer.php?u=https:\/\/radiorevelacionfm.cl\/?p=36236&#038;t=Gobierno%20en%20Terreno%20desarroll%C3%B3%20plaza%20y%20di%C3%A1logo%20ciudadano%20en%20Guaitecas' aria-hidden='false' data-av_icon='\ue8f3' data-av_iconfont='entypo-fontello' title='' data-avia-related-tooltip='Compartir en Facebook' rel=\"noopener\"><span class='avia_hidden_link_text'>Compartir en Facebook<\/span><\/a><\/li><li class='av-share-link av-social-link-twitter' ><a target=\"_blank\" aria-label=\"Compartir en Twitter\" href='https:\/\/twitter.com\/share?text=Gobierno%20en%20Terreno%20desarroll%C3%B3%20plaza%20y%20di%C3%A1logo%20ciudadano%20en%20Guaitecas&#038;url=https:\/\/radiorevelacionfm.cl\/?p=36236' aria-hidden='false' data-av_icon='\ue8f1' data-av_iconfont='entypo-fontello' title='' data-avia-related-tooltip='Compartir en Twitter' rel=\"noopener\"><span class='avia_hidden_link_text'>Compartir en Twitter<\/span><\/a><\/li><li class='av-share-link av-social-link-whatsapp' ><a target=\"_blank\" aria-label=\"Compartir en Whatsapp\" href='https:\/\/api.whatsapp.com\/send?text=https:\/\/radiorevelacionfm.cl\/?p=36236' aria-hidden='false' data-av_icon='\uf232' data-av_iconfont='entypo-fontello' title='' data-avia-related-tooltip='Compartir en Whatsapp' rel=\"noopener\"><span class='avia_hidden_link_text'>Compartir en Whatsapp<\/span><\/a><\/li><li class='av-share-link av-social-link-linkedin' ><a target=\"_blank\" aria-label=\"Compartir en LinkedIn\" href='https:\/\/linkedin.com\/shareArticle?mini=true&#038;title=Gobierno%20en%20Terreno%20desarroll%C3%B3%20plaza%20y%20di%C3%A1logo%20ciudadano%20en%20Guaitecas&#038;url=https:\/\/radiorevelacionfm.cl\/?p=36236' aria-hidden='false' data-av_icon='\ue8fc' data-av_iconfont='entypo-fontello' title='' data-avia-related-tooltip='Compartir en LinkedIn' rel=\"noopener\"><span class='avia_hidden_link_text'>Compartir en LinkedIn<\/span><\/a><\/li><li class='av-share-link av-social-link-mail' ><a  aria-label=\"Compartir por correo\" href='mailto:?subject=Gobierno%20en%20Terreno%20desarroll%C3%B3%20plaza%20y%20di%C3%A1logo%20ciudadano%20en%20Guaitecas&#038;body=https:\/\/radiorevelacionfm.cl\/?p=36236' aria-hidden='false' data-av_icon='\ue805' data-av_iconfont='entypo-fontello' title='' data-avia-related-tooltip='Compartir por correo'><span class='avia_hidden_link_text'>Compartir por correo<\/span><\/a><\/li><\/ul><\/div><\/div>\n<div  style='height:50px' class='hr hr-invisible   avia-builder-el-8  el_after_av_social_share  el_before_av_comments_list '><span class='hr-inner ' ><span class='hr-inner-style'><\/span><\/span><\/div>\n<div  class='av-buildercomment  av-blog-meta-html-info-disabled av-blog-meta-tag-disabled  '><\/div>\n","protected":false},"excerpt":{"rendered":"","protected":false},"author":1,"featured_media":36237,"comment_status":"open","ping_status":"open","sticky":false,"template":"","format":"standard","meta":{"footnotes":""},"categories":[38],"tags":[],"class_list":["post-36236","post","type-post","status-publish","format-standard","has-post-thumbnail","hentry","category-regional"],"jetpack_featured_media_url":"https:\/\/radiorevelacionfm.cl\/wp-content\/uploads\/2023\/10\/IMG-20231023-WA0022-1-1.jpg","_links":{"self":[{"href":"https:\/\/radiorevelacionfm.cl\/index.php?rest_route=\/wp\/v2\/posts\/36236","targetHints":{"allow":["GET"]}}],"collection":[{"href":"https:\/\/radiorevelacionfm.cl\/index.php?rest_route=\/wp\/v2\/posts"}],"about":[{"href":"https:\/\/radiorevelacionfm.cl\/index.php?rest_route=\/wp\/v2\/types\/post"}],"author":[{"embeddable":true,"href":"https:\/\/radiorevelacionfm.cl\/index.php?rest_route=\/wp\/v2\/users\/1"}],"replies":[{"embeddable":true,"href":"https:\/\/radiorevelacionfm.cl\/index.php?rest_route=%2Fwp%2Fv2%2Fcomments&post=36236"}],"version-history":[{"count":1,"href":"https:\/\/radiorevelacionfm.cl\/index.php?rest_route=\/wp\/v2\/posts\/36236\/revisions"}],"predecessor-version":[{"id":36238,"href":"https:\/\/radiorevelacionfm.cl\/index.php?rest_route=\/wp\/v2\/posts\/36236\/revisions\/36238"}],"wp:featuredmedia":[{"embeddable":true,"href":"https:\/\/radiorevelacionfm.cl\/index.php?rest_route=\/wp\/v2\/media\/36237"}],"wp:attachment":[{"href":"https:\/\/radiorevelacionfm.cl\/index.php?rest_route=%2Fwp%2Fv2%2Fmedia&parent=36236"}],"wp:term":[{"taxonomy":"category","embeddable":true,"href":"https:\/\/radiorevelacionfm.cl\/index.php?rest_route=%2Fwp%2Fv2%2Fcategories&post=36236"},{"taxonomy":"post_tag","embeddable":true,"href":"https:\/\/radiorevelacionfm.cl\/index.php?rest_route=%2Fwp%2Fv2%2Ftags&post=36236"}],"curies":[{"name":"wp","href":"https:\/\/api.w.org\/{rel}","templated":true}]}}