{"id":36233,"date":"2023-10-24T19:00:23","date_gmt":"2023-10-24T22:00:23","guid":{"rendered":"https:\/\/radiorevelacionfm.cl\/?p=36233"},"modified":"2023-10-24T19:00:23","modified_gmt":"2023-10-24T22:00:23","slug":"seremi-de-salud-e-injuv-desarrollaran-trabajo-intersectorial-en-areas-de-salud-mental-cancer-y-sexualidad","status":"publish","type":"post","link":"https:\/\/radiorevelacionfm.cl\/?p=36233","title":{"rendered":"Seremi de salud e INJUV desarrollar\u00e1n trabajo intersectorial en \u00e1reas de Salud Mental, C\u00e1ncer y Sexualidad"},"content":{"rendered":"<div class=\"flex_column av_one_full  flex_column_div av-zero-column-padding first  avia-builder-el-0  el_before_av_one_full  avia-builder-el-first  \" style='border-radius:0px; '><div  class='avia-image-container  av-styling-    avia-builder-el-1  avia-builder-el-no-sibling  avia-align-center '  itemprop=\"image\" itemscope=\"itemscope\" itemtype=\"https:\/\/schema.org\/ImageObject\"  ><div class='avia-image-container-inner'><div class='avia-image-overlay-wrap'><img decoding=\"async\" class='wp-image-36234 avia-img-lazy-loading-not-36234 avia_image' src=\"https:\/\/radiorevelacionfm.cl\/wp-content\/uploads\/2023\/10\/equipos-de-trabajo-1-1.jpeg\" alt='' title='equipos de trabajo (1) (1)' height=\"600\" width=\"800\"  itemprop=\"thumbnailUrl\" srcset=\"https:\/\/radiorevelacionfm.cl\/wp-content\/uploads\/2023\/10\/equipos-de-trabajo-1-1.jpeg 800w, https:\/\/radiorevelacionfm.cl\/wp-content\/uploads\/2023\/10\/equipos-de-trabajo-1-1-300x225.jpeg 300w, https:\/\/radiorevelacionfm.cl\/wp-content\/uploads\/2023\/10\/equipos-de-trabajo-1-1-768x576.jpeg 768w, https:\/\/radiorevelacionfm.cl\/wp-content\/uploads\/2023\/10\/equipos-de-trabajo-1-1-705x529.jpeg 705w, https:\/\/radiorevelacionfm.cl\/wp-content\/uploads\/2023\/10\/equipos-de-trabajo-1-1-450x338.jpeg 450w, https:\/\/radiorevelacionfm.cl\/wp-content\/uploads\/2023\/10\/equipos-de-trabajo-1-1-600x450.jpeg 600w\" sizes=\"(max-width: 800px) 100vw, 800px\" \/><\/div><\/div><\/div><\/div><div class=\"flex_column av_one_full  flex_column_div av-zero-column-padding first  avia-builder-el-2  el_after_av_one_full  el_before_av_one_full  column-top-margin\" style='border-radius:0px; '><section class=\"av_textblock_section \"  itemscope=\"itemscope\" itemtype=\"https:\/\/schema.org\/BlogPosting\" itemprop=\"blogPost\" ><div class='avia_textblock  '   itemprop=\"text\" ><p style=\"text-align: center;\"><span style=\"font-size: 18pt;\"><strong>Seremi de salud e INJUV desarrollar\u00e1n trabajo intersectorial en \u00e1reas de Salud Mental, C\u00e1ncer y Sexualidad <\/strong><\/span><\/p>\n<div id=\"gtx-trans\" style=\"position: absolute; left: -50px; top: 4.31534px;\">\n<div class=\"gtx-trans-icon\"><\/div>\n<\/div>\n<\/div><\/section><\/div><div class=\"flex_column av_one_full  flex_column_div av-zero-column-padding first  avia-builder-el-4  el_after_av_one_full  el_before_av_hr  column-top-margin\" style='border-radius:0px; '><section class=\"av_textblock_section \"  itemscope=\"itemscope\" itemtype=\"https:\/\/schema.org\/BlogPosting\" itemprop=\"blogPost\" ><div class='avia_textblock  '   itemprop=\"text\" ><p style=\"text-align: justify;\"><em>La coordinaci\u00f3n entre ambos servicios busca planificar una serie de actividades durante el a\u00f1o 2024, donde se espera abordar tem\u00e1ticas de autocuidado y prevenci\u00f3n con diversas organizaciones juveniles de la regi\u00f3n.\u00a0 <\/em><\/p>\n<p style=\"text-align: justify;\">Con \u00e9nfasis en la generaci\u00f3n de espacios de di\u00e1logo e informaci\u00f3n en temas de Salud P\u00fablica, la secretar\u00eda regional ministerial de Salud y la direcci\u00f3n regional del Instituto Nacional de la Juventud (INJUV), se encuentran coordinando acciones intersectoriales que permitan a los y las j\u00f3venes de la regi\u00f3n abordar tem\u00e1ticas de inter\u00e9s para este sector como medidas preventivas respecto a enfermedades como el C\u00e1ncer, accesos a los programas de Salud Mental y Sexualidad.<\/p>\n<p style=\"text-align: justify;\">Trabajo que se est\u00e1 planificando por medio de los equipos t\u00e9cnicos de ambos organismos, como lo manifest\u00f3 el Director Regional de INJUV, Camilo Trivi\u00f1o Urtubia.\u00a0 \u201cSon reuniones bastante positivas donde podemos intercambiar conocimiento respecto a las encuestas y datos que hoy tenemos a disposici\u00f3n, lo que nos permiten planificar de mejor manera el quehacer en materia de j\u00f3venes, de ah\u00ed se despliegan varios desaf\u00edos en relaci\u00f3n a temas de salud mental, salud sexual y reproductiva, donde lo bueno es que estamos en una coordinaci\u00f3n muy positiva para poder llevar esto adelante\u201d.<\/p>\n<p style=\"text-align: justify;\">De igual forma, la Seremi de Salud, Carmen Monsalve G\u00f3mez, valor\u00f3 el inter\u00e9s de ambos servicios para ir en apoyo de este segmento de la poblaci\u00f3n.\u00a0 \u201cNosotros relevamos el actuar del INJUV en relaci\u00f3n a su vinculaci\u00f3n con los j\u00f3venes de la regi\u00f3n, esto es un escenario favorable, una posibilidad de poder direccionar los esfuerzos de esta autoridad sanitaria y Salud P\u00fablica, para poder ejecutar un trabajo colaborativo en resolver las problem\u00e1ticas que hoy afectan a nuestros j\u00f3venes, proyectando un trabajo potente para el 2024, donde el foco va de la mano con el inter\u00e9s de los j\u00f3venes en materias como el C\u00e1ncer, Educaci\u00f3n\u00a0 Sexual y Reproductiva, adem\u00e1s de Salud Mental, que son las \u00e1reas prioritarias de abordaje con este sector\u201d.<\/p>\n<p style=\"text-align: justify;\">En este contexto, profesionales de Salud e INJUV \u2013 con la participaci\u00f3n activa de los j\u00f3venes- desarrollar\u00e1n un plan de trabajo que permita generar las instancias de conversaci\u00f3n sobre los temas de inter\u00e9s que los propios adolescentes prioricen, fomentando la educaci\u00f3n y el autocuidado respecto a la oferta program\u00e1tica del Ministerio de Salud en la regi\u00f3n de Ays\u00e9n.<\/p>\n<\/div><\/section><\/div><div  style='height:50px' class='hr hr-invisible   avia-builder-el-6  el_after_av_one_full  el_before_av_social_share '><span class='hr-inner ' ><span class='hr-inner-style'><\/span><\/span><\/div><\/p>\n<div  class='av-social-sharing-box  avia-builder-el-7  el_after_av_hr  el_before_av_hr  '><div class='av-share-box'><h5 class='av-share-link-description av-no-toc '>Compartir esta noticia<\/h5><ul class='av-share-box-list noLightbox'><li class='av-share-link av-social-link-facebook' ><a target=\"_blank\" aria-label=\"Compartir en Facebook\" href='https:\/\/www.facebook.com\/sharer.php?u=https:\/\/radiorevelacionfm.cl\/?p=36233&#038;t=Seremi%20de%20salud%20e%20INJUV%20desarrollar%C3%A1n%20trabajo%20intersectorial%20en%20%C3%A1reas%20de%20Salud%20Mental%2C%20C%C3%A1ncer%20y%20Sexualidad' aria-hidden='false' data-av_icon='\ue8f3' data-av_iconfont='entypo-fontello' title='' data-avia-related-tooltip='Compartir en Facebook' rel=\"noopener\"><span class='avia_hidden_link_text'>Compartir en Facebook<\/span><\/a><\/li><li class='av-share-link av-social-link-twitter' ><a target=\"_blank\" aria-label=\"Compartir en Twitter\" href='https:\/\/twitter.com\/share?text=Seremi%20de%20salud%20e%20INJUV%20desarrollar%C3%A1n%20trabajo%20intersectorial%20en%20%C3%A1reas%20de%20Salud%20Mental%2C%20C%C3%A1ncer%20y%20Sexualidad&#038;url=https:\/\/radiorevelacionfm.cl\/?p=36233' aria-hidden='false' data-av_icon='\ue8f1' data-av_iconfont='entypo-fontello' title='' data-avia-related-tooltip='Compartir en Twitter' rel=\"noopener\"><span class='avia_hidden_link_text'>Compartir en Twitter<\/span><\/a><\/li><li class='av-share-link av-social-link-whatsapp' ><a target=\"_blank\" aria-label=\"Compartir en Whatsapp\" href='https:\/\/api.whatsapp.com\/send?text=https:\/\/radiorevelacionfm.cl\/?p=36233' aria-hidden='false' data-av_icon='\uf232' data-av_iconfont='entypo-fontello' title='' data-avia-related-tooltip='Compartir en Whatsapp' rel=\"noopener\"><span class='avia_hidden_link_text'>Compartir en Whatsapp<\/span><\/a><\/li><li class='av-share-link av-social-link-linkedin' ><a target=\"_blank\" aria-label=\"Compartir en LinkedIn\" href='https:\/\/linkedin.com\/shareArticle?mini=true&#038;title=Seremi%20de%20salud%20e%20INJUV%20desarrollar%C3%A1n%20trabajo%20intersectorial%20en%20%C3%A1reas%20de%20Salud%20Mental%2C%20C%C3%A1ncer%20y%20Sexualidad&#038;url=https:\/\/radiorevelacionfm.cl\/?p=36233' aria-hidden='false' data-av_icon='\ue8fc' data-av_iconfont='entypo-fontello' title='' data-avia-related-tooltip='Compartir en LinkedIn' rel=\"noopener\"><span class='avia_hidden_link_text'>Compartir en LinkedIn<\/span><\/a><\/li><li class='av-share-link av-social-link-mail' ><a  aria-label=\"Compartir por correo\" href='mailto:?subject=Seremi%20de%20salud%20e%20INJUV%20desarrollar%C3%A1n%20trabajo%20intersectorial%20en%20%C3%A1reas%20de%20Salud%20Mental%2C%20C%C3%A1ncer%20y%20Sexualidad&#038;body=https:\/\/radiorevelacionfm.cl\/?p=36233' aria-hidden='false' data-av_icon='\ue805' data-av_iconfont='entypo-fontello' title='' data-avia-related-tooltip='Compartir por correo'><span class='avia_hidden_link_text'>Compartir por correo<\/span><\/a><\/li><\/ul><\/div><\/div>\n<div  style='height:50px' class='hr hr-invisible   avia-builder-el-8  el_after_av_social_share  el_before_av_comments_list '><span class='hr-inner ' ><span class='hr-inner-style'><\/span><\/span><\/div>\n<div  class='av-buildercomment  av-blog-meta-html-info-disabled av-blog-meta-tag-disabled  '><\/div>\n","protected":false},"excerpt":{"rendered":"","protected":false},"author":1,"featured_media":36234,"comment_status":"open","ping_status":"open","sticky":false,"template":"","format":"standard","meta":{"footnotes":""},"categories":[46],"tags":[],"class_list":["post-36233","post","type-post","status-publish","format-standard","has-post-thumbnail","hentry","category-salud"],"jetpack_featured_media_url":"https:\/\/radiorevelacionfm.cl\/wp-content\/uploads\/2023\/10\/equipos-de-trabajo-1-1.jpeg","_links":{"self":[{"href":"https:\/\/radiorevelacionfm.cl\/index.php?rest_route=\/wp\/v2\/posts\/36233","targetHints":{"allow":["GET"]}}],"collection":[{"href":"https:\/\/radiorevelacionfm.cl\/index.php?rest_route=\/wp\/v2\/posts"}],"about":[{"href":"https:\/\/radiorevelacionfm.cl\/index.php?rest_route=\/wp\/v2\/types\/post"}],"author":[{"embeddable":true,"href":"https:\/\/radiorevelacionfm.cl\/index.php?rest_route=\/wp\/v2\/users\/1"}],"replies":[{"embeddable":true,"href":"https:\/\/radiorevelacionfm.cl\/index.php?rest_route=%2Fwp%2Fv2%2Fcomments&post=36233"}],"version-history":[{"count":1,"href":"https:\/\/radiorevelacionfm.cl\/index.php?rest_route=\/wp\/v2\/posts\/36233\/revisions"}],"predecessor-version":[{"id":36235,"href":"https:\/\/radiorevelacionfm.cl\/index.php?rest_route=\/wp\/v2\/posts\/36233\/revisions\/36235"}],"wp:featuredmedia":[{"embeddable":true,"href":"https:\/\/radiorevelacionfm.cl\/index.php?rest_route=\/wp\/v2\/media\/36234"}],"wp:attachment":[{"href":"https:\/\/radiorevelacionfm.cl\/index.php?rest_route=%2Fwp%2Fv2%2Fmedia&parent=36233"}],"wp:term":[{"taxonomy":"category","embeddable":true,"href":"https:\/\/radiorevelacionfm.cl\/index.php?rest_route=%2Fwp%2Fv2%2Fcategories&post=36233"},{"taxonomy":"post_tag","embeddable":true,"href":"https:\/\/radiorevelacionfm.cl\/index.php?rest_route=%2Fwp%2Fv2%2Ftags&post=36233"}],"curies":[{"name":"wp","href":"https:\/\/api.w.org\/{rel}","templated":true}]}}