{"id":3623,"date":"2021-04-28T19:49:14","date_gmt":"2021-04-28T22:49:14","guid":{"rendered":"https:\/\/radiorevelacionfm.cl\/?p=3623"},"modified":"2021-04-28T19:49:14","modified_gmt":"2021-04-28T22:49:14","slug":"en-liceo-raul-broussain-de-aysen-realizan-lanzamiento-del-programa-de-prevencion-en-violencia-contra-las-mujeres","status":"publish","type":"post","link":"https:\/\/radiorevelacionfm.cl\/?p=3623","title":{"rendered":"En Liceo Ra\u00fal Broussain de Ays\u00e9n realizan lanzamiento del Programa de Prevenci\u00f3n en Violencia contra las Mujeres"},"content":{"rendered":"<div class=\"flex_column av_one_full  flex_column_div av-zero-column-padding first  avia-builder-el-0  el_before_av_one_full  avia-builder-el-first  \" style='border-radius:0px; '><div  class='avia-image-container  av-styling-    avia-builder-el-1  avia-builder-el-no-sibling  avia-align-center '  itemprop=\"image\" itemscope=\"itemscope\" itemtype=\"https:\/\/schema.org\/ImageObject\"  ><div class='avia-image-container-inner'><div class='avia-image-overlay-wrap'><img decoding=\"async\" class='wp-image-0 avia-img-lazy-loading-not-0 avia_image' src=\"https:\/\/radiorevelacionfm.cl\/wp-content\/uploads\/2021\/04\/lanzamiento-programa-prevencion-aysen-5_optimized.jpg\" alt='' title=''   itemprop=\"thumbnailUrl\"  \/><\/div><\/div><\/div><\/div><div class=\"flex_column av_one_full  flex_column_div av-zero-column-padding first  avia-builder-el-2  el_after_av_one_full  el_before_av_one_full  column-top-margin\" style='border-radius:0px; '><section class=\"av_textblock_section \"  itemscope=\"itemscope\" itemtype=\"https:\/\/schema.org\/BlogPosting\" itemprop=\"blogPost\" ><div class='avia_textblock  '   itemprop=\"text\" ><p style=\"text-align: center;\"><strong><span style=\"font-size: 18pt;\">En Liceo Ra\u00fal Broussain de Ays\u00e9n realizan lanzamiento del Programa de Prevenci\u00f3n en Violencia contra las Mujeres <\/span><\/strong><\/p>\n<div id=\"gtx-trans\" style=\"position: absolute; left: -50px; top: 4.31534px;\">\n<div class=\"gtx-trans-icon\"><\/div>\n<\/div>\n<\/div><\/section><\/div><div class=\"flex_column av_one_full  flex_column_div av-zero-column-padding first  avia-builder-el-4  el_after_av_one_full  el_before_av_hr  column-top-margin\" style='border-radius:0px; '><section class=\"av_textblock_section \"  itemscope=\"itemscope\" itemtype=\"https:\/\/schema.org\/BlogPosting\" itemprop=\"blogPost\" ><div class='avia_textblock  '   itemprop=\"text\" ><p style=\"font-weight: 400; text-align: justify;\">En dependencias del Liceo Ra\u00fal Broussain Campino en Puerto Ays\u00e9n, se realiz\u00f3 el lanzamiento del Programa de Prevenci\u00f3n en Violencia contra las Mujeres del Servicio Nacional de la Mujer y la Equidad de G\u00e9nero, SernamEG, que se ejecuta en el territorio v\u00eda convenio con la Municipalidad de Ays\u00e9n. Este modelo program\u00e1tico tiene como objetivo contribuir a fortalecer el rol preventivo en materia de prevenci\u00f3n de violencia de g\u00e9nero en j\u00f3venes hombres, mujeres y otras identidades, de 14 a 29 a\u00f1os y agentes estrat\u00e9gicos que trabajan con j\u00f3venes.<\/p>\n<p style=\"font-weight: 400; text-align: justify;\">La Directora Regional de SernamEG, Elizabeth Guti\u00e9rrez Eggers, junto con felicitar a las\/os asistentes de la educaci\u00f3n que comienzan su proceso formativo, sostuvo que \u201clos establecimientos educacionales son actores relevantes para desnaturalizar y concientizar sobre la violencia de g\u00e9nero. Por lo tanto, las comunidades educativas al convertirse en agentes de cambio pueden por ejemplo dejar de perpetuar la reproducci\u00f3n de los estereotipos que es una forma sesgada respecto a lo que pueden o no hacer las mujeres y los hombres\u201d. La autoridad regional se refiri\u00f3 adem\u00e1s a la IV Encuesta de Violencia contra la Mujer en el \u00c1mbito de Violencia Intrafamiliar y en Otros Espacios 2020. \u201cUno de los datos m\u00e1s relevantes es que da cuenta que 2 de cada 5 mujeres en Chile se\u00f1alan que han sido v\u00edctimas de violencia alguna vez en su vida, esta informaci\u00f3n es sumamente relevante porque demuestra la necesidad de continuar trabajando por erradicar esta problem\u00e1tica sociocultural\u201d.<\/p>\n<p style=\"font-weight: 400; text-align: justify;\">Por su parte, la Alcaldesa (s) de Ays\u00e9n, Felisa Ojeda Vargas, dijo: \u201ceste es un modelo program\u00e1tico que realizamos todos los a\u00f1os, en el marco del convenio que tenemos con el Servicio Nacional de la Mujer y la Equidad de G\u00e9nero, y es uno de los m\u00e1s importantes que tenemos como Municipalidad. Quiero desearles \u00e9xito a nuestros futuros agentes formadores del Liceo Ra\u00fal Broussain Campino y agradecer al Director, don Eduardo Obando, por su disposici\u00f3n ya que las\/os adolescentes son una poblaci\u00f3n prioritaria para nosotros puesto que est\u00e1n en proceso de formaci\u00f3n, por lo que est\u00e1n a tiempo de modificar conductas y patrones que permitan prevenir situaciones de violencia. Agradecer tambi\u00e9n al Centro de la Mujer Naa Alver\u00e9 y a la coordinadora territorial de Prevenci\u00f3n, quienes conforman un equipo especializado que trabaja incansablemente para formar a j\u00f3venes y adultos como agentes preventivos en temas de violencia\u201d.<\/p>\n<p style=\"font-weight: 400; text-align: justify;\">En la ceremonia de lanzamiento estuvieron presentes la Directora Regional de SernamEG, Elizabeth Guti\u00e9rrez Eggers; la Alcaldesa (s) de Ays\u00e9n, Felisa Ojeda Vargas; el Director del Liceo Ra\u00fal Broussain Campino, Eduardo Obando C\u00e1rdenas; el Coordinador del Centro de la Mujer Naa Alver\u00e9, V\u00edctor Llanca Altamirano; y la Coordinadora Territorial del Programa de Prevenci\u00f3n en Violencia contra las Mujeres, Leslie Bruna Bustamente; y las\/os asistentes de la educaci\u00f3n del establecimiento educacional.<\/p>\n<p style=\"font-weight: 400; text-align: justify;\">Prevenir tempranamente la discriminaci\u00f3n y la violencia de g\u00e9nero en los distintos contextos en que se ejercen, a trav\u00e9s de procesos socio educativos que generen aprendizaje, constituyen el prop\u00f3sito central de este modelo program\u00e1tico. A trav\u00e9s de acciones que permitan enfrentar esta desigualdad y promover las relaciones igualitarias entre personas, con una concepci\u00f3n amplia de g\u00e9nero, transformando los estereotipos, para avanzar hacia una vida libre de violencia y de respeto total a los derechos humanos.<\/p>\n<p style=\"font-weight: 400; text-align: justify;\">El Programa de Prevenci\u00f3n en Violencia contra las Mujeres ofrece espacios educativos destinados a personas que se vinculan con j\u00f3venes, desde un rol a trav\u00e9s de sus trabajos o como cuidadoras\/es de personas j\u00f3venes; con una duraci\u00f3n de 16 horas pedag\u00f3gicas. Otro de los p\u00fablicos objetivos corresponde a j\u00f3venes entre 14 y 29 a\u00f1os, para ellas\/os existen dos opciones; la primera son sensibilizaciones o coloquios, las que consisten en videoconferencias grupales que var\u00edan entre 2 a 6 horas. La segunda posibilidad son capacitaciones como Monitoras\/es Juveniles con 12 horas pedag\u00f3gicas. En las capacitaciones se contempla una actividad pr\u00e1ctica o r\u00e9plica para divulgar los conocimientos adquiridos y al finalizar el proceso reciben su respectiva certificaci\u00f3n. Finalmente, para inscribirse, descargar informaci\u00f3n y realizar actividades a distancia se debe acceder a la p\u00e1gina web de SernamEG (<a href=\"http:\/\/www.sernameg.gob.cl\/\" data-saferedirecturl=\"https:\/\/www.google.com\/url?q=http:\/\/www.sernameg.gob.cl&amp;source=gmail&amp;ust=1619727561280000&amp;usg=AFQjCNE7KP3N7ykbQ6qvOKYASoufgycn2A\">www.sernameg.gob.cl<\/a>).<\/p>\n<\/div><\/section><\/div><div  style='height:50px' class='hr hr-invisible   avia-builder-el-6  el_after_av_one_full  el_before_av_social_share '><span class='hr-inner ' ><span class='hr-inner-style'><\/span><\/span><\/div><\/p>\n<div  class='av-social-sharing-box  avia-builder-el-7  el_after_av_hr  el_before_av_hr  '><div class='av-share-box'><h5 class='av-share-link-description av-no-toc '>Compartir esta noticia<\/h5><ul class='av-share-box-list noLightbox'><li class='av-share-link av-social-link-facebook' ><a target=\"_blank\" aria-label=\"Compartir en Facebook\" href='https:\/\/www.facebook.com\/sharer.php?u=https:\/\/radiorevelacionfm.cl\/?p=3623&#038;t=En%20Liceo%20Ra%C3%BAl%20Broussain%20de%20Ays%C3%A9n%20realizan%20lanzamiento%20del%20Programa%20de%20Prevenci%C3%B3n%20en%20Violencia%20contra%20las%20Mujeres' aria-hidden='false' data-av_icon='\ue8f3' data-av_iconfont='entypo-fontello' title='' data-avia-related-tooltip='Compartir en Facebook' rel=\"noopener\"><span class='avia_hidden_link_text'>Compartir en Facebook<\/span><\/a><\/li><li class='av-share-link av-social-link-twitter' ><a target=\"_blank\" aria-label=\"Compartir en Twitter\" href='https:\/\/twitter.com\/share?text=En%20Liceo%20Ra%C3%BAl%20Broussain%20de%20Ays%C3%A9n%20realizan%20lanzamiento%20del%20Programa%20de%20Prevenci%C3%B3n%20en%20Violencia%20contra%20las%20Mujeres&#038;url=https:\/\/radiorevelacionfm.cl\/?p=3623' aria-hidden='false' data-av_icon='\ue8f1' data-av_iconfont='entypo-fontello' title='' data-avia-related-tooltip='Compartir en Twitter' rel=\"noopener\"><span class='avia_hidden_link_text'>Compartir en Twitter<\/span><\/a><\/li><li class='av-share-link av-social-link-whatsapp' ><a target=\"_blank\" aria-label=\"Compartir en Whatsapp\" href='https:\/\/api.whatsapp.com\/send?text=https:\/\/radiorevelacionfm.cl\/?p=3623' aria-hidden='false' data-av_icon='\uf232' data-av_iconfont='entypo-fontello' title='' data-avia-related-tooltip='Compartir en Whatsapp' rel=\"noopener\"><span class='avia_hidden_link_text'>Compartir en Whatsapp<\/span><\/a><\/li><li class='av-share-link av-social-link-linkedin' ><a target=\"_blank\" aria-label=\"Compartir en LinkedIn\" href='https:\/\/linkedin.com\/shareArticle?mini=true&#038;title=En%20Liceo%20Ra%C3%BAl%20Broussain%20de%20Ays%C3%A9n%20realizan%20lanzamiento%20del%20Programa%20de%20Prevenci%C3%B3n%20en%20Violencia%20contra%20las%20Mujeres&#038;url=https:\/\/radiorevelacionfm.cl\/?p=3623' aria-hidden='false' data-av_icon='\ue8fc' data-av_iconfont='entypo-fontello' title='' data-avia-related-tooltip='Compartir en LinkedIn' rel=\"noopener\"><span class='avia_hidden_link_text'>Compartir en LinkedIn<\/span><\/a><\/li><li class='av-share-link av-social-link-mail' ><a  aria-label=\"Compartir por correo\" href='mailto:?subject=En%20Liceo%20Ra%C3%BAl%20Broussain%20de%20Ays%C3%A9n%20realizan%20lanzamiento%20del%20Programa%20de%20Prevenci%C3%B3n%20en%20Violencia%20contra%20las%20Mujeres&#038;body=https:\/\/radiorevelacionfm.cl\/?p=3623' aria-hidden='false' data-av_icon='\ue805' data-av_iconfont='entypo-fontello' title='' data-avia-related-tooltip='Compartir por correo'><span class='avia_hidden_link_text'>Compartir por correo<\/span><\/a><\/li><\/ul><\/div><\/div>\n<div  style='height:50px' class='hr hr-invisible   avia-builder-el-8  el_after_av_social_share  el_before_av_comments_list '><span class='hr-inner ' ><span class='hr-inner-style'><\/span><\/span><\/div>\n<div  class='av-buildercomment  av-blog-meta-html-info-disabled av-blog-meta-tag-disabled  '><\/div>\n","protected":false},"excerpt":{"rendered":"","protected":false},"author":1,"featured_media":0,"comment_status":"open","ping_status":"open","sticky":false,"template":"","format":"standard","meta":{"footnotes":""},"categories":[38],"tags":[],"class_list":["post-3623","post","type-post","status-publish","format-standard","hentry","category-regional"],"jetpack_featured_media_url":"","_links":{"self":[{"href":"https:\/\/radiorevelacionfm.cl\/index.php?rest_route=\/wp\/v2\/posts\/3623","targetHints":{"allow":["GET"]}}],"collection":[{"href":"https:\/\/radiorevelacionfm.cl\/index.php?rest_route=\/wp\/v2\/posts"}],"about":[{"href":"https:\/\/radiorevelacionfm.cl\/index.php?rest_route=\/wp\/v2\/types\/post"}],"author":[{"embeddable":true,"href":"https:\/\/radiorevelacionfm.cl\/index.php?rest_route=\/wp\/v2\/users\/1"}],"replies":[{"embeddable":true,"href":"https:\/\/radiorevelacionfm.cl\/index.php?rest_route=%2Fwp%2Fv2%2Fcomments&post=3623"}],"version-history":[{"count":1,"href":"https:\/\/radiorevelacionfm.cl\/index.php?rest_route=\/wp\/v2\/posts\/3623\/revisions"}],"predecessor-version":[{"id":3625,"href":"https:\/\/radiorevelacionfm.cl\/index.php?rest_route=\/wp\/v2\/posts\/3623\/revisions\/3625"}],"wp:attachment":[{"href":"https:\/\/radiorevelacionfm.cl\/index.php?rest_route=%2Fwp%2Fv2%2Fmedia&parent=3623"}],"wp:term":[{"taxonomy":"category","embeddable":true,"href":"https:\/\/radiorevelacionfm.cl\/index.php?rest_route=%2Fwp%2Fv2%2Fcategories&post=3623"},{"taxonomy":"post_tag","embeddable":true,"href":"https:\/\/radiorevelacionfm.cl\/index.php?rest_route=%2Fwp%2Fv2%2Ftags&post=3623"}],"curies":[{"name":"wp","href":"https:\/\/api.w.org\/{rel}","templated":true}]}}