{"id":36227,"date":"2023-10-26T10:27:34","date_gmt":"2023-10-26T13:27:34","guid":{"rendered":"https:\/\/radiorevelacionfm.cl\/?p=36227"},"modified":"2023-10-26T10:27:34","modified_gmt":"2023-10-26T13:27:34","slug":"comienza-proceso-de-postulacion-2024-a-jardines-infantiles-de-fundacion-integra","status":"publish","type":"post","link":"https:\/\/radiorevelacionfm.cl\/?p=36227","title":{"rendered":"Comienza proceso de postulaci\u00f3n 2024 a jardines infantiles de Fundaci\u00f3n Integra"},"content":{"rendered":"<div class=\"flex_column av_one_full  flex_column_div av-zero-column-padding first  avia-builder-el-0  el_before_av_one_full  avia-builder-el-first  \" style='border-radius:0px; '><div  class='avia-image-container  av-styling-    avia-builder-el-1  avia-builder-el-no-sibling  avia-align-center '  itemprop=\"image\" itemscope=\"itemscope\" itemtype=\"https:\/\/schema.org\/ImageObject\"  ><div class='avia-image-container-inner'><div class='avia-image-overlay-wrap'><img decoding=\"async\" class='wp-image-36228 avia-img-lazy-loading-not-36228 avia_image' src=\"https:\/\/radiorevelacionfm.cl\/wp-content\/uploads\/2023\/10\/3-74-1-2.jpg\" alt='' title='3 (74) (1) (2)' height=\"600\" width=\"900\"  itemprop=\"thumbnailUrl\" srcset=\"https:\/\/radiorevelacionfm.cl\/wp-content\/uploads\/2023\/10\/3-74-1-2.jpg 900w, https:\/\/radiorevelacionfm.cl\/wp-content\/uploads\/2023\/10\/3-74-1-2-300x200.jpg 300w, https:\/\/radiorevelacionfm.cl\/wp-content\/uploads\/2023\/10\/3-74-1-2-768x512.jpg 768w, https:\/\/radiorevelacionfm.cl\/wp-content\/uploads\/2023\/10\/3-74-1-2-705x470.jpg 705w, https:\/\/radiorevelacionfm.cl\/wp-content\/uploads\/2023\/10\/3-74-1-2-450x300.jpg 450w, https:\/\/radiorevelacionfm.cl\/wp-content\/uploads\/2023\/10\/3-74-1-2-600x400.jpg 600w\" sizes=\"(max-width: 900px) 100vw, 900px\" \/><\/div><\/div><\/div><\/div><div class=\"flex_column av_one_full  flex_column_div av-zero-column-padding first  avia-builder-el-2  el_after_av_one_full  el_before_av_one_full  column-top-margin\" style='border-radius:0px; '><section class=\"av_textblock_section \"  itemscope=\"itemscope\" itemtype=\"https:\/\/schema.org\/BlogPosting\" itemprop=\"blogPost\" ><div class='avia_textblock  '   itemprop=\"text\" ><p style=\"text-align: center;\"><strong><span style=\"font-size: 18pt;\">Comienza proceso de postulaci\u00f3n 2024 a jardines infantiles de Fundaci\u00f3n Integra<\/span><\/strong><\/p>\n<div id=\"gtx-trans\" style=\"position: absolute; left: -50px; top: 4.31534px;\">\n<div class=\"gtx-trans-icon\"><\/div>\n<\/div>\n<\/div><\/section><\/div><div class=\"flex_column av_one_full  flex_column_div av-zero-column-padding first  avia-builder-el-4  el_after_av_one_full  el_before_av_hr  column-top-margin\" style='border-radius:0px; '><section class=\"av_textblock_section \"  itemscope=\"itemscope\" itemtype=\"https:\/\/schema.org\/BlogPosting\" itemprop=\"blogPost\" ><div class='avia_textblock  '   itemprop=\"text\" ><p style=\"font-weight: 400; text-align: justify;\"><em>Todos los establecimientos de Fundaci\u00f3n Integra son completamente gratuitos y entregan<\/em><em>\u00a0educaci\u00f3n parvularia de calidad a ni\u00f1os y ni\u00f1as entre los 3 meses de edad hasta los 4 a\u00f1os 11 meses.\u00a0El proceso estar\u00e1 abierto hasta el 30 de noviembre.<\/em><\/p>\n<p style=\"font-weight: 400; text-align: justify;\">Este lunes 23 de octubre se dio inicio a un nuevo proceso de postulaci\u00f3n para formar parte de los jardines infantiles y salas cuna de Fundaci\u00f3n Integra para el a\u00f1o 2024. Los interesados en formar parte de la instituci\u00f3n deben ingresar a la p\u00e1gina web\u00a0<a href=\"http:\/\/www.integra.cl\/\" data-saferedirecturl=\"https:\/\/www.google.com\/url?q=http:\/\/www.integra.cl&amp;source=gmail&amp;ust=1698241136247000&amp;usg=AOvVaw1DDVF8V_O2fgNa5HjPBlr4\">www.integra.cl<\/a>\u00a0desde cualquier computador o celular con acceso a internet.<\/p>\n<p style=\"font-weight: 400; text-align: justify;\">Las familias que realicen este proceso por primera vez, deber\u00e1n inscribirse en la plataforma y luego completar un formulario que solicitar\u00e1, entre otros datos, el RUN de la ni\u00f1a o ni\u00f1o. Quienes han postulado antes, deben utilizar el usuario y contrase\u00f1a ya registrados previamente en el sistema.<\/p>\n<p style=\"font-weight: 400; text-align: justify;\">En el caso de las familias migrantes que a\u00fan no cuenten con registro chileno, podr\u00e1n utilizar el IPE (Identificador Provisorio del Estudiante), el que se obtiene en\u00a0<a href=\"http:\/\/www.ayudamineduc.cl\/\" data-saferedirecturl=\"https:\/\/www.google.com\/url?q=http:\/\/www.ayudamineduc.cl&amp;source=gmail&amp;ust=1698241136247000&amp;usg=AOvVaw3FKf9eHym8azhj9TUVz_jc\">www.ayudamineduc.cl<\/a>.<\/p>\n<p style=\"font-weight: 400; text-align: justify;\">Leticia Araya Norambuena, directora regional de Fundaci\u00f3n Integra invit\u00f3 a la comunidad de Ays\u00e9n a participar de este proceso recalcando que \u201ctodos nuestros establecimientos son gratuitos y tenemos equipos educativos que est\u00e1n preparados y capacitados para entregar una educaci\u00f3n de calidad y acorde a las necesidades de cada ni\u00f1o o ni\u00f1a\u201d.<\/p>\n<p style=\"font-weight: 400; text-align: justify;\"><strong><u>Fechas Clave<\/u><\/strong><\/p>\n<p style=\"font-weight: 400; text-align: justify;\">La postulaci\u00f3n a las salas cuna y jardines infantiles Integra, para el a\u00f1o parvulario 2024, se extender\u00e1 hasta el 30 de noviembre a trav\u00e9s de\u00a0<a href=\"http:\/\/www.integra.cl\/\" data-saferedirecturl=\"https:\/\/www.google.com\/url?q=http:\/\/www.integra.cl&amp;source=gmail&amp;ust=1698241136247000&amp;usg=AOvVaw1DDVF8V_O2fgNa5HjPBlr4\">www.integra.cl<\/a>\u00a0y los resultados se dar\u00e1n a conocer el 20 de diciembre. A partir del 26 de diciembre, las familias a quienes se les asign\u00f3 un cupo deber\u00e1n realizar la matr\u00edcula de forma presencial en la sala cuna y jard\u00edn infantil correspondiente.<\/p>\n<p style=\"font-weight: 400; text-align: justify;\">Quienes requieran mayor informaci\u00f3n sobre el proceso de postulaci\u00f3n, pueden consultar en el sitio web\u00a0<a href=\"http:\/\/www.integra.cl\/\" data-saferedirecturl=\"https:\/\/www.google.com\/url?q=http:\/\/www.integra.cl&amp;source=gmail&amp;ust=1698241136247000&amp;usg=AOvVaw1DDVF8V_O2fgNa5HjPBlr4\">www.integra.cl<\/a>, al servicio de atenci\u00f3n telef\u00f3nica 800 540 011 o las redes sociales oficiales de la instituci\u00f3n.<\/p>\n<p style=\"font-weight: 400; text-align: justify;\">\u00bfA QU\u00c9 NIVEL DEBE ASISTIR MI HIJA O HIJO SEG\u00daN SU EDAD?<\/p>\n<ul style=\"text-align: justify;\">\n<li style=\"font-weight: 400;\">Sala Cuna Menor: 0 a 1 a\u00f1o.<\/li>\n<li style=\"font-weight: 400;\">Sala Cuna Mayor: 1 a 2 a\u00f1os (edad cumplida a marzo 2024, 1 a\u00f1o).<\/li>\n<li style=\"font-weight: 400;\">Nivel Medio Menor: 2 a 3 a\u00f1os (edad cumplida a marzo 2024, 2 a\u00f1os).<\/li>\n<li style=\"font-weight: 400;\">Nivel Medio Mayor: 3 a 4 a\u00f1os (edad cumplida a marzo 2024, 3 a\u00f1os).<\/li>\n<\/ul>\n<p style=\"font-weight: 400; text-align: justify;\">Desde Fundaci\u00f3n Integra recalcan que el 20 de diciembre se publicar\u00e1n los resultados de la postulaci\u00f3n online en\u00a0<a href=\"http:\/\/www.integra.cl\/\" data-saferedirecturl=\"https:\/\/www.google.com\/url?q=http:\/\/www.integra.cl&amp;source=gmail&amp;ust=1698241136247000&amp;usg=AOvVaw1DDVF8V_O2fgNa5HjPBlr4\">www.integra.cl<\/a>\u00a0En el caso de las postulaciones asistidas (realizadas de manera presencial) los resultados ser\u00e1n informados directamente por la directora del establecimiento.<\/p>\n<p style=\"font-weight: 400; text-align: justify;\">Con 33 a\u00f1os de experiencia y m\u00e1s de 1.200 salas cuna y jardines infantiles gratuitos en todo el pa\u00eds, Fundaci\u00f3n Integra trabaja para lograr el desarrollo integral, bienestar y aprendizajes significativos de ni\u00f1os y ni\u00f1as, poniendo a su disposici\u00f3n espacios educativos diversos, estimulantes y de calidad.<\/p>\n<\/div><\/section><\/div><div  style='height:50px' class='hr hr-invisible   avia-builder-el-6  el_after_av_one_full  el_before_av_social_share '><span class='hr-inner ' ><span class='hr-inner-style'><\/span><\/span><\/div><\/p>\n<div  class='av-social-sharing-box  avia-builder-el-7  el_after_av_hr  el_before_av_hr  '><div class='av-share-box'><h5 class='av-share-link-description av-no-toc '>Compartir esta noticia<\/h5><ul class='av-share-box-list noLightbox'><li class='av-share-link av-social-link-facebook' ><a target=\"_blank\" aria-label=\"Compartir en Facebook\" href='https:\/\/www.facebook.com\/sharer.php?u=https:\/\/radiorevelacionfm.cl\/?p=36227&#038;t=Comienza%20proceso%20de%20postulaci%C3%B3n%202024%20a%20jardines%20infantiles%20de%20Fundaci%C3%B3n%20Integra' aria-hidden='false' data-av_icon='\ue8f3' data-av_iconfont='entypo-fontello' title='' data-avia-related-tooltip='Compartir en Facebook' rel=\"noopener\"><span class='avia_hidden_link_text'>Compartir en Facebook<\/span><\/a><\/li><li class='av-share-link av-social-link-twitter' ><a target=\"_blank\" aria-label=\"Compartir en Twitter\" href='https:\/\/twitter.com\/share?text=Comienza%20proceso%20de%20postulaci%C3%B3n%202024%20a%20jardines%20infantiles%20de%20Fundaci%C3%B3n%20Integra&#038;url=https:\/\/radiorevelacionfm.cl\/?p=36227' aria-hidden='false' data-av_icon='\ue8f1' data-av_iconfont='entypo-fontello' title='' data-avia-related-tooltip='Compartir en Twitter' rel=\"noopener\"><span class='avia_hidden_link_text'>Compartir en Twitter<\/span><\/a><\/li><li class='av-share-link av-social-link-whatsapp' ><a target=\"_blank\" aria-label=\"Compartir en Whatsapp\" href='https:\/\/api.whatsapp.com\/send?text=https:\/\/radiorevelacionfm.cl\/?p=36227' aria-hidden='false' data-av_icon='\uf232' data-av_iconfont='entypo-fontello' title='' data-avia-related-tooltip='Compartir en Whatsapp' rel=\"noopener\"><span class='avia_hidden_link_text'>Compartir en Whatsapp<\/span><\/a><\/li><li class='av-share-link av-social-link-linkedin' ><a target=\"_blank\" aria-label=\"Compartir en LinkedIn\" href='https:\/\/linkedin.com\/shareArticle?mini=true&#038;title=Comienza%20proceso%20de%20postulaci%C3%B3n%202024%20a%20jardines%20infantiles%20de%20Fundaci%C3%B3n%20Integra&#038;url=https:\/\/radiorevelacionfm.cl\/?p=36227' aria-hidden='false' data-av_icon='\ue8fc' data-av_iconfont='entypo-fontello' title='' data-avia-related-tooltip='Compartir en LinkedIn' rel=\"noopener\"><span class='avia_hidden_link_text'>Compartir en LinkedIn<\/span><\/a><\/li><li class='av-share-link av-social-link-mail' ><a  aria-label=\"Compartir por correo\" href='mailto:?subject=Comienza%20proceso%20de%20postulaci%C3%B3n%202024%20a%20jardines%20infantiles%20de%20Fundaci%C3%B3n%20Integra&#038;body=https:\/\/radiorevelacionfm.cl\/?p=36227' aria-hidden='false' data-av_icon='\ue805' data-av_iconfont='entypo-fontello' title='' data-avia-related-tooltip='Compartir por correo'><span class='avia_hidden_link_text'>Compartir por correo<\/span><\/a><\/li><\/ul><\/div><\/div>\n<div  style='height:50px' class='hr hr-invisible   avia-builder-el-8  el_after_av_social_share  el_before_av_comments_list '><span class='hr-inner ' ><span class='hr-inner-style'><\/span><\/span><\/div>\n<div  class='av-buildercomment  av-blog-meta-html-info-disabled av-blog-meta-tag-disabled  '><\/div>\n","protected":false},"excerpt":{"rendered":"","protected":false},"author":1,"featured_media":36228,"comment_status":"open","ping_status":"open","sticky":false,"template":"","format":"standard","meta":{"footnotes":""},"categories":[49],"tags":[],"class_list":["post-36227","post","type-post","status-publish","format-standard","has-post-thumbnail","hentry","category-educacion"],"jetpack_featured_media_url":"https:\/\/radiorevelacionfm.cl\/wp-content\/uploads\/2023\/10\/3-74-1-2.jpg","_links":{"self":[{"href":"https:\/\/radiorevelacionfm.cl\/index.php?rest_route=\/wp\/v2\/posts\/36227","targetHints":{"allow":["GET"]}}],"collection":[{"href":"https:\/\/radiorevelacionfm.cl\/index.php?rest_route=\/wp\/v2\/posts"}],"about":[{"href":"https:\/\/radiorevelacionfm.cl\/index.php?rest_route=\/wp\/v2\/types\/post"}],"author":[{"embeddable":true,"href":"https:\/\/radiorevelacionfm.cl\/index.php?rest_route=\/wp\/v2\/users\/1"}],"replies":[{"embeddable":true,"href":"https:\/\/radiorevelacionfm.cl\/index.php?rest_route=%2Fwp%2Fv2%2Fcomments&post=36227"}],"version-history":[{"count":1,"href":"https:\/\/radiorevelacionfm.cl\/index.php?rest_route=\/wp\/v2\/posts\/36227\/revisions"}],"predecessor-version":[{"id":36229,"href":"https:\/\/radiorevelacionfm.cl\/index.php?rest_route=\/wp\/v2\/posts\/36227\/revisions\/36229"}],"wp:featuredmedia":[{"embeddable":true,"href":"https:\/\/radiorevelacionfm.cl\/index.php?rest_route=\/wp\/v2\/media\/36228"}],"wp:attachment":[{"href":"https:\/\/radiorevelacionfm.cl\/index.php?rest_route=%2Fwp%2Fv2%2Fmedia&parent=36227"}],"wp:term":[{"taxonomy":"category","embeddable":true,"href":"https:\/\/radiorevelacionfm.cl\/index.php?rest_route=%2Fwp%2Fv2%2Fcategories&post=36227"},{"taxonomy":"post_tag","embeddable":true,"href":"https:\/\/radiorevelacionfm.cl\/index.php?rest_route=%2Fwp%2Fv2%2Ftags&post=36227"}],"curies":[{"name":"wp","href":"https:\/\/api.w.org\/{rel}","templated":true}]}}