{"id":36224,"date":"2023-10-24T18:06:09","date_gmt":"2023-10-24T21:06:09","guid":{"rendered":"https:\/\/radiorevelacionfm.cl\/?p=36224"},"modified":"2023-10-24T18:06:09","modified_gmt":"2023-10-24T21:06:09","slug":"todos-y-todas-a-sumarse-al-doble-desafio-de-reciclaje-y-solidaridad-en-la-tarea-teleton-2023","status":"publish","type":"post","link":"https:\/\/radiorevelacionfm.cl\/?p=36224","title":{"rendered":"Todos y todas a sumarse al doble desaf\u00edo de reciclaje y solidaridad en la Tarea Telet\u00f3n 2023"},"content":{"rendered":"<div class=\"flex_column av_one_full  flex_column_div av-zero-column-padding first  avia-builder-el-0  el_before_av_one_full  avia-builder-el-first  \" style='border-radius:0px; '><div  class='avia-image-container  av-styling-    avia-builder-el-1  avia-builder-el-no-sibling  avia-align-center '  itemprop=\"image\" itemscope=\"itemscope\" itemtype=\"https:\/\/schema.org\/ImageObject\"  ><div class='avia-image-container-inner'><div class='avia-image-overlay-wrap'><img decoding=\"async\" class='wp-image-36225 avia-img-lazy-loading-not-36225 avia_image' src=\"https:\/\/radiorevelacionfm.cl\/wp-content\/uploads\/2023\/10\/20231024_141633964_ios-1-1_optimized-1.jpg\" alt='' title='20231024_141633964_ios-(1)-(1)_optimized (1)' height=\"600\" width=\"1067\"  itemprop=\"thumbnailUrl\" srcset=\"https:\/\/radiorevelacionfm.cl\/wp-content\/uploads\/2023\/10\/20231024_141633964_ios-1-1_optimized-1.jpg 1067w, https:\/\/radiorevelacionfm.cl\/wp-content\/uploads\/2023\/10\/20231024_141633964_ios-1-1_optimized-1-300x169.jpg 300w, https:\/\/radiorevelacionfm.cl\/wp-content\/uploads\/2023\/10\/20231024_141633964_ios-1-1_optimized-1-1030x579.jpg 1030w, https:\/\/radiorevelacionfm.cl\/wp-content\/uploads\/2023\/10\/20231024_141633964_ios-1-1_optimized-1-768x432.jpg 768w, https:\/\/radiorevelacionfm.cl\/wp-content\/uploads\/2023\/10\/20231024_141633964_ios-1-1_optimized-1-705x396.jpg 705w, https:\/\/radiorevelacionfm.cl\/wp-content\/uploads\/2023\/10\/20231024_141633964_ios-1-1_optimized-1-450x253.jpg 450w, https:\/\/radiorevelacionfm.cl\/wp-content\/uploads\/2023\/10\/20231024_141633964_ios-1-1_optimized-1-600x337.jpg 600w\" sizes=\"(max-width: 1067px) 100vw, 1067px\" \/><\/div><\/div><\/div><\/div><div class=\"flex_column av_one_full  flex_column_div av-zero-column-padding first  avia-builder-el-2  el_after_av_one_full  el_before_av_one_full  column-top-margin\" style='border-radius:0px; '><section class=\"av_textblock_section \"  itemscope=\"itemscope\" itemtype=\"https:\/\/schema.org\/BlogPosting\" itemprop=\"blogPost\" ><div class='avia_textblock  '   itemprop=\"text\" ><p style=\"text-align: center;\"><span style=\"font-size: 18pt;\"><strong>Todos y todas a sumarse al doble desaf\u00edo de <\/strong><strong>reciclaje y solidaridad en<\/strong><strong> la Tarea Telet\u00f3n 2023<\/strong><\/span><\/p>\n<div id=\"gtx-trans\" style=\"position: absolute; left: -50px; top: 4.31534px;\">\n<div class=\"gtx-trans-icon\"><\/div>\n<\/div>\n<\/div><\/section><\/div><div class=\"flex_column av_one_full  flex_column_div av-zero-column-padding first  avia-builder-el-4  el_after_av_one_full  el_before_av_hr  column-top-margin\" style='border-radius:0px; '><section class=\"av_textblock_section \"  itemscope=\"itemscope\" itemtype=\"https:\/\/schema.org\/BlogPosting\" itemprop=\"blogPost\" ><div class='avia_textblock  '   itemprop=\"text\" ><p style=\"text-align: justify;\"><em>Desde que se inici\u00f3 la iniciativa en 2015 se han logrado valorizar cerca de 400 toneladas de botellas pl\u00e1sticas.<\/em><\/p>\n<p style=\"text-align: justify;\">Las botellas pl\u00e1sticas pueden tener nuevas vidas. Ese es el mensaje de la tarea que impulsan, una vez m\u00e1s, Telet\u00f3n y el Ministerio del Medio Ambiente Bilz y Pap, junto al apoyo de 130 municipalidades -a lo largo de todo Chile- para incentivar el reciclaje y el compromiso con la nueva jornada de la Telet\u00f3n este 10 y 11 de noviembre.<\/p>\n<p style=\"text-align: justify;\">El lanzamiento de la tarea se realiz\u00f3 de manera conjunta en todos los institutos Telet\u00f3n.\u00a0 En la regi\u00f3n de Ays\u00e9n, que cuenta con 10 puntos de recolecci\u00f3n, se efectu\u00f3 con la participaci\u00f3n del Seremi del Medio Ambiente de la regi\u00f3n de Ays\u00e9n, Yoal D\u00edaz; el jefe administrativo del Instituto Telet\u00f3n Ays\u00e9n Marcelo Fari\u00f1a y el jefe de Ventas CCU Ays\u00e9n, Alex Mancilla.<\/p>\n<p style=\"text-align: justify;\">\u201cPor m\u00e1s de 45 a\u00f1os acompa\u00f1amos a Telet\u00f3n y esta es la octava versi\u00f3n de esta campa\u00f1a reciclando en modo Bilz y Pap, donde ni\u00f1as y ni\u00f1os son los principales precursores que nos motivan a reciclar todo este material PET para transformarlos en engrosadores y otros utensilios\u201d, detall\u00f3 el jefe de ventas de Comercial CCU Ays\u00e9n.<\/p>\n<p style=\"text-align: justify;\">Efectivamente, las botellas PET recicladas ser\u00e1n convertidas en envases de alimentaci\u00f3n, clamshell y adicionalmente Bilz y Pap junto a Qactus, startup, que trabaja por la Econom\u00eda Circular de los pl\u00e1sticos a trav\u00e9s de la tecnolog\u00eda de impresi\u00f3n 3D, les regalar\u00e1 a\u00a0los ni\u00f1os de la Telet\u00f3n un expansor de la imaginaci\u00f3n, que ayudar\u00e1 a los ni\u00f1os de la Telet\u00f3n a tomar de mejor manera l\u00e1pices, pinceles, cepillos de dientes y cubiertos de comida.<\/p>\n<p style=\"text-align: justify;\">Por su parte el Seremi del Medio Ambiente de la regi\u00f3n de Ays\u00e9n, expres\u00f3 que \u00abestamos una vez m\u00e1s junto a Telet\u00f3n, sum\u00e1ndonos a la tarea Familias Reciclando en #ModoBilzYPap. Como Ministerio apoyamos esta iniciativa sustentable, que junto con apoyar la magna tarea que hace la Telet\u00f3n en nuestro pa\u00eds, nos ayuda a promover buenas pr\u00e1cticas ambientales y fomentar el reciclaje y la econom\u00eda circular. As\u00ed que invitamos a nuestros vecinos y vecinas a acercarse a uno de los 10 puntos disponibles en las comunas de Coyhaique, Ays\u00e9n, Lago Verde, R\u00edo Ib\u00e1\u00f1ez y Cochrane.\u00bb<\/p>\n<p style=\"text-align: justify;\">En tanto, Marcelo Fari\u00f1a del Instituto Telet\u00f3n Ays\u00e9n, destac\u00f3 la actividad que permite se visibilizar la proximidad de la campa\u00f1a, a poco de iniciar la cuenta regresiva \u201cinvitamos a las familias a sumarse a la campa\u00f1a de reciclaje, pero tambi\u00e9n a prepararse para nuestra gran campa\u00f1a programada para este 10 y 11 de noviembre, esperamos se sumen, y que hagan sus aportes para que Telet\u00f3n contin\u00fae entregando atenciones de calidad a las familias de Ays\u00e9n que requieren rehabilitaci\u00f3n\u201d<\/p>\n<p style=\"text-align: justify;\">La tarea de reciclaje, que estar\u00e1 activa desde el 24 de octubre al 11 de noviembre, cuenta con 10 puntos de acopio en la regi\u00f3n de Ays\u00e9n, considerando dos en la capital regional ubicados en instituto Telet\u00f3n y Paseo Horn, para encontrar los puntos dispuestos en los municipios que voluntariamente se sumaron a la tarea, las familias pueden revisar la secci\u00f3n especial en la p\u00e1gina <a href=\"http:\/\/www.bilzypap.cl\">www.bilzypap.cl<\/a><\/p>\n<p style=\"text-align: justify;\">Las autoridades reiteraron el llamado a colaborar, reciclando todas las botellas pl\u00e1sticas PET que deseen, sin importar su marca y formato, resguardando que vayan sin tapa, limpias y sin etiquetas.<\/p>\n<\/div><\/section><\/div><div  style='height:50px' class='hr hr-invisible   avia-builder-el-6  el_after_av_one_full  el_before_av_social_share '><span class='hr-inner ' ><span class='hr-inner-style'><\/span><\/span><\/div><\/p>\n<div  class='av-social-sharing-box  avia-builder-el-7  el_after_av_hr  el_before_av_hr  '><div class='av-share-box'><h5 class='av-share-link-description av-no-toc '>Compartir esta noticia<\/h5><ul class='av-share-box-list noLightbox'><li class='av-share-link av-social-link-facebook' ><a target=\"_blank\" aria-label=\"Compartir en Facebook\" href='https:\/\/www.facebook.com\/sharer.php?u=https:\/\/radiorevelacionfm.cl\/?p=36224&#038;t=Todos%20y%20todas%20a%20sumarse%20al%20doble%20desaf%C3%ADo%20de%20reciclaje%20y%20solidaridad%20en%20la%20Tarea%20Telet%C3%B3n%202023' aria-hidden='false' data-av_icon='\ue8f3' data-av_iconfont='entypo-fontello' title='' data-avia-related-tooltip='Compartir en Facebook' rel=\"noopener\"><span class='avia_hidden_link_text'>Compartir en Facebook<\/span><\/a><\/li><li class='av-share-link av-social-link-twitter' ><a target=\"_blank\" aria-label=\"Compartir en Twitter\" href='https:\/\/twitter.com\/share?text=Todos%20y%20todas%20a%20sumarse%20al%20doble%20desaf%C3%ADo%20de%20reciclaje%20y%20solidaridad%20en%20la%20Tarea%20Telet%C3%B3n%202023&#038;url=https:\/\/radiorevelacionfm.cl\/?p=36224' aria-hidden='false' data-av_icon='\ue8f1' data-av_iconfont='entypo-fontello' title='' data-avia-related-tooltip='Compartir en Twitter' rel=\"noopener\"><span class='avia_hidden_link_text'>Compartir en Twitter<\/span><\/a><\/li><li class='av-share-link av-social-link-whatsapp' ><a target=\"_blank\" aria-label=\"Compartir en Whatsapp\" href='https:\/\/api.whatsapp.com\/send?text=https:\/\/radiorevelacionfm.cl\/?p=36224' aria-hidden='false' data-av_icon='\uf232' data-av_iconfont='entypo-fontello' title='' data-avia-related-tooltip='Compartir en Whatsapp' rel=\"noopener\"><span class='avia_hidden_link_text'>Compartir en Whatsapp<\/span><\/a><\/li><li class='av-share-link av-social-link-linkedin' ><a target=\"_blank\" aria-label=\"Compartir en LinkedIn\" href='https:\/\/linkedin.com\/shareArticle?mini=true&#038;title=Todos%20y%20todas%20a%20sumarse%20al%20doble%20desaf%C3%ADo%20de%20reciclaje%20y%20solidaridad%20en%20la%20Tarea%20Telet%C3%B3n%202023&#038;url=https:\/\/radiorevelacionfm.cl\/?p=36224' aria-hidden='false' data-av_icon='\ue8fc' data-av_iconfont='entypo-fontello' title='' data-avia-related-tooltip='Compartir en LinkedIn' rel=\"noopener\"><span class='avia_hidden_link_text'>Compartir en LinkedIn<\/span><\/a><\/li><li class='av-share-link av-social-link-mail' ><a  aria-label=\"Compartir por correo\" href='mailto:?subject=Todos%20y%20todas%20a%20sumarse%20al%20doble%20desaf%C3%ADo%20de%20reciclaje%20y%20solidaridad%20en%20la%20Tarea%20Telet%C3%B3n%202023&#038;body=https:\/\/radiorevelacionfm.cl\/?p=36224' aria-hidden='false' data-av_icon='\ue805' data-av_iconfont='entypo-fontello' title='' data-avia-related-tooltip='Compartir por correo'><span class='avia_hidden_link_text'>Compartir por correo<\/span><\/a><\/li><\/ul><\/div><\/div>\n<div  style='height:50px' class='hr hr-invisible   avia-builder-el-8  el_after_av_social_share  el_before_av_comments_list '><span class='hr-inner ' ><span class='hr-inner-style'><\/span><\/span><\/div>\n<div  class='av-buildercomment  av-blog-meta-html-info-disabled av-blog-meta-tag-disabled  '><\/div>\n","protected":false},"excerpt":{"rendered":"","protected":false},"author":1,"featured_media":36225,"comment_status":"open","ping_status":"open","sticky":false,"template":"","format":"standard","meta":{"footnotes":""},"categories":[38],"tags":[],"class_list":["post-36224","post","type-post","status-publish","format-standard","has-post-thumbnail","hentry","category-regional"],"jetpack_featured_media_url":"https:\/\/radiorevelacionfm.cl\/wp-content\/uploads\/2023\/10\/20231024_141633964_ios-1-1_optimized-1.jpg","_links":{"self":[{"href":"https:\/\/radiorevelacionfm.cl\/index.php?rest_route=\/wp\/v2\/posts\/36224","targetHints":{"allow":["GET"]}}],"collection":[{"href":"https:\/\/radiorevelacionfm.cl\/index.php?rest_route=\/wp\/v2\/posts"}],"about":[{"href":"https:\/\/radiorevelacionfm.cl\/index.php?rest_route=\/wp\/v2\/types\/post"}],"author":[{"embeddable":true,"href":"https:\/\/radiorevelacionfm.cl\/index.php?rest_route=\/wp\/v2\/users\/1"}],"replies":[{"embeddable":true,"href":"https:\/\/radiorevelacionfm.cl\/index.php?rest_route=%2Fwp%2Fv2%2Fcomments&post=36224"}],"version-history":[{"count":1,"href":"https:\/\/radiorevelacionfm.cl\/index.php?rest_route=\/wp\/v2\/posts\/36224\/revisions"}],"predecessor-version":[{"id":36226,"href":"https:\/\/radiorevelacionfm.cl\/index.php?rest_route=\/wp\/v2\/posts\/36224\/revisions\/36226"}],"wp:featuredmedia":[{"embeddable":true,"href":"https:\/\/radiorevelacionfm.cl\/index.php?rest_route=\/wp\/v2\/media\/36225"}],"wp:attachment":[{"href":"https:\/\/radiorevelacionfm.cl\/index.php?rest_route=%2Fwp%2Fv2%2Fmedia&parent=36224"}],"wp:term":[{"taxonomy":"category","embeddable":true,"href":"https:\/\/radiorevelacionfm.cl\/index.php?rest_route=%2Fwp%2Fv2%2Fcategories&post=36224"},{"taxonomy":"post_tag","embeddable":true,"href":"https:\/\/radiorevelacionfm.cl\/index.php?rest_route=%2Fwp%2Fv2%2Ftags&post=36224"}],"curies":[{"name":"wp","href":"https:\/\/api.w.org\/{rel}","templated":true}]}}