{"id":36221,"date":"2023-10-24T21:45:12","date_gmt":"2023-10-25T00:45:12","guid":{"rendered":"https:\/\/radiorevelacionfm.cl\/?p=36221"},"modified":"2023-10-24T21:45:12","modified_gmt":"2023-10-25T00:45:12","slug":"corte-de-apelaciones-cumple-36-anos-administrando-justicia-en-aysen","status":"publish","type":"post","link":"https:\/\/radiorevelacionfm.cl\/?p=36221","title":{"rendered":"Corte de Apelaciones cumple 36 a\u00f1os administrando justicia en Ays\u00e9n"},"content":{"rendered":"<div class=\"flex_column av_one_full  flex_column_div av-zero-column-padding first  avia-builder-el-0  el_before_av_one_full  avia-builder-el-first  \" style='border-radius:0px; '><div  class='avia-image-container  av-styling-    avia-builder-el-1  avia-builder-el-no-sibling  avia-align-center '  itemprop=\"image\" itemscope=\"itemscope\" itemtype=\"https:\/\/schema.org\/ImageObject\"  ><div class='avia-image-container-inner'><div class='avia-image-overlay-wrap'><img decoding=\"async\" class='wp-image-36222 avia-img-lazy-loading-not-36222 avia_image' src=\"https:\/\/radiorevelacionfm.cl\/wp-content\/uploads\/2023\/10\/pleno-2023-1-1_optimized-1.jpg\" alt='' title='pleno-2023-(1)-(1)_optimized (1)' height=\"600\" width=\"1333\"  itemprop=\"thumbnailUrl\" srcset=\"https:\/\/radiorevelacionfm.cl\/wp-content\/uploads\/2023\/10\/pleno-2023-1-1_optimized-1.jpg 1333w, https:\/\/radiorevelacionfm.cl\/wp-content\/uploads\/2023\/10\/pleno-2023-1-1_optimized-1-300x135.jpg 300w, https:\/\/radiorevelacionfm.cl\/wp-content\/uploads\/2023\/10\/pleno-2023-1-1_optimized-1-1030x464.jpg 1030w, https:\/\/radiorevelacionfm.cl\/wp-content\/uploads\/2023\/10\/pleno-2023-1-1_optimized-1-768x346.jpg 768w, https:\/\/radiorevelacionfm.cl\/wp-content\/uploads\/2023\/10\/pleno-2023-1-1_optimized-1-705x317.jpg 705w, https:\/\/radiorevelacionfm.cl\/wp-content\/uploads\/2023\/10\/pleno-2023-1-1_optimized-1-450x203.jpg 450w, https:\/\/radiorevelacionfm.cl\/wp-content\/uploads\/2023\/10\/pleno-2023-1-1_optimized-1-600x270.jpg 600w\" sizes=\"(max-width: 1333px) 100vw, 1333px\" \/><\/div><\/div><\/div><\/div><div class=\"flex_column av_one_full  flex_column_div av-zero-column-padding first  avia-builder-el-2  el_after_av_one_full  el_before_av_one_full  column-top-margin\" style='border-radius:0px; '><section class=\"av_textblock_section \"  itemscope=\"itemscope\" itemtype=\"https:\/\/schema.org\/BlogPosting\" itemprop=\"blogPost\" ><div class='avia_textblock  '   itemprop=\"text\" ><p style=\"text-align: center;\"><span style=\"font-size: 18pt;\"><b>Corte de Apelaciones cumple 36 a\u00f1os administrando justicia en Ays\u00e9n<\/b><\/span><\/p>\n<div id=\"gtx-trans\" style=\"position: absolute; left: -50px; top: 4.31534px;\">\n<div class=\"gtx-trans-icon\"><\/div>\n<\/div>\n<\/div><\/section><\/div><div class=\"flex_column av_one_full  flex_column_div av-zero-column-padding first  avia-builder-el-4  el_after_av_one_full  el_before_av_hr  column-top-margin\" style='border-radius:0px; '><section class=\"av_textblock_section \"  itemscope=\"itemscope\" itemtype=\"https:\/\/schema.org\/BlogPosting\" itemprop=\"blogPost\" ><div class='avia_textblock  '   itemprop=\"text\" ><p class=\"v1MsoNormal\" style=\"text-align: justify;\">El pasado domingo 22 de octubre, la Corte de Apelaciones de Coyhaique cumpli\u00f3 36 a\u00f1os administrando justicia en la regi\u00f3n de Ays\u00e9n. Esto gracias a la constituci\u00f3n del primer pleno de ministros, que fue integrado por su presidente, Hugo Andr\u00e9s Bustos P\u00e9rez; Sergio Fernando Mora Vallejos, Manuel Agust\u00edn Barr\u00eda Subiabre y Mario Julio Kompatzki Contreras.<\/p>\n<p class=\"v1MsoNormal\" style=\"text-align: justify;\">En este contexto, el presidente de la Corte de Apelaciones, ministro Jos\u00e9 Ignacio Mora Trujillo, valor\u00f3 el trabajo realizado durante estos a\u00f1os y los importantes avances que ha tenido la administraci\u00f3n de justicia, tanto en materia jurisdiccional como en el trabajo colaborativo e interinstitucional que se ha dado en los \u00faltimos a\u00f1os.<\/p>\n<p class=\"v1MsoNormal\" style=\"text-align: justify;\">\u00abHasta antes de 1987 las personas que ten\u00edan problem\u00e1ticas jur\u00eddicas en nuestra regi\u00f3n deb\u00edan viajar hasta Punta Arenas o Puerto Montt, para conocer de sus causas. Obviamente que desde esa fecha en adelante todo ha cambiado, han habido importantes avances en todos los \u00e1mbitos de la administraci\u00f3n de justicia, desde el desarrollo de m\u00e1s capital humano hasta la utilizaci\u00f3n de tecnolog\u00edas que han permitido acercar la justicia a las comunidades\u00bb, sostuvo el ministro Mora Trujillo.<\/p>\n<p class=\"v1MsoNormal\" style=\"text-align: justify;\">A\u00f1adi\u00f3 que \u00abadem\u00e1s de nuestra principal labor la cual es administrar justicia, hemos hecho importantes esfuerzos para trabajar en conjunto con todos los actores del sistema de justicia, tanto en tem\u00e1ticas penales, laborales, civiles como de familia y eso nos tiene alertas, a que ante cualquier situaci\u00f3n, ya existen los canales o las metodolog\u00edas para responder de la manera m\u00e1s eficiente posible\u00bb.<\/p>\n<p class=\"v1MsoNormal\" style=\"text-align: justify;\">\u00abEn esta fecha tan importante para nosotros como miembros del Poder Judicial, debemos agradecer el trabajo que se realiza en nuestra jurisdicci\u00f3n, tanto de nuestros jueces como de todos los funcionarios que cumplen labores en los 10 tribunales que existen. Asimismo, agradecer el compromiso de nuestros funcionarios de la Corporaci\u00f3n Administrativa Zonal, que gracias a su planificaci\u00f3n y gesti\u00f3n nos permiten contar con todos los elementos necesarios para cumplir con nuestra funci\u00f3n. Finalmente, este es un trabajo en equipo, que necesita de todos para poder estar al servicio de las personas\u00bb, indic\u00f3 el presidente del tribunal de alzada.<\/p>\n<p class=\"v1MsoNormal\" style=\"text-align: justify;\"><b>Trabajo jurisdiccional<\/b><\/p>\n<p class=\"v1MsoNormal\" style=\"text-align: justify;\">Respecto a la labor jurisdiccional del tribunal de alzada, el ministro inform\u00f3 que al 30 de septiembre de 2023 la Corte de Apelaciones de Coyhaique registr\u00f3 un ingreso equivalente a 1660 recursos, de los cuales el 39 % corresponden a Asuntos Administrativos, el 19 % a Acciones de Protecci\u00f3n \u2013los que a su vez se subdividen en un 38 a % Isapre Adecuaci\u00f3n y un 62% Protecci\u00f3n Civil- un 16% a Recursos Penales, un 11% a Recursos Civiles y el 15% restantes a otras materias como Laboral, Familia, Amparos, Polic\u00eda Local y Tributarias.<\/p>\n<p class=\"v1MsoNormal\" style=\"text-align: justify;\">Respecto a las causas terminadas en lo que va del 2023, el tribunal de alzada dio t\u00e9rmino a 1838 recursos, se resolvieron 9262 escritos, y se encuentra con un inventario de causas en tramitaci\u00f3n de 233 recursos, con un promedio de tramitaci\u00f3n en general de 43 d\u00edas.<\/p>\n<p class=\"v1MsoNormal\" style=\"text-align: justify;\"><b>Centro de Observaci\u00f3n y Control del Cumplimiento de Medidas de Protecci\u00f3n<\/b><\/p>\n<p class=\"v1MsoNormal\" style=\"text-align: justify;\">El Centro de Observaci\u00f3n y Control de Cumplimiento de Medidas de Protecci\u00f3n (COCCMP), dependiente de esta Corte de Apelaciones, durante el presente a\u00f1o, ha relevado el trabajo de la mesa t\u00e9cnica interinstitucional como instancia de coordinaci\u00f3n oficial, reuniones celebradas bimestralmente, convocadas por la ministra Encargada de Asuntos Familia, Natalia Rencoret, y que en este periodo ha sumado la presencia del presidente del tribunal de alzada para el desarrollo de tem\u00e1ticas\u00a0 tales como: Prestaciones y flujos de atenci\u00f3n en salud general y salud mental\u00a0 en el contexto del acuerdo operativo vigente con el sector Salud; Instauraci\u00f3n de Oficinas Locales de la Ni\u00f1ez (OLN) a nivel regional; implementaci\u00f3n de Diagn\u00f3stico Cl\u00ednico Especializado (DCE) a partir del 01\/12\/2023 en el territorio, entre otros temas y modificaciones en la oferta Program\u00e1tica de la regi\u00f3n de Ays\u00e9n.<\/p>\n<p class=\"v1MsoNormal\" style=\"text-align: justify;\">Al respecto, el ministro Mora\u00a0 indic\u00f3 que \u00abcon la intenci\u00f3n de profundizar en sus tem\u00e1ticas y estar disponible a los requerimientos que surgen en el trabajo interinstitucional, resaltando adem\u00e1s que los Tribunales de Justicia son parte de sistema de Garant\u00edas y Protecci\u00f3n\u00a0 Integral, por lo que se hace necesario mantener el trabajo encaminado hacia la protecci\u00f3n, promoci\u00f3n, prevenci\u00f3n y reparaci\u00f3n de los derechos de ni\u00f1os, ni\u00f1as y adolescentes\u00bb.<\/p>\n<p class=\"v1MsoNormal\" style=\"text-align: justify;\">Agreg\u00f3 que: \u00abal 29 de septiembre nuestra jurisdicci\u00f3n registraba un total de 1267 medidas de protecci\u00f3n decretadas por los tribunales de familia en las que se dispuso alguna derivaci\u00f3n. Estas a su vez se desglosan en 205 medidas de protecci\u00f3n (causas P) y 1062 causas de cumplimiento de medidas de protecci\u00f3n (causas X). De ese total un 95,9% corresponde a derivaciones a intervenci\u00f3n ambulatoria, un 2,6% a medidas de protecci\u00f3n con ingreso a la modalidad de intervenci\u00f3n familias de acogida (FAE) y un 1,5% a ingresos residenciales\u00bb.<\/p>\n<p class=\"v1MsoNormal\" style=\"text-align: justify;\"><b>Unidad de Liquidaciones Especializadas<\/b><\/p>\n<p class=\"v1MsoNormal\" style=\"text-align: justify;\">Dentro de los avances en este a\u00f1o 2023, est\u00e1 la creaci\u00f3n de la Unidad de Liquidaciones Especializada de Coyhaique (ULE Coyhaique), que inicia sus funciones a contar del 1 de julio de 2023 y est\u00e1 dirigida por el Departamento de Desarrollo Institucional de la Corporaci\u00f3n Administrativa del Poder Judicial. Esta unidad est\u00e1 conformada por 4 integrantes: una supervisora, un administrativo abogado,\u00a0 y dos administrativos contables.<\/p>\n<p class=\"v1MsoNormal\" style=\"text-align: justify;\">Esta unidad presta funciones para los 5 tribunales de la Jurisdicci\u00f3n con competencia en familia (Juzgado de Familia de Coyhaique, Juzgado de Letras y Garant\u00eda de Puerto Ays\u00e9n, Juzgado de Letras y Garant\u00eda de Chile Chico, Juzgado de Letras y Garant\u00eda de Puerto Cisnes y Juzgado de Garant\u00eda de Cochrane), en cuanto a: realizar c\u00e1lculos respecto de los montos adeudados por concepto de pensi\u00f3n de alimentos; proyectos de resoluci\u00f3n respecto de la notificaci\u00f3n de estas liquidaciones, y apoyo en materias como acuerdos de pago, conversi\u00f3n y poblamiento para la automatizaci\u00f3n de las causas en el sistema SITFA.<\/p>\n<p class=\"v1MsoNormal\" style=\"text-align: justify;\">A la fecha, esta unidad ha realizado 3.479 Liquidaciones en el Juzgado de Familia de Coyhaique; 1.384 liquidaciones en el Juzgado de Letras y Garant\u00eda de Puerto Ays\u00e9n; 159 liquidaciones en el Juzgado de Letras y Garant\u00eda de Cochrane; 152 Liquidaciones en el Juzgado de Letras y Garant\u00eda de Puerto Cisnes y 418 Liquidaciones en el Juzgado de Letras y Garant\u00eda de Chile Chico, sumando a la fecha la cantidad de 5592 liquidaciones realizadas.<\/p>\n<p class=\"v1MsoNormal\" style=\"text-align: justify;\">Esta unidad, a contar del 1 de enero de 2024 pasar\u00e1 a depender de la Corte de Apelaciones de Coyhaique.<\/p>\n<p class=\"v1MsoNormal\" style=\"text-align: justify;\"><b>Vinculaci\u00f3n<\/b><\/p>\n<p class=\"v1MsoNormal\" style=\"text-align: justify;\">El Poder Judicial en la jurisdicci\u00f3n ha puesto un gran \u00e9nfasis en los \u00faltimos a\u00f1os para convocar a las comunidades y generar una mayor cercan\u00eda con este poder del Estado. En este sentido, el ministro Mora Trujillo destac\u00f3 las diversas iniciativas que han permitido que adultos y ni\u00f1os puedan visitar la Corte de Coyhaique, as\u00ed como tambi\u00e9n una serie charlas y conversatorios sobre temas de actualidad jur\u00eddica.<\/p>\n<p class=\"v1MsoNormal\" style=\"text-align: justify;\">Entre las iniciativas del presente a\u00f1o est\u00e1n las visitas guiadas de los establecimientos educacionales Francisco Xavier Buti\u00f1\u00e1 y Escuela Altarmira; asimismo, el recorrido efectuado por la agrupaci\u00f3n de voluntarias del sector salud.<\/p>\n<p class=\"v1MsoNormal\" style=\"text-align: justify;\">Respecto a tem\u00e1ticas culturales durante el 2023, han sido dos las exposiciones que se han ofrecido a la comunidad: \u00abMiradas de Pandemia, Historias de Migrantes en Patagonia\u00bb y \u00abGentileza Art\u00edstica III\u00bb.<\/p>\n<p class=\"v1MsoNormal\" style=\"text-align: justify;\">Sobre charlas y conversatorios la Corte de Apelaciones ha realizado una serie de iniciativas como: una jornada de capacitaci\u00f3n sobre el uso de lenguaje sencillo y su rol en el acceso de la justicia del ciudadano; asimismo, un conversatorio sobre conocimientos sobre la nueva normativa del trastorno del espectro autista, y un conversatorio sobre los alcances de la Ley de Monitoreo Telem\u00e1tico.<\/p>\n<\/div><\/section><\/div><div  style='height:50px' class='hr hr-invisible   avia-builder-el-6  el_after_av_one_full  el_before_av_social_share '><span class='hr-inner ' ><span class='hr-inner-style'><\/span><\/span><\/div><\/p>\n<div  class='av-social-sharing-box  avia-builder-el-7  el_after_av_hr  el_before_av_hr  '><div class='av-share-box'><h5 class='av-share-link-description av-no-toc '>Compartir esta noticia<\/h5><ul class='av-share-box-list noLightbox'><li class='av-share-link av-social-link-facebook' ><a target=\"_blank\" aria-label=\"Compartir en Facebook\" href='https:\/\/www.facebook.com\/sharer.php?u=https:\/\/radiorevelacionfm.cl\/?p=36221&#038;t=Corte%20de%20Apelaciones%20cumple%2036%20a%C3%B1os%20administrando%20justicia%20en%20Ays%C3%A9n' aria-hidden='false' data-av_icon='\ue8f3' data-av_iconfont='entypo-fontello' title='' data-avia-related-tooltip='Compartir en Facebook' rel=\"noopener\"><span class='avia_hidden_link_text'>Compartir en Facebook<\/span><\/a><\/li><li class='av-share-link av-social-link-twitter' ><a target=\"_blank\" aria-label=\"Compartir en Twitter\" href='https:\/\/twitter.com\/share?text=Corte%20de%20Apelaciones%20cumple%2036%20a%C3%B1os%20administrando%20justicia%20en%20Ays%C3%A9n&#038;url=https:\/\/radiorevelacionfm.cl\/?p=36221' aria-hidden='false' data-av_icon='\ue8f1' data-av_iconfont='entypo-fontello' title='' data-avia-related-tooltip='Compartir en Twitter' rel=\"noopener\"><span class='avia_hidden_link_text'>Compartir en Twitter<\/span><\/a><\/li><li class='av-share-link av-social-link-whatsapp' ><a target=\"_blank\" aria-label=\"Compartir en Whatsapp\" href='https:\/\/api.whatsapp.com\/send?text=https:\/\/radiorevelacionfm.cl\/?p=36221' aria-hidden='false' data-av_icon='\uf232' data-av_iconfont='entypo-fontello' title='' data-avia-related-tooltip='Compartir en Whatsapp' rel=\"noopener\"><span class='avia_hidden_link_text'>Compartir en Whatsapp<\/span><\/a><\/li><li class='av-share-link av-social-link-linkedin' ><a target=\"_blank\" aria-label=\"Compartir en LinkedIn\" href='https:\/\/linkedin.com\/shareArticle?mini=true&#038;title=Corte%20de%20Apelaciones%20cumple%2036%20a%C3%B1os%20administrando%20justicia%20en%20Ays%C3%A9n&#038;url=https:\/\/radiorevelacionfm.cl\/?p=36221' aria-hidden='false' data-av_icon='\ue8fc' data-av_iconfont='entypo-fontello' title='' data-avia-related-tooltip='Compartir en LinkedIn' rel=\"noopener\"><span class='avia_hidden_link_text'>Compartir en LinkedIn<\/span><\/a><\/li><li class='av-share-link av-social-link-mail' ><a  aria-label=\"Compartir por correo\" href='mailto:?subject=Corte%20de%20Apelaciones%20cumple%2036%20a%C3%B1os%20administrando%20justicia%20en%20Ays%C3%A9n&#038;body=https:\/\/radiorevelacionfm.cl\/?p=36221' aria-hidden='false' data-av_icon='\ue805' data-av_iconfont='entypo-fontello' title='' data-avia-related-tooltip='Compartir por correo'><span class='avia_hidden_link_text'>Compartir por correo<\/span><\/a><\/li><\/ul><\/div><\/div>\n<div  style='height:50px' class='hr hr-invisible   avia-builder-el-8  el_after_av_social_share  el_before_av_comments_list '><span class='hr-inner ' ><span class='hr-inner-style'><\/span><\/span><\/div>\n<div  class='av-buildercomment  av-blog-meta-html-info-disabled av-blog-meta-tag-disabled  '><\/div>\n","protected":false},"excerpt":{"rendered":"","protected":false},"author":1,"featured_media":36222,"comment_status":"open","ping_status":"open","sticky":false,"template":"","format":"standard","meta":{"footnotes":""},"categories":[55],"tags":[],"class_list":["post-36221","post","type-post","status-publish","format-standard","has-post-thumbnail","hentry","category-justicia"],"jetpack_featured_media_url":"https:\/\/radiorevelacionfm.cl\/wp-content\/uploads\/2023\/10\/pleno-2023-1-1_optimized-1.jpg","_links":{"self":[{"href":"https:\/\/radiorevelacionfm.cl\/index.php?rest_route=\/wp\/v2\/posts\/36221","targetHints":{"allow":["GET"]}}],"collection":[{"href":"https:\/\/radiorevelacionfm.cl\/index.php?rest_route=\/wp\/v2\/posts"}],"about":[{"href":"https:\/\/radiorevelacionfm.cl\/index.php?rest_route=\/wp\/v2\/types\/post"}],"author":[{"embeddable":true,"href":"https:\/\/radiorevelacionfm.cl\/index.php?rest_route=\/wp\/v2\/users\/1"}],"replies":[{"embeddable":true,"href":"https:\/\/radiorevelacionfm.cl\/index.php?rest_route=%2Fwp%2Fv2%2Fcomments&post=36221"}],"version-history":[{"count":1,"href":"https:\/\/radiorevelacionfm.cl\/index.php?rest_route=\/wp\/v2\/posts\/36221\/revisions"}],"predecessor-version":[{"id":36223,"href":"https:\/\/radiorevelacionfm.cl\/index.php?rest_route=\/wp\/v2\/posts\/36221\/revisions\/36223"}],"wp:featuredmedia":[{"embeddable":true,"href":"https:\/\/radiorevelacionfm.cl\/index.php?rest_route=\/wp\/v2\/media\/36222"}],"wp:attachment":[{"href":"https:\/\/radiorevelacionfm.cl\/index.php?rest_route=%2Fwp%2Fv2%2Fmedia&parent=36221"}],"wp:term":[{"taxonomy":"category","embeddable":true,"href":"https:\/\/radiorevelacionfm.cl\/index.php?rest_route=%2Fwp%2Fv2%2Fcategories&post=36221"},{"taxonomy":"post_tag","embeddable":true,"href":"https:\/\/radiorevelacionfm.cl\/index.php?rest_route=%2Fwp%2Fv2%2Ftags&post=36221"}],"curies":[{"name":"wp","href":"https:\/\/api.w.org\/{rel}","templated":true}]}}