{"id":36218,"date":"2023-10-25T09:57:42","date_gmt":"2023-10-25T12:57:42","guid":{"rendered":"https:\/\/radiorevelacionfm.cl\/?p=36218"},"modified":"2023-10-25T09:57:42","modified_gmt":"2023-10-25T12:57:42","slug":"corfo-da-inicio-al-proceso-de-creacion-del-comite-de-desarrollo-productivo-en-aysen","status":"publish","type":"post","link":"https:\/\/radiorevelacionfm.cl\/?p=36218","title":{"rendered":"Corfo da inicio al proceso de creaci\u00f3n del Comit\u00e9 de Desarrollo Productivo en Ays\u00e9n"},"content":{"rendered":"<div class=\"flex_column av_one_full  flex_column_div av-zero-column-padding first  avia-builder-el-0  el_before_av_one_full  avia-builder-el-first  \" style='border-radius:0px; '><div  class='avia-image-container  av-styling-    avia-builder-el-1  avia-builder-el-no-sibling  avia-align-center '  itemprop=\"image\" itemscope=\"itemscope\" itemtype=\"https:\/\/schema.org\/ImageObject\"  ><div class='avia-image-container-inner'><div class='avia-image-overlay-wrap'><img decoding=\"async\" class='wp-image-36219 avia-img-lazy-loading-not-36219 avia_image' src=\"https:\/\/radiorevelacionfm.cl\/wp-content\/uploads\/2023\/10\/01-reunion-gobernadora-1_optimized.jpg\" alt='' title='01-reuni\u00f3n-gobernadora-(1)_optimized' height=\"600\" width=\"1066\"  itemprop=\"thumbnailUrl\" srcset=\"https:\/\/radiorevelacionfm.cl\/wp-content\/uploads\/2023\/10\/01-reunion-gobernadora-1_optimized.jpg 1066w, https:\/\/radiorevelacionfm.cl\/wp-content\/uploads\/2023\/10\/01-reunion-gobernadora-1_optimized-300x169.jpg 300w, https:\/\/radiorevelacionfm.cl\/wp-content\/uploads\/2023\/10\/01-reunion-gobernadora-1_optimized-1030x580.jpg 1030w, https:\/\/radiorevelacionfm.cl\/wp-content\/uploads\/2023\/10\/01-reunion-gobernadora-1_optimized-768x432.jpg 768w, https:\/\/radiorevelacionfm.cl\/wp-content\/uploads\/2023\/10\/01-reunion-gobernadora-1_optimized-705x397.jpg 705w, https:\/\/radiorevelacionfm.cl\/wp-content\/uploads\/2023\/10\/01-reunion-gobernadora-1_optimized-450x253.jpg 450w, https:\/\/radiorevelacionfm.cl\/wp-content\/uploads\/2023\/10\/01-reunion-gobernadora-1_optimized-600x338.jpg 600w\" sizes=\"(max-width: 1066px) 100vw, 1066px\" \/><\/div><\/div><\/div><\/div><div class=\"flex_column av_one_full  flex_column_div av-zero-column-padding first  avia-builder-el-2  el_after_av_one_full  el_before_av_one_full  column-top-margin\" style='border-radius:0px; '><section class=\"av_textblock_section \"  itemscope=\"itemscope\" itemtype=\"https:\/\/schema.org\/BlogPosting\" itemprop=\"blogPost\" ><div class='avia_textblock  '   itemprop=\"text\" ><p style=\"text-align: center;\"><span style=\"font-size: 18pt;\"><b><span lang=\"es-419\">Corfo da inicio al proceso de creaci\u00f3n del Comit\u00e9 de Desarrollo Productivo en Ays\u00e9n<\/span><\/b><\/span><\/p>\n<div id=\"gtx-trans\" style=\"position: absolute; left: -50px; top: 4.31534px;\">\n<div class=\"gtx-trans-icon\"><\/div>\n<\/div>\n<\/div><\/section><\/div><div class=\"flex_column av_one_full  flex_column_div av-zero-column-padding first  avia-builder-el-4  el_after_av_one_full  el_before_av_hr  column-top-margin\" style='border-radius:0px; '><section class=\"av_textblock_section \"  itemscope=\"itemscope\" itemtype=\"https:\/\/schema.org\/BlogPosting\" itemprop=\"blogPost\" ><div class='avia_textblock  '   itemprop=\"text\" ><p style=\"font-weight: 400; text-align: justify;\"><em>La puesta en marcha de este Comit\u00e9 contribuir\u00e1 significativamente a potenciar el sector econ\u00f3mico con una mirada local, acorde a los desaf\u00edos definidos en la Estrategia de Desarrollo Regional de Ays\u00e9n.<\/em><\/p>\n<p style=\"font-weight: 400; text-align: justify;\">Corfo est\u00e1 dando un paso significativo para impulsar el desarrollo econ\u00f3mico en la Regi\u00f3n de Ays\u00e9n al iniciar el proceso de creaci\u00f3n del Comit\u00e9 de Desarrollo Productivo Regional (CDPR). La iniciativa estar\u00e1 en l\u00ednea con la Estrategia de Desarrollo Regional de Ays\u00e9n y tiene como objetivo fortalecer el sector econ\u00f3mico desde una perspectiva regional y territorial.<\/p>\n<p style=\"font-weight: 400; text-align: justify;\">El CDPR, que estar\u00e1 encabezado por la Gobernadora Regional, tendr\u00e1 la capacidad de tomar decisiones fundamentales en asuntos de gesti\u00f3n presupuestaria y asignaci\u00f3n de fondos en la regi\u00f3n. La creaci\u00f3n de este comit\u00e9 se presenta como un paso significativo en el impulso al desarrollo econ\u00f3mico de Ays\u00e9n.<\/p>\n<p style=\"font-weight: 400; text-align: justify;\">As\u00ed lo indic\u00f3 el gerente de Asuntos Estrat\u00e9gicos, Claudio Maggi, quien, junto a Humberto Mar\u00edn Leiva, director regional de la Corporaci\u00f3n, sostuvo una reuni\u00f3n con la Gobernadora Regional de Ays\u00e9n, Andrea Mac\u00edas Palma, y parte de su equipo. Durante la reuni\u00f3n, se expusieron los avances del proceso hacia la descentralizaci\u00f3n.<\/p>\n<p style=\"font-weight: 400; text-align: justify;\">Hasta el momento se han establecido cuatro comit\u00e9s en las regiones de Atacama, O&#8217;Higgins, Valpara\u00edso y Los Lagos. Se espera que en marzo de 2024 se instale en Ays\u00e9n con el objetivo de promover la innovaci\u00f3n, el emprendimiento, fomentar el desarrollo de cadenas productivas, proveedores locales y abordar desaf\u00edos regionales espec\u00edficos.<\/p>\n<p style=\"font-weight: 400; text-align: justify;\">Al respecto, Maggi enfatiz\u00f3 que estos comit\u00e9s no tienen la intenci\u00f3n de competir con las oficinas regionales de Corfo y Sercotec. Su prop\u00f3sito principal, revel\u00f3, es fomentar la colaboraci\u00f3n y la coordinaci\u00f3n para que cada regi\u00f3n pueda priorizar iniciativas y temas espec\u00edficos que sean relevantes para su desarrollo productivo, al tiempo que se beneficien de la experiencia y los recursos de las instituciones nacionales.<\/p>\n<p style=\"font-weight: 400; text-align: justify;\"><strong>COMIT\u00c9 REGIONAL<\/strong><\/p>\n<p style=\"font-weight: 400; text-align: justify;\">Maggi explic\u00f3 que los CDPR cuentan con una composici\u00f3n diversa que abarca a una amplia gama de actores clave para el desarrollo econ\u00f3mico regional. Esta composici\u00f3n incluye a la Gobernadora regional, la jefa de la Divisi\u00f3n de Fomento e Industria del GORE, representantes del gobierno regional, miembros de la Comisi\u00f3n de Fomento Productivo del Consejo Regional, as\u00ed como personas vinculadas al ecosistema regional de innovaci\u00f3n y emprendimiento.<\/p>\n<p style=\"font-weight: 400; text-align: justify;\">Entre las responsabilidades de este organismo regional colegiado se encuentran la asignaci\u00f3n de recursos y la aprobaci\u00f3n de proyectos presentados con el prop\u00f3sito de abordar los desaf\u00edos y oportunidades espec\u00edficos de cada regi\u00f3n. Adem\u00e1s, se espera que las regiones presenten ternas para nombrar representantes del sector privado los CDPR, lo que permitir\u00e1 un enfoque m\u00e1s centrado en los asuntos regionales.<\/p>\n<p style=\"font-weight: 400; text-align: justify;\">Finalmente, Claudio Maggi destac\u00f3 que la creaci\u00f3n del Comit\u00e9 de Desarrollo Productivo representa una valiosa oportunidad para impulsar el desarrollo econ\u00f3mico regional y abordar de manera colaborativa los desaf\u00edos y oportunidades espec\u00edficas de la Regi\u00f3n de Ays\u00e9n.<\/p>\n<\/div><\/section><\/div><div  style='height:50px' class='hr hr-invisible   avia-builder-el-6  el_after_av_one_full  el_before_av_social_share '><span class='hr-inner ' ><span class='hr-inner-style'><\/span><\/span><\/div><\/p>\n<div  class='av-social-sharing-box  avia-builder-el-7  el_after_av_hr  el_before_av_hr  '><div class='av-share-box'><h5 class='av-share-link-description av-no-toc '>Compartir esta noticia<\/h5><ul class='av-share-box-list noLightbox'><li class='av-share-link av-social-link-facebook' ><a target=\"_blank\" aria-label=\"Compartir en Facebook\" href='https:\/\/www.facebook.com\/sharer.php?u=https:\/\/radiorevelacionfm.cl\/?p=36218&#038;t=Corfo%20da%20inicio%20al%20proceso%20de%20creaci%C3%B3n%20del%20Comit%C3%A9%20de%20Desarrollo%20Productivo%20en%20Ays%C3%A9n' aria-hidden='false' data-av_icon='\ue8f3' data-av_iconfont='entypo-fontello' title='' data-avia-related-tooltip='Compartir en Facebook' rel=\"noopener\"><span class='avia_hidden_link_text'>Compartir en Facebook<\/span><\/a><\/li><li class='av-share-link av-social-link-twitter' ><a target=\"_blank\" aria-label=\"Compartir en Twitter\" href='https:\/\/twitter.com\/share?text=Corfo%20da%20inicio%20al%20proceso%20de%20creaci%C3%B3n%20del%20Comit%C3%A9%20de%20Desarrollo%20Productivo%20en%20Ays%C3%A9n&#038;url=https:\/\/radiorevelacionfm.cl\/?p=36218' aria-hidden='false' data-av_icon='\ue8f1' data-av_iconfont='entypo-fontello' title='' data-avia-related-tooltip='Compartir en Twitter' rel=\"noopener\"><span class='avia_hidden_link_text'>Compartir en Twitter<\/span><\/a><\/li><li class='av-share-link av-social-link-whatsapp' ><a target=\"_blank\" aria-label=\"Compartir en Whatsapp\" href='https:\/\/api.whatsapp.com\/send?text=https:\/\/radiorevelacionfm.cl\/?p=36218' aria-hidden='false' data-av_icon='\uf232' data-av_iconfont='entypo-fontello' title='' data-avia-related-tooltip='Compartir en Whatsapp' rel=\"noopener\"><span class='avia_hidden_link_text'>Compartir en Whatsapp<\/span><\/a><\/li><li class='av-share-link av-social-link-linkedin' ><a target=\"_blank\" aria-label=\"Compartir en LinkedIn\" href='https:\/\/linkedin.com\/shareArticle?mini=true&#038;title=Corfo%20da%20inicio%20al%20proceso%20de%20creaci%C3%B3n%20del%20Comit%C3%A9%20de%20Desarrollo%20Productivo%20en%20Ays%C3%A9n&#038;url=https:\/\/radiorevelacionfm.cl\/?p=36218' aria-hidden='false' data-av_icon='\ue8fc' data-av_iconfont='entypo-fontello' title='' data-avia-related-tooltip='Compartir en LinkedIn' rel=\"noopener\"><span class='avia_hidden_link_text'>Compartir en LinkedIn<\/span><\/a><\/li><li class='av-share-link av-social-link-mail' ><a  aria-label=\"Compartir por correo\" href='mailto:?subject=Corfo%20da%20inicio%20al%20proceso%20de%20creaci%C3%B3n%20del%20Comit%C3%A9%20de%20Desarrollo%20Productivo%20en%20Ays%C3%A9n&#038;body=https:\/\/radiorevelacionfm.cl\/?p=36218' aria-hidden='false' data-av_icon='\ue805' data-av_iconfont='entypo-fontello' title='' data-avia-related-tooltip='Compartir por correo'><span class='avia_hidden_link_text'>Compartir por correo<\/span><\/a><\/li><\/ul><\/div><\/div>\n<div  style='height:50px' class='hr hr-invisible   avia-builder-el-8  el_after_av_social_share  el_before_av_comments_list '><span class='hr-inner ' ><span class='hr-inner-style'><\/span><\/span><\/div>\n<div  class='av-buildercomment  av-blog-meta-html-info-disabled av-blog-meta-tag-disabled  '><\/div>\n","protected":false},"excerpt":{"rendered":"","protected":false},"author":1,"featured_media":36219,"comment_status":"open","ping_status":"open","sticky":false,"template":"","format":"standard","meta":{"footnotes":""},"categories":[38],"tags":[],"class_list":["post-36218","post","type-post","status-publish","format-standard","has-post-thumbnail","hentry","category-regional"],"jetpack_featured_media_url":"https:\/\/radiorevelacionfm.cl\/wp-content\/uploads\/2023\/10\/01-reunion-gobernadora-1_optimized.jpg","_links":{"self":[{"href":"https:\/\/radiorevelacionfm.cl\/index.php?rest_route=\/wp\/v2\/posts\/36218","targetHints":{"allow":["GET"]}}],"collection":[{"href":"https:\/\/radiorevelacionfm.cl\/index.php?rest_route=\/wp\/v2\/posts"}],"about":[{"href":"https:\/\/radiorevelacionfm.cl\/index.php?rest_route=\/wp\/v2\/types\/post"}],"author":[{"embeddable":true,"href":"https:\/\/radiorevelacionfm.cl\/index.php?rest_route=\/wp\/v2\/users\/1"}],"replies":[{"embeddable":true,"href":"https:\/\/radiorevelacionfm.cl\/index.php?rest_route=%2Fwp%2Fv2%2Fcomments&post=36218"}],"version-history":[{"count":1,"href":"https:\/\/radiorevelacionfm.cl\/index.php?rest_route=\/wp\/v2\/posts\/36218\/revisions"}],"predecessor-version":[{"id":36220,"href":"https:\/\/radiorevelacionfm.cl\/index.php?rest_route=\/wp\/v2\/posts\/36218\/revisions\/36220"}],"wp:featuredmedia":[{"embeddable":true,"href":"https:\/\/radiorevelacionfm.cl\/index.php?rest_route=\/wp\/v2\/media\/36219"}],"wp:attachment":[{"href":"https:\/\/radiorevelacionfm.cl\/index.php?rest_route=%2Fwp%2Fv2%2Fmedia&parent=36218"}],"wp:term":[{"taxonomy":"category","embeddable":true,"href":"https:\/\/radiorevelacionfm.cl\/index.php?rest_route=%2Fwp%2Fv2%2Fcategories&post=36218"},{"taxonomy":"post_tag","embeddable":true,"href":"https:\/\/radiorevelacionfm.cl\/index.php?rest_route=%2Fwp%2Fv2%2Ftags&post=36218"}],"curies":[{"name":"wp","href":"https:\/\/api.w.org\/{rel}","templated":true}]}}