{"id":36215,"date":"2023-10-24T17:49:41","date_gmt":"2023-10-24T20:49:41","guid":{"rendered":"https:\/\/radiorevelacionfm.cl\/?p=36215"},"modified":"2023-10-24T17:49:41","modified_gmt":"2023-10-24T20:49:41","slug":"puerto-aysen-suma-barredora-para-gestion-de-residuos-y-gobernadora-compromete-gestiones-con-proyecto-terminal-de-buses","status":"publish","type":"post","link":"https:\/\/radiorevelacionfm.cl\/?p=36215","title":{"rendered":"Puerto Ays\u00e9n suma \u201cbarredora\u201d para gesti\u00f3n de residuos y Gobernadora compromete gestiones con proyecto \u201cTerminal de Buses\u201d"},"content":{"rendered":"<div class=\"flex_column av_one_full  flex_column_div av-zero-column-padding first  avia-builder-el-0  el_before_av_one_full  avia-builder-el-first  \" style='border-radius:0px; '><div  class='avia-image-container  av-styling-    avia-builder-el-1  avia-builder-el-no-sibling  avia-align-center '  itemprop=\"image\" itemscope=\"itemscope\" itemtype=\"https:\/\/schema.org\/ImageObject\"  ><div class='avia-image-container-inner'><div class='avia-image-overlay-wrap'><img decoding=\"async\" class='wp-image-36216 avia-img-lazy-loading-not-36216 avia_image' src=\"https:\/\/radiorevelacionfm.cl\/wp-content\/uploads\/2023\/10\/BARREDORA-Y-TERMINAL-2-1-1.jpeg\" alt='' title='BARREDORA Y TERMINAL 2 (1) (1)' height=\"600\" width=\"800\"  itemprop=\"thumbnailUrl\" srcset=\"https:\/\/radiorevelacionfm.cl\/wp-content\/uploads\/2023\/10\/BARREDORA-Y-TERMINAL-2-1-1.jpeg 800w, https:\/\/radiorevelacionfm.cl\/wp-content\/uploads\/2023\/10\/BARREDORA-Y-TERMINAL-2-1-1-300x225.jpeg 300w, https:\/\/radiorevelacionfm.cl\/wp-content\/uploads\/2023\/10\/BARREDORA-Y-TERMINAL-2-1-1-768x576.jpeg 768w, https:\/\/radiorevelacionfm.cl\/wp-content\/uploads\/2023\/10\/BARREDORA-Y-TERMINAL-2-1-1-705x529.jpeg 705w, https:\/\/radiorevelacionfm.cl\/wp-content\/uploads\/2023\/10\/BARREDORA-Y-TERMINAL-2-1-1-450x338.jpeg 450w, https:\/\/radiorevelacionfm.cl\/wp-content\/uploads\/2023\/10\/BARREDORA-Y-TERMINAL-2-1-1-600x450.jpeg 600w\" sizes=\"(max-width: 800px) 100vw, 800px\" \/><\/div><\/div><\/div><\/div><div class=\"flex_column av_one_full  flex_column_div av-zero-column-padding first  avia-builder-el-2  el_after_av_one_full  el_before_av_one_full  column-top-margin\" style='border-radius:0px; '><section class=\"av_textblock_section \"  itemscope=\"itemscope\" itemtype=\"https:\/\/schema.org\/BlogPosting\" itemprop=\"blogPost\" ><div class='avia_textblock  '   itemprop=\"text\" ><p style=\"text-align: center;\"><strong><span style=\"font-size: 18pt;\">Puerto Ays\u00e9n suma \u201cbarredora\u201d para gesti\u00f3n de residuos y Gobernadora compromete gestiones con proyecto \u201cTerminal de Buses\u201d <\/span><\/strong><\/p>\n<div id=\"gtx-trans\" style=\"position: absolute; left: -50px; top: 4.31534px;\">\n<div class=\"gtx-trans-icon\"><\/div>\n<\/div>\n<\/div><\/section><\/div><div class=\"flex_column av_one_full  flex_column_div av-zero-column-padding first  avia-builder-el-4  el_after_av_one_full  el_before_av_hr  column-top-margin\" style='border-radius:0px; '><section class=\"av_textblock_section \"  itemscope=\"itemscope\" itemtype=\"https:\/\/schema.org\/BlogPosting\" itemprop=\"blogPost\" ><div class='avia_textblock  '   itemprop=\"text\" ><p style=\"text-align: justify;\"><em>Adem\u00e1s, ante el ingreso al Ministerio de Desarrollo Social del proyecto de un Terminal de Buses para Puerto Ays\u00e9n: Gobernadora se compromete a poner en tabla la iniciativa en cuanto obtenga el RS.<\/em><\/p>\n<p style=\"text-align: justify;\">En una ceremonia realizada la tarde de este lunes, la Gobernadora Regional, Andrea Mac\u00edas Palma, junto al Alcalde de la comuna de Ays\u00e9n, Julio Uribe Alvarado, recibieron una nueva y moderna maquinaria conocida como \u201cbarredora\u201d, la que se suma a un cami\u00f3n limpia fosa y un cami\u00f3n 3\/4, como parte de un proyecto que busca ir mejorando la gesti\u00f3n de residuos en el territorio.<\/p>\n<p style=\"text-align: justify;\">\u201cMuy contentos con la entrega de esta barredora, que viene a concretar un proyecto que fue financiado por el Gobierno Regional, presentado por la Ilustre Municipalidad de Ays\u00e9n en el \u00e1mbito de gesti\u00f3n de residuos. As\u00ed es que, recibimos este barre calle, que ya es el tercer equipamiento, luego de haber recibido un cami\u00f3n limpia fosa y un cami\u00f3n 3\/4, para poder facilitar la limpieza de la ciudad y adem\u00e1s para dar mejores condiciones laborales, a quienes est\u00e1n a cargo de cumplir este rol en nuestra ciudad\u201d, se\u00f1al\u00f3 la Gobernadora.<\/p>\n<p style=\"text-align: justify;\">Por su parte, el Alcalde Julio Uribe, destac\u00f3 lo importante de que se siga obteniendo equipamiento gracias al respaldo del Gobierno Regional, pero tambi\u00e9n, resalt\u00f3 la importancia de que los trabajadores mejoren cada vez m\u00e1s sus condiciones y si ello viene de la mano de la tecnolog\u00eda, mejor a\u00fan.<\/p>\n<p style=\"text-align: justify;\">\u201cAgradecer el trabajo de nuestra gente de \u00e1reas verdes, porque este equipo va a venir a ayudarles a que puedan hacer una mejor labor, m\u00e1s r\u00e1pida, m\u00e1s eficiente y tambi\u00e9n a ellos mejorar sus condiciones de trabajo, ya no van a tener que estar con la pala sacando la arena de las aceras, sino que, hoy se aplica la tecnolog\u00eda y vamos a ver c\u00f3mo funciona, como para seguir implementando nuestro equipo de \u00e1reas verdes con mejores herramientas, mejores materiales para que realicen su trabajo\u201d.<\/p>\n<p style=\"text-align: justify;\"><strong>Proyecto Terminal de Buses para Puerto Ays\u00e9n <\/strong><\/p>\n<p style=\"text-align: justify;\">En la oportunidad, la Gobernadora Regional de Ays\u00e9n, Andrea Mac\u00edas Palma y tras la presentaci\u00f3n de un video que detalla los principales alcances del proyecto de un terminal de buses para Puerto Ays\u00e9n, reaccion\u00f3 comprometi\u00e9ndose que a se mantendr\u00e1 el trabajo coordinado entre los equipos del GORE y del Municipio, ahora, que la iniciativa ha ingresado al Ministerio de Desarrollo Social con el fin de obtener el RS y llegar a la etapa de financiamiento.<\/p>\n<p style=\"text-align: justify;\">\u201cContenta de ver como el trabajo colaborativo va rindiendo frutos, hace un tiempo atr\u00e1s, el Municipio comenz\u00f3 a trabajar para poder avanzar hacia este sue\u00f1o que era tener un terminal y que sigue siendo tener un terminal en la comuna, que pueda dotar de mayor seguridad, de mayor infraestructura, de espacios para todo lo que tiene que ver con la movilidad desde y hacia Puerto Ays\u00e9n. En ese sentido, nos hemos comprometido como Gobierno Regional, luego de que se ha finalizado el proyecto, poder llevarlo al Ministerio de Desarrollo Social, para iniciar el proceso evaluaci\u00f3n y por supuesto con el compromiso de que esto pueda avanzar, para que a futuro podamos contar ya con el financiamiento\u201d.<\/p>\n<p style=\"text-align: justify;\">Sin duda que el proyecto de un terminal de buses para Puerto Ays\u00e9n, es un anhelo de la comunidad y si esto avanza a trav\u00e9s de la uni\u00f3n de voluntades, permite pensar que se podr\u00eda concretar en corto tiempo, afirm\u00f3 el Alcalde, Julio Uribe.<\/p>\n<p style=\"text-align: justify;\">\u201cHemos logrado a trav\u00e9s de la uni\u00f3n con nuestra Gobernadora, poder ingresar el proyecto del Terminal de Buses de Ays\u00e9n al Ministerio de Desarrollo Social. Es un proyecto muy anhelado por la comunidad, por lo tanto, estamos esperanzados de que el paso por el Ministerio de Desarrollo Social sea breve, para poder comenzar con una ejecuci\u00f3n pronta y eso no tiene muy contentos, porque estoy seguro que esto se va a lograr en conto tiempo\u201d.<\/p>\n<p style=\"text-align: justify;\">En la ceremonia junto a la Gobernadora hubo representantes del Consejo Regional, tambi\u00e9n se cont\u00f3 con la presencia de dirigentes sociales, adem\u00e1s de los equipos de SECPLAN y Obras de la Ilustre Municipalidad de Ays\u00e9n. Como es habitual la compa\u00f1\u00eda musical en instancias tan importantes como estas, una vez, fue gracias a la participaci\u00f3n de la Banda Benem\u00e9rita de Carabineros de Ays\u00e9n.<\/p>\n<\/div><\/section><\/div><div  style='height:50px' class='hr hr-invisible   avia-builder-el-6  el_after_av_one_full  el_before_av_social_share '><span class='hr-inner ' ><span class='hr-inner-style'><\/span><\/span><\/div><\/p>\n<div  class='av-social-sharing-box  avia-builder-el-7  el_after_av_hr  el_before_av_hr  '><div class='av-share-box'><h5 class='av-share-link-description av-no-toc '>Compartir esta noticia<\/h5><ul class='av-share-box-list noLightbox'><li class='av-share-link av-social-link-facebook' ><a target=\"_blank\" aria-label=\"Compartir en Facebook\" href='https:\/\/www.facebook.com\/sharer.php?u=https:\/\/radiorevelacionfm.cl\/?p=36215&#038;t=Puerto%20Ays%C3%A9n%20suma%20%E2%80%9Cbarredora%E2%80%9D%20para%20gesti%C3%B3n%20de%20residuos%20y%20Gobernadora%20compromete%20gestiones%20con%20proyecto%20%E2%80%9CTerminal%20de%20Buses%E2%80%9D' aria-hidden='false' data-av_icon='\ue8f3' data-av_iconfont='entypo-fontello' title='' data-avia-related-tooltip='Compartir en Facebook' rel=\"noopener\"><span class='avia_hidden_link_text'>Compartir en Facebook<\/span><\/a><\/li><li class='av-share-link av-social-link-twitter' ><a target=\"_blank\" aria-label=\"Compartir en Twitter\" href='https:\/\/twitter.com\/share?text=Puerto%20Ays%C3%A9n%20suma%20%E2%80%9Cbarredora%E2%80%9D%20para%20gesti%C3%B3n%20de%20residuos%20y%20Gobernadora%20compromete%20gestiones%20con%20proyecto%20%E2%80%9CTerminal%20de%20Buses%E2%80%9D&#038;url=https:\/\/radiorevelacionfm.cl\/?p=36215' aria-hidden='false' data-av_icon='\ue8f1' data-av_iconfont='entypo-fontello' title='' data-avia-related-tooltip='Compartir en Twitter' rel=\"noopener\"><span class='avia_hidden_link_text'>Compartir en Twitter<\/span><\/a><\/li><li class='av-share-link av-social-link-whatsapp' ><a target=\"_blank\" aria-label=\"Compartir en Whatsapp\" href='https:\/\/api.whatsapp.com\/send?text=https:\/\/radiorevelacionfm.cl\/?p=36215' aria-hidden='false' data-av_icon='\uf232' data-av_iconfont='entypo-fontello' title='' data-avia-related-tooltip='Compartir en Whatsapp' rel=\"noopener\"><span class='avia_hidden_link_text'>Compartir en Whatsapp<\/span><\/a><\/li><li class='av-share-link av-social-link-linkedin' ><a target=\"_blank\" aria-label=\"Compartir en LinkedIn\" href='https:\/\/linkedin.com\/shareArticle?mini=true&#038;title=Puerto%20Ays%C3%A9n%20suma%20%E2%80%9Cbarredora%E2%80%9D%20para%20gesti%C3%B3n%20de%20residuos%20y%20Gobernadora%20compromete%20gestiones%20con%20proyecto%20%E2%80%9CTerminal%20de%20Buses%E2%80%9D&#038;url=https:\/\/radiorevelacionfm.cl\/?p=36215' aria-hidden='false' data-av_icon='\ue8fc' data-av_iconfont='entypo-fontello' title='' data-avia-related-tooltip='Compartir en LinkedIn' rel=\"noopener\"><span class='avia_hidden_link_text'>Compartir en LinkedIn<\/span><\/a><\/li><li class='av-share-link av-social-link-mail' ><a  aria-label=\"Compartir por correo\" href='mailto:?subject=Puerto%20Ays%C3%A9n%20suma%20%E2%80%9Cbarredora%E2%80%9D%20para%20gesti%C3%B3n%20de%20residuos%20y%20Gobernadora%20compromete%20gestiones%20con%20proyecto%20%E2%80%9CTerminal%20de%20Buses%E2%80%9D&#038;body=https:\/\/radiorevelacionfm.cl\/?p=36215' aria-hidden='false' data-av_icon='\ue805' data-av_iconfont='entypo-fontello' title='' data-avia-related-tooltip='Compartir por correo'><span class='avia_hidden_link_text'>Compartir por correo<\/span><\/a><\/li><\/ul><\/div><\/div>\n<div  style='height:50px' class='hr hr-invisible   avia-builder-el-8  el_after_av_social_share  el_before_av_comments_list '><span class='hr-inner ' ><span class='hr-inner-style'><\/span><\/span><\/div>\n<div  class='av-buildercomment  av-blog-meta-html-info-disabled av-blog-meta-tag-disabled  '><\/div>\n","protected":false},"excerpt":{"rendered":"","protected":false},"author":1,"featured_media":36216,"comment_status":"open","ping_status":"open","sticky":false,"template":"","format":"standard","meta":{"footnotes":""},"categories":[38],"tags":[],"class_list":["post-36215","post","type-post","status-publish","format-standard","has-post-thumbnail","hentry","category-regional"],"jetpack_featured_media_url":"https:\/\/radiorevelacionfm.cl\/wp-content\/uploads\/2023\/10\/BARREDORA-Y-TERMINAL-2-1-1.jpeg","_links":{"self":[{"href":"https:\/\/radiorevelacionfm.cl\/index.php?rest_route=\/wp\/v2\/posts\/36215","targetHints":{"allow":["GET"]}}],"collection":[{"href":"https:\/\/radiorevelacionfm.cl\/index.php?rest_route=\/wp\/v2\/posts"}],"about":[{"href":"https:\/\/radiorevelacionfm.cl\/index.php?rest_route=\/wp\/v2\/types\/post"}],"author":[{"embeddable":true,"href":"https:\/\/radiorevelacionfm.cl\/index.php?rest_route=\/wp\/v2\/users\/1"}],"replies":[{"embeddable":true,"href":"https:\/\/radiorevelacionfm.cl\/index.php?rest_route=%2Fwp%2Fv2%2Fcomments&post=36215"}],"version-history":[{"count":1,"href":"https:\/\/radiorevelacionfm.cl\/index.php?rest_route=\/wp\/v2\/posts\/36215\/revisions"}],"predecessor-version":[{"id":36217,"href":"https:\/\/radiorevelacionfm.cl\/index.php?rest_route=\/wp\/v2\/posts\/36215\/revisions\/36217"}],"wp:featuredmedia":[{"embeddable":true,"href":"https:\/\/radiorevelacionfm.cl\/index.php?rest_route=\/wp\/v2\/media\/36216"}],"wp:attachment":[{"href":"https:\/\/radiorevelacionfm.cl\/index.php?rest_route=%2Fwp%2Fv2%2Fmedia&parent=36215"}],"wp:term":[{"taxonomy":"category","embeddable":true,"href":"https:\/\/radiorevelacionfm.cl\/index.php?rest_route=%2Fwp%2Fv2%2Fcategories&post=36215"},{"taxonomy":"post_tag","embeddable":true,"href":"https:\/\/radiorevelacionfm.cl\/index.php?rest_route=%2Fwp%2Fv2%2Ftags&post=36215"}],"curies":[{"name":"wp","href":"https:\/\/api.w.org\/{rel}","templated":true}]}}