{"id":36212,"date":"2023-10-24T20:56:27","date_gmt":"2023-10-24T23:56:27","guid":{"rendered":"https:\/\/radiorevelacionfm.cl\/?p=36212"},"modified":"2023-10-24T20:56:27","modified_gmt":"2023-10-24T23:56:27","slug":"universidad-de-aysen-realizara-ensayo-paes-abierto-para-estudiantes-y-egresados","status":"publish","type":"post","link":"https:\/\/radiorevelacionfm.cl\/?p=36212","title":{"rendered":"Universidad de Ays\u00e9n realizar\u00e1 ensayo PAES abierto para estudiantes y egresados"},"content":{"rendered":"<div class=\"flex_column av_one_full  flex_column_div av-zero-column-padding first  avia-builder-el-0  el_before_av_one_full  avia-builder-el-first  \" style='border-radius:0px; '><div  class='avia-image-container  av-styling-    avia-builder-el-1  avia-builder-el-no-sibling  avia-align-center '  itemprop=\"image\" itemscope=\"itemscope\" itemtype=\"https:\/\/schema.org\/ImageObject\"  ><div class='avia-image-container-inner'><div class='avia-image-overlay-wrap'><img decoding=\"async\" class='wp-image-36213 avia-img-lazy-loading-not-36213 avia_image' src=\"https:\/\/radiorevelacionfm.cl\/wp-content\/uploads\/2023\/10\/admision-general-008-1_optimized.jpg\" alt='' title='admisi\u00f3n-general-008-(1)_optimized' height=\"600\" width=\"900\"  itemprop=\"thumbnailUrl\" srcset=\"https:\/\/radiorevelacionfm.cl\/wp-content\/uploads\/2023\/10\/admision-general-008-1_optimized.jpg 900w, https:\/\/radiorevelacionfm.cl\/wp-content\/uploads\/2023\/10\/admision-general-008-1_optimized-300x200.jpg 300w, https:\/\/radiorevelacionfm.cl\/wp-content\/uploads\/2023\/10\/admision-general-008-1_optimized-768x512.jpg 768w, https:\/\/radiorevelacionfm.cl\/wp-content\/uploads\/2023\/10\/admision-general-008-1_optimized-705x470.jpg 705w, https:\/\/radiorevelacionfm.cl\/wp-content\/uploads\/2023\/10\/admision-general-008-1_optimized-450x300.jpg 450w, https:\/\/radiorevelacionfm.cl\/wp-content\/uploads\/2023\/10\/admision-general-008-1_optimized-600x400.jpg 600w\" sizes=\"(max-width: 900px) 100vw, 900px\" \/><\/div><\/div><\/div><\/div><div class=\"flex_column av_one_full  flex_column_div av-zero-column-padding first  avia-builder-el-2  el_after_av_one_full  el_before_av_one_full  column-top-margin\" style='border-radius:0px; '><section class=\"av_textblock_section \"  itemscope=\"itemscope\" itemtype=\"https:\/\/schema.org\/BlogPosting\" itemprop=\"blogPost\" ><div class='avia_textblock  '   itemprop=\"text\" ><p style=\"text-align: center;\"><strong><span style=\"font-size: 18pt;\">Universidad de Ays\u00e9n realizar\u00e1 ensayo PAES abierto para estudiantes y egresados<\/span><\/strong><\/p>\n<div id=\"gtx-trans\" style=\"position: absolute; left: -50px; top: 4.31534px;\">\n<div class=\"gtx-trans-icon\"><\/div>\n<\/div>\n<\/div><\/section><\/div><div class=\"flex_column av_one_full  flex_column_div av-zero-column-padding first  avia-builder-el-4  el_after_av_one_full  el_before_av_hr  column-top-margin\" style='border-radius:0px; '><section class=\"av_textblock_section \"  itemscope=\"itemscope\" itemtype=\"https:\/\/schema.org\/BlogPosting\" itemprop=\"blogPost\" ><div class='avia_textblock  '   itemprop=\"text\" ><div>\n<p style=\"text-align: justify;\"><em><span lang=\"ES-TRAD\">El s\u00e1bado 4 de noviembre, en las dependencias de su Campus Lillo, la casa de estudios estatal realizar\u00e1 un ensayo para el que se cuentan 200 cupos, por lo que deben inscribirse en el sitio www.uaysen.cl<\/span><\/em><\/p>\n<p class=\"v1MsoNormal\" style=\"text-align: justify;\"><span lang=\"ES-TRAD\">Dirigido a estudiantes de cuarto medio y egresados, la Universidad de Ays\u00e9n realizar\u00e1 su segundo ensayo abierto PAES Admisi\u00f3n UAys\u00e9n del a\u00f1o. La mencionada actividad cuenta con 200 cupos y se desarrollar\u00e1 presencialmente el s\u00e1bado 4 de noviembre desde las 08:30 a 11:00 y 11:30 a 14:00 horas en el Campus Lillo de la casa de estudios regional. En la oportunidad, los inscritos podr\u00e1n rendir las pruebas de Competencia Matem\u00e1tica y Competencia Lectora.<\/span><\/p>\n<p class=\"v1MsoNormal\" style=\"text-align: justify;\"><span lang=\"ES-TRAD\">Al respecto, David V\u00e1squez, coordinador de Admisi\u00f3n de la Universidad de Ays\u00e9n, inform\u00f3 que dentro de las distintas actividades que realiza la casa de estudios y como \u00e1rea de Admisi\u00f3n en particular, tambi\u00e9n se encuentra la preparaci\u00f3n para la Prueba de Acceso a la Educaci\u00f3n Superior, PAES. \u00abPor lo mismo, durante el mes de mayo ya hicimos una primera instancia de ensayo masivo para estudiantes de la comuna de Coyhaique y los que se pudieron acercar de localidades cercanas y ahora, en el mes de noviembre, realizaremos una segunda instancia. Por ello, invitamos y convocamos a todos los estudiantes de cuarto medio y egresados que quieran sumarse a esta actividad que se realizar\u00e1 el s\u00e1bado 4 de noviembre durante la ma\u00f1ana, donde aplicaremos el ensayo de Competencia Lectora y Competencia Matem\u00e1tica para que estos resultados puedan estar disponibles antes de la prueba real que se aplica a fines de noviembre, de tal manera que los estudiantes puedan tener una \u00faltima visualizaci\u00f3n de cu\u00e1les son las \u00e1reas que todav\u00eda pueden reforzar o bien cu\u00e1les son las \u00e1reas \u00a0que todav\u00eda pueden repasar un poco m\u00e1s\u00bb, enfatiz\u00f3.<\/span><\/p>\n<p class=\"v1MsoNormal\" style=\"text-align: justify;\"><span lang=\"ES-TRAD\">A su vez, David V\u00e1squez se\u00f1al\u00f3 que como Universidad de Ays\u00e9n \u00abrealizamos estas actividades b\u00e1sicamente porque estamos comprometidos con los estudiantes, y no s\u00f3lo con los estudiantes que ingresan a nuestras aulas, sino para todos aquellos que se quieren preparar para ingresar a cualquier universidad del pa\u00eds adscrita al Sistema Centralizado de Admisi\u00f3n y por lo mismo, lo mismo el prepararse, el ensayar y enfrentarse a un escenario muy parecido a los reales, va a preparar al estudiante de mejor manera para obtener un mejor resultado en la prueba\u00bb, explic\u00f3.<\/span><\/p>\n<p class=\"v1MsoNormal\" style=\"text-align: justify;\"><span lang=\"ES-TRAD\">Finalmente, el coordinador de Admisi\u00f3n de la Universidad de Ays\u00e9n se\u00f1al\u00f3 que, \u00abtenemos cupos bastante limitados, s\u00f3lo 200 vacantes, as\u00ed que los invitamos a inscribirse en la p\u00e1gina web de la universidad\u00a0<a href=\"http:\/\/www.uaysen.cl\/\" target=\"_blank\" rel=\"noopener noreferrer\">www.uaysen.cl<\/a>\u00a0donde encontrar\u00e1n un formulario para ingresar sus datos y poder venir a la actividad. Si tienes dudas o consultas puedes escribirnos al mail\u00a0<a href=\"mailto:admison@uaysen.cl\" rel=\"noreferrer\">admison@uaysen.cl<\/a>\u00a0\u00ab, puntualiz\u00f3.<\/span><\/p>\n<\/div>\n<div style=\"text-align: justify;\"><\/div>\n<\/div><\/section><\/div><div  style='height:50px' class='hr hr-invisible   avia-builder-el-6  el_after_av_one_full  el_before_av_social_share '><span class='hr-inner ' ><span class='hr-inner-style'><\/span><\/span><\/div><\/p>\n<div  class='av-social-sharing-box  avia-builder-el-7  el_after_av_hr  el_before_av_hr  '><div class='av-share-box'><h5 class='av-share-link-description av-no-toc '>Compartir esta noticia<\/h5><ul class='av-share-box-list noLightbox'><li class='av-share-link av-social-link-facebook' ><a target=\"_blank\" aria-label=\"Compartir en Facebook\" href='https:\/\/www.facebook.com\/sharer.php?u=https:\/\/radiorevelacionfm.cl\/?p=36212&#038;t=Universidad%20de%20Ays%C3%A9n%20realizar%C3%A1%20ensayo%20PAES%20abierto%20para%20estudiantes%20y%20egresados' aria-hidden='false' data-av_icon='\ue8f3' data-av_iconfont='entypo-fontello' title='' data-avia-related-tooltip='Compartir en Facebook' rel=\"noopener\"><span class='avia_hidden_link_text'>Compartir en Facebook<\/span><\/a><\/li><li class='av-share-link av-social-link-twitter' ><a target=\"_blank\" aria-label=\"Compartir en Twitter\" href='https:\/\/twitter.com\/share?text=Universidad%20de%20Ays%C3%A9n%20realizar%C3%A1%20ensayo%20PAES%20abierto%20para%20estudiantes%20y%20egresados&#038;url=https:\/\/radiorevelacionfm.cl\/?p=36212' aria-hidden='false' data-av_icon='\ue8f1' data-av_iconfont='entypo-fontello' title='' data-avia-related-tooltip='Compartir en Twitter' rel=\"noopener\"><span class='avia_hidden_link_text'>Compartir en Twitter<\/span><\/a><\/li><li class='av-share-link av-social-link-whatsapp' ><a target=\"_blank\" aria-label=\"Compartir en Whatsapp\" href='https:\/\/api.whatsapp.com\/send?text=https:\/\/radiorevelacionfm.cl\/?p=36212' aria-hidden='false' data-av_icon='\uf232' data-av_iconfont='entypo-fontello' title='' data-avia-related-tooltip='Compartir en Whatsapp' rel=\"noopener\"><span class='avia_hidden_link_text'>Compartir en Whatsapp<\/span><\/a><\/li><li class='av-share-link av-social-link-linkedin' ><a target=\"_blank\" aria-label=\"Compartir en LinkedIn\" href='https:\/\/linkedin.com\/shareArticle?mini=true&#038;title=Universidad%20de%20Ays%C3%A9n%20realizar%C3%A1%20ensayo%20PAES%20abierto%20para%20estudiantes%20y%20egresados&#038;url=https:\/\/radiorevelacionfm.cl\/?p=36212' aria-hidden='false' data-av_icon='\ue8fc' data-av_iconfont='entypo-fontello' title='' data-avia-related-tooltip='Compartir en LinkedIn' rel=\"noopener\"><span class='avia_hidden_link_text'>Compartir en LinkedIn<\/span><\/a><\/li><li class='av-share-link av-social-link-mail' ><a  aria-label=\"Compartir por correo\" href='mailto:?subject=Universidad%20de%20Ays%C3%A9n%20realizar%C3%A1%20ensayo%20PAES%20abierto%20para%20estudiantes%20y%20egresados&#038;body=https:\/\/radiorevelacionfm.cl\/?p=36212' aria-hidden='false' data-av_icon='\ue805' data-av_iconfont='entypo-fontello' title='' data-avia-related-tooltip='Compartir por correo'><span class='avia_hidden_link_text'>Compartir por correo<\/span><\/a><\/li><\/ul><\/div><\/div>\n<div  style='height:50px' class='hr hr-invisible   avia-builder-el-8  el_after_av_social_share  el_before_av_comments_list '><span class='hr-inner ' ><span class='hr-inner-style'><\/span><\/span><\/div>\n<div  class='av-buildercomment  av-blog-meta-html-info-disabled av-blog-meta-tag-disabled  '><\/div>\n","protected":false},"excerpt":{"rendered":"","protected":false},"author":1,"featured_media":36213,"comment_status":"open","ping_status":"open","sticky":false,"template":"","format":"standard","meta":{"footnotes":""},"categories":[49],"tags":[],"class_list":["post-36212","post","type-post","status-publish","format-standard","has-post-thumbnail","hentry","category-educacion"],"jetpack_featured_media_url":"https:\/\/radiorevelacionfm.cl\/wp-content\/uploads\/2023\/10\/admision-general-008-1_optimized.jpg","_links":{"self":[{"href":"https:\/\/radiorevelacionfm.cl\/index.php?rest_route=\/wp\/v2\/posts\/36212","targetHints":{"allow":["GET"]}}],"collection":[{"href":"https:\/\/radiorevelacionfm.cl\/index.php?rest_route=\/wp\/v2\/posts"}],"about":[{"href":"https:\/\/radiorevelacionfm.cl\/index.php?rest_route=\/wp\/v2\/types\/post"}],"author":[{"embeddable":true,"href":"https:\/\/radiorevelacionfm.cl\/index.php?rest_route=\/wp\/v2\/users\/1"}],"replies":[{"embeddable":true,"href":"https:\/\/radiorevelacionfm.cl\/index.php?rest_route=%2Fwp%2Fv2%2Fcomments&post=36212"}],"version-history":[{"count":1,"href":"https:\/\/radiorevelacionfm.cl\/index.php?rest_route=\/wp\/v2\/posts\/36212\/revisions"}],"predecessor-version":[{"id":36214,"href":"https:\/\/radiorevelacionfm.cl\/index.php?rest_route=\/wp\/v2\/posts\/36212\/revisions\/36214"}],"wp:featuredmedia":[{"embeddable":true,"href":"https:\/\/radiorevelacionfm.cl\/index.php?rest_route=\/wp\/v2\/media\/36213"}],"wp:attachment":[{"href":"https:\/\/radiorevelacionfm.cl\/index.php?rest_route=%2Fwp%2Fv2%2Fmedia&parent=36212"}],"wp:term":[{"taxonomy":"category","embeddable":true,"href":"https:\/\/radiorevelacionfm.cl\/index.php?rest_route=%2Fwp%2Fv2%2Fcategories&post=36212"},{"taxonomy":"post_tag","embeddable":true,"href":"https:\/\/radiorevelacionfm.cl\/index.php?rest_route=%2Fwp%2Fv2%2Ftags&post=36212"}],"curies":[{"name":"wp","href":"https:\/\/api.w.org\/{rel}","templated":true}]}}