{"id":36209,"date":"2023-10-23T22:39:37","date_gmt":"2023-10-24T01:39:37","guid":{"rendered":"https:\/\/radiorevelacionfm.cl\/?p=36209"},"modified":"2023-10-23T22:39:37","modified_gmt":"2023-10-24T01:39:37","slug":"alcalde-de-guaitecas-solicito-al-gobierno-recursos-de-emergencia-ante-inminentes-cortes-en-servicio-electrico","status":"publish","type":"post","link":"https:\/\/radiorevelacionfm.cl\/?p=36209","title":{"rendered":"Alcalde de Guaitecas solicit\u00f3 al Gobierno recursos de emergencia ante inminentes cortes en servicio el\u00e9ctrico"},"content":{"rendered":"<div class=\"flex_column av_one_full  flex_column_div av-zero-column-padding first  avia-builder-el-0  el_before_av_one_full  avia-builder-el-first  \" style='border-radius:0px; '><div  class='avia-image-container  av-styling-    avia-builder-el-1  avia-builder-el-no-sibling  avia-align-center '  itemprop=\"image\" itemscope=\"itemscope\" itemtype=\"https:\/\/schema.org\/ImageObject\"  ><div class='avia-image-container-inner'><div class='avia-image-overlay-wrap'><img decoding=\"async\" class='wp-image-31514 avia-img-lazy-loading-not-31514 avia_image' src=\"https:\/\/radiorevelacionfm.cl\/wp-content\/uploads\/2023\/05\/PLANTA-MELINKA-1-1.jpg\" alt='' title='PLANTA MELINKA (1) (1)' height=\"600\" width=\"800\"  itemprop=\"thumbnailUrl\" srcset=\"https:\/\/radiorevelacionfm.cl\/wp-content\/uploads\/2023\/05\/PLANTA-MELINKA-1-1.jpg 800w, https:\/\/radiorevelacionfm.cl\/wp-content\/uploads\/2023\/05\/PLANTA-MELINKA-1-1-300x225.jpg 300w, https:\/\/radiorevelacionfm.cl\/wp-content\/uploads\/2023\/05\/PLANTA-MELINKA-1-1-768x576.jpg 768w, https:\/\/radiorevelacionfm.cl\/wp-content\/uploads\/2023\/05\/PLANTA-MELINKA-1-1-705x529.jpg 705w, https:\/\/radiorevelacionfm.cl\/wp-content\/uploads\/2023\/05\/PLANTA-MELINKA-1-1-450x338.jpg 450w, https:\/\/radiorevelacionfm.cl\/wp-content\/uploads\/2023\/05\/PLANTA-MELINKA-1-1-600x450.jpg 600w\" sizes=\"(max-width: 800px) 100vw, 800px\" \/><\/div><\/div><\/div><\/div><div class=\"flex_column av_one_full  flex_column_div av-zero-column-padding first  avia-builder-el-2  el_after_av_one_full  el_before_av_one_full  column-top-margin\" style='border-radius:0px; '><section class=\"av_textblock_section \"  itemscope=\"itemscope\" itemtype=\"https:\/\/schema.org\/BlogPosting\" itemprop=\"blogPost\" ><div class='avia_textblock  '   itemprop=\"text\" ><p style=\"text-align: center;\"><strong><span style=\"font-size: 18pt;\">Alcalde de Guaitecas solicit\u00f3 al Gobierno recursos de emergencia ante inminentes cortes en servicio el\u00e9ctrico\u00a0<\/span><\/strong><\/p>\n<div id=\"gtx-trans\" style=\"position: absolute; left: -50px; top: 4.31534px;\">\n<div class=\"gtx-trans-icon\"><\/div>\n<\/div>\n<\/div><\/section><\/div><div class=\"flex_column av_one_full  flex_column_div av-zero-column-padding first  avia-builder-el-4  el_after_av_one_full  el_before_av_hr  column-top-margin\" style='border-radius:0px; '><section class=\"av_textblock_section \"  itemscope=\"itemscope\" itemtype=\"https:\/\/schema.org\/BlogPosting\" itemprop=\"blogPost\" ><div class='avia_textblock  '   itemprop=\"text\" ><p style=\"text-align: justify;\">El alcalde de la comuna de Guaitecas Marcos Silva ofici\u00f3 al delegado presidencial regional de Ays\u00e9n, Rodrigo Araya, solicitando colaboraci\u00f3n de gobierno para adquirir combustible para la planta el\u00e9ctrica de Melinka y as\u00ed evitar cortes en el suministro a la comunidad, dado que a\u00fan no se hace efectivo el pago del remanente del subsidio el\u00e9ctrico correspondiente al a\u00f1o en curso.<\/p>\n<p style=\"text-align: justify;\">En el oficio se le indica a la autoridad regional que la planta el\u00e9ctrica cuenta con combustible para operar con normalidad hasta este martes 24 de octubre, por lo que se hace urgente inyectar recursos para garantizar un servicio constante a la comunidad.<\/p>\n<p style=\"text-align: justify;\">\u201cAtendiendo a la urgente situaci\u00f3n relacionada con la continuidad del servicio el\u00e9ctrico y suministro de agua potable que afecta a nuestra comuna, adem\u00e1s de mantener una situaci\u00f3n de emergencia comunal, fundada en Decreto Alcaldicio N\u00ba 987 del 16\/08\/2023; seg\u00fan lo se\u00f1alado en Resoluci\u00f3n Exenta N\u00ba 1128 del 18\/08\/2023 y declaraci\u00f3n de alerta amarilla realizada por SENAPRED regional, solicitamos a usted sus buenos oficios y pronta resoluci\u00f3n para contar con un nuevo aporte econ\u00f3mico de emergencia destinado a la adquisici\u00f3n de petr\u00f3leo para generaci\u00f3n el\u00e9ctrica, que garantice la entrega de estos servicios b\u00e1sicos\u201d se indica en el oficio.<\/p>\n<p style=\"text-align: justify;\">\u201cVemos agravada esta situaci\u00f3n ante la demora en la tramitaci\u00f3n del subsidio el\u00e9ctrico, que actualmente se encuentra en tr\u00e1mite de Toma de Raz\u00f3n ante la Contralor\u00eda Regional de Ays\u00e9n\u201d.<\/p>\n<p style=\"text-align: justify;\">\u201cInsistimos con esta solicitud, dada la incertidumbre que manifiesta nuestra comunidad respecto a tener garantizado el suministro el\u00e9ctrico para el normal desarrollo de la vida cotidiana de las familias de Melinka y Repollal, ya que, en las condiciones actuales, s\u00f3lo podr\u00edamos generar electricidad hasta ma\u00f1ana a las 10:00 horas\u201d.<\/p>\n<p style=\"text-align: justify;\">\u201cApelamos al sentido de urgencia de nuestro Gobierno, su sensibilidad social y capacidad de liderazgo de las Autoridades Regionales y Nacionales para atender esta emergencia que nos afecta y, en lo sucesivo trabajar para solucionar definitivamente la implementaci\u00f3n de los servicios b\u00e1sicos de agua potable y energ\u00eda el\u00e9ctrica que nos merecemos como chilenos y chilenas\u201d, se indica finalmente en el oficio que el alcalde de Guaitecas Marcos Silva envi\u00f3 al representante del Ejecutivo en la regi\u00f3n.<\/p>\n<\/div><\/section><\/div><div  style='height:50px' class='hr hr-invisible   avia-builder-el-6  el_after_av_one_full  el_before_av_social_share '><span class='hr-inner ' ><span class='hr-inner-style'><\/span><\/span><\/div><\/p>\n<div  class='av-social-sharing-box  avia-builder-el-7  el_after_av_hr  el_before_av_hr  '><div class='av-share-box'><h5 class='av-share-link-description av-no-toc '>Compartir esta noticia<\/h5><ul class='av-share-box-list noLightbox'><li class='av-share-link av-social-link-facebook' ><a target=\"_blank\" aria-label=\"Compartir en Facebook\" href='https:\/\/www.facebook.com\/sharer.php?u=https:\/\/radiorevelacionfm.cl\/?p=36209&#038;t=Alcalde%20de%20Guaitecas%20solicit%C3%B3%20al%20Gobierno%20recursos%20de%20emergencia%20ante%20inminentes%20cortes%20en%20servicio%20el%C3%A9ctrico' aria-hidden='false' data-av_icon='\ue8f3' data-av_iconfont='entypo-fontello' title='' data-avia-related-tooltip='Compartir en Facebook' rel=\"noopener\"><span class='avia_hidden_link_text'>Compartir en Facebook<\/span><\/a><\/li><li class='av-share-link av-social-link-twitter' ><a target=\"_blank\" aria-label=\"Compartir en Twitter\" href='https:\/\/twitter.com\/share?text=Alcalde%20de%20Guaitecas%20solicit%C3%B3%20al%20Gobierno%20recursos%20de%20emergencia%20ante%20inminentes%20cortes%20en%20servicio%20el%C3%A9ctrico&#038;url=https:\/\/radiorevelacionfm.cl\/?p=36209' aria-hidden='false' data-av_icon='\ue8f1' data-av_iconfont='entypo-fontello' title='' data-avia-related-tooltip='Compartir en Twitter' rel=\"noopener\"><span class='avia_hidden_link_text'>Compartir en Twitter<\/span><\/a><\/li><li class='av-share-link av-social-link-whatsapp' ><a target=\"_blank\" aria-label=\"Compartir en Whatsapp\" href='https:\/\/api.whatsapp.com\/send?text=https:\/\/radiorevelacionfm.cl\/?p=36209' aria-hidden='false' data-av_icon='\uf232' data-av_iconfont='entypo-fontello' title='' data-avia-related-tooltip='Compartir en Whatsapp' rel=\"noopener\"><span class='avia_hidden_link_text'>Compartir en Whatsapp<\/span><\/a><\/li><li class='av-share-link av-social-link-linkedin' ><a target=\"_blank\" aria-label=\"Compartir en LinkedIn\" href='https:\/\/linkedin.com\/shareArticle?mini=true&#038;title=Alcalde%20de%20Guaitecas%20solicit%C3%B3%20al%20Gobierno%20recursos%20de%20emergencia%20ante%20inminentes%20cortes%20en%20servicio%20el%C3%A9ctrico&#038;url=https:\/\/radiorevelacionfm.cl\/?p=36209' aria-hidden='false' data-av_icon='\ue8fc' data-av_iconfont='entypo-fontello' title='' data-avia-related-tooltip='Compartir en LinkedIn' rel=\"noopener\"><span class='avia_hidden_link_text'>Compartir en LinkedIn<\/span><\/a><\/li><li class='av-share-link av-social-link-mail' ><a  aria-label=\"Compartir por correo\" href='mailto:?subject=Alcalde%20de%20Guaitecas%20solicit%C3%B3%20al%20Gobierno%20recursos%20de%20emergencia%20ante%20inminentes%20cortes%20en%20servicio%20el%C3%A9ctrico&#038;body=https:\/\/radiorevelacionfm.cl\/?p=36209' aria-hidden='false' data-av_icon='\ue805' data-av_iconfont='entypo-fontello' title='' data-avia-related-tooltip='Compartir por correo'><span class='avia_hidden_link_text'>Compartir por correo<\/span><\/a><\/li><\/ul><\/div><\/div>\n<div  style='height:50px' class='hr hr-invisible   avia-builder-el-8  el_after_av_social_share  el_before_av_comments_list '><span class='hr-inner ' ><span class='hr-inner-style'><\/span><\/span><\/div>\n<div  class='av-buildercomment  av-blog-meta-html-info-disabled av-blog-meta-tag-disabled  '><\/div>\n","protected":false},"excerpt":{"rendered":"","protected":false},"author":1,"featured_media":31514,"comment_status":"open","ping_status":"open","sticky":false,"template":"","format":"standard","meta":{"footnotes":""},"categories":[38],"tags":[],"class_list":["post-36209","post","type-post","status-publish","format-standard","has-post-thumbnail","hentry","category-regional"],"jetpack_featured_media_url":"https:\/\/radiorevelacionfm.cl\/wp-content\/uploads\/2023\/05\/PLANTA-MELINKA-1-1.jpg","_links":{"self":[{"href":"https:\/\/radiorevelacionfm.cl\/index.php?rest_route=\/wp\/v2\/posts\/36209","targetHints":{"allow":["GET"]}}],"collection":[{"href":"https:\/\/radiorevelacionfm.cl\/index.php?rest_route=\/wp\/v2\/posts"}],"about":[{"href":"https:\/\/radiorevelacionfm.cl\/index.php?rest_route=\/wp\/v2\/types\/post"}],"author":[{"embeddable":true,"href":"https:\/\/radiorevelacionfm.cl\/index.php?rest_route=\/wp\/v2\/users\/1"}],"replies":[{"embeddable":true,"href":"https:\/\/radiorevelacionfm.cl\/index.php?rest_route=%2Fwp%2Fv2%2Fcomments&post=36209"}],"version-history":[{"count":1,"href":"https:\/\/radiorevelacionfm.cl\/index.php?rest_route=\/wp\/v2\/posts\/36209\/revisions"}],"predecessor-version":[{"id":36210,"href":"https:\/\/radiorevelacionfm.cl\/index.php?rest_route=\/wp\/v2\/posts\/36209\/revisions\/36210"}],"wp:featuredmedia":[{"embeddable":true,"href":"https:\/\/radiorevelacionfm.cl\/index.php?rest_route=\/wp\/v2\/media\/31514"}],"wp:attachment":[{"href":"https:\/\/radiorevelacionfm.cl\/index.php?rest_route=%2Fwp%2Fv2%2Fmedia&parent=36209"}],"wp:term":[{"taxonomy":"category","embeddable":true,"href":"https:\/\/radiorevelacionfm.cl\/index.php?rest_route=%2Fwp%2Fv2%2Fcategories&post=36209"},{"taxonomy":"post_tag","embeddable":true,"href":"https:\/\/radiorevelacionfm.cl\/index.php?rest_route=%2Fwp%2Fv2%2Ftags&post=36209"}],"curies":[{"name":"wp","href":"https:\/\/api.w.org\/{rel}","templated":true}]}}