{"id":36206,"date":"2023-10-29T12:00:29","date_gmt":"2023-10-29T15:00:29","guid":{"rendered":"https:\/\/radiorevelacionfm.cl\/?p=36206"},"modified":"2023-10-29T12:00:29","modified_gmt":"2023-10-29T15:00:29","slug":"ya-estan-abiertas-las-postulaciones-de-ninas-y-ninos-a-jardines-infantiles-de-junji-e-integra","status":"publish","type":"post","link":"https:\/\/radiorevelacionfm.cl\/?p=36206","title":{"rendered":"Ya est\u00e1n abiertas las postulaciones de ni\u00f1as y ni\u00f1os a jardines infantiles de JUNJI e Integra"},"content":{"rendered":"<div class=\"flex_column av_one_full  flex_column_div av-zero-column-padding first  avia-builder-el-0  el_before_av_one_full  avia-builder-el-first  \" style='border-radius:0px; '><div  class='avia-image-container  av-styling-    avia-builder-el-1  avia-builder-el-no-sibling  avia-align-center '  itemprop=\"image\" itemscope=\"itemscope\" itemtype=\"https:\/\/schema.org\/ImageObject\"  ><div class='avia-image-container-inner'><div class='avia-image-overlay-wrap'><img decoding=\"async\" class='wp-image-36207 avia-img-lazy-loading-not-36207 avia_image' src=\"https:\/\/radiorevelacionfm.cl\/wp-content\/uploads\/2023\/10\/postulaciOn-1-1_optimized.jpeg\" alt='' title='postulaci\u00d3n-1-(1)_optimized' height=\"600\" width=\"900\"  itemprop=\"thumbnailUrl\" srcset=\"https:\/\/radiorevelacionfm.cl\/wp-content\/uploads\/2023\/10\/postulaciOn-1-1_optimized.jpeg 900w, https:\/\/radiorevelacionfm.cl\/wp-content\/uploads\/2023\/10\/postulaciOn-1-1_optimized-300x200.jpeg 300w, https:\/\/radiorevelacionfm.cl\/wp-content\/uploads\/2023\/10\/postulaciOn-1-1_optimized-768x512.jpeg 768w, https:\/\/radiorevelacionfm.cl\/wp-content\/uploads\/2023\/10\/postulaciOn-1-1_optimized-705x470.jpeg 705w, https:\/\/radiorevelacionfm.cl\/wp-content\/uploads\/2023\/10\/postulaciOn-1-1_optimized-450x300.jpeg 450w, https:\/\/radiorevelacionfm.cl\/wp-content\/uploads\/2023\/10\/postulaciOn-1-1_optimized-600x400.jpeg 600w\" sizes=\"(max-width: 900px) 100vw, 900px\" \/><\/div><\/div><\/div><\/div><div class=\"flex_column av_one_full  flex_column_div av-zero-column-padding first  avia-builder-el-2  el_after_av_one_full  el_before_av_one_full  column-top-margin\" style='border-radius:0px; '><section class=\"av_textblock_section \"  itemscope=\"itemscope\" itemtype=\"https:\/\/schema.org\/BlogPosting\" itemprop=\"blogPost\" ><div class='avia_textblock  '   itemprop=\"text\" ><p style=\"text-align: center;\"><span style=\"font-size: 18pt;\"><b>Ya est\u00e1n abiertas las postulaciones de ni\u00f1as y ni\u00f1os a jardines infantiles de JUNJI e Integra<\/b><\/span><\/p>\n<div id=\"gtx-trans\" style=\"position: absolute; left: -50px; top: 4.31534px;\">\n<div class=\"gtx-trans-icon\"><\/div>\n<\/div>\n<\/div><\/section><\/div><div class=\"flex_column av_one_full  flex_column_div av-zero-column-padding first  avia-builder-el-4  el_after_av_one_full  el_before_av_hr  column-top-margin\" style='border-radius:0px; '><section class=\"av_textblock_section \"  itemscope=\"itemscope\" itemtype=\"https:\/\/schema.org\/BlogPosting\" itemprop=\"blogPost\" ><div class='avia_textblock  '   itemprop=\"text\" ><p class=\"v1MsoNormal\" style=\"text-align: justify;\"><span lang=\"ES-MX\">Con un llamado a \u201cElegir la Educaci\u00f3n Parvularia P\u00fablica\u201d se realiz\u00f3 el lanzamiento de la campa\u00f1a de postulaci\u00f3n 2023 para establecimientos de JUNJI y Fundaci\u00f3n Integra de todo Chile. El sistema est\u00e1 disponible para todas las familias y apoderados entre el 23 de octubre y el 30 de noviembre a trav\u00e9s de los sitios web de las instituciones.<\/span><\/p>\n<p class=\"v1MsoNormal\" style=\"text-align: justify;\"><span lang=\"ES-MX\">Al respecto la subsecretaria de educaci\u00f3n parvularia, Claudia Lagos sostuvo: \u201cComo parte del Plan de Reactivaci\u00f3n Educativa estamos enfocados en promover la asistencia, la revinculaci\u00f3n de las ni\u00f1as y ni\u00f1os con sus comunidades, y en fortalecer los aprendizajes. Cuando invitamos a las familias a elegir la educaci\u00f3n parvularia p\u00fablica, los invitamos a seguir confiando o a sumarse junto a sus ni\u00f1as y ni\u00f1os, a estos espacios educativos de calidad y con el personal id\u00f3neo para posibilitar oportunidades de aprendizaje y bienestar para las infancias\u201d, indic\u00f3 la subsecretaria de Educaci\u00f3n Parvularia, Claudia Lagos Serrano.<\/span><\/p>\n<p class=\"v1MsoNormal\" style=\"text-align: justify;\"><span lang=\"ES-MX\">\u201cInvitamos a las familias a postular al proceso de inscripci\u00f3n de JUNJI e Integra, que cuentan con m\u00e1s de\u00a0<\/span>30 mil cupos disponibles a lo largo del pa\u00eds para el a\u00f1o 2024. Este a\u00f1o se ha logrado unificar las fechas de postulaci\u00f3n de ambas instituciones, lo que es muy importante, pues va en la l\u00ednea de avanzar en el ordenamiento, unificaci\u00f3n y optimizaci\u00f3n de los procesos de postulaci\u00f3n a los establecimientos de nuestro primer nivel educativo\u201d, agreg\u00f3 la autoridad Mineduc.<\/p>\n<p class=\"v1MsoNormal\" style=\"text-align: justify;\">La postulaci\u00f3n a las salas cuna y jardines infantiles de JUNJI y Fundaci\u00f3n Integra, se puede realizar en la web de ambas instituciones: <a href=\"https:\/\/junji.gob.cl\/\" target=\"_blank\" rel=\"noopener noreferrer\">https:\/\/junji.gob.cl\/<\/a>\u00a0o\u00a0<a href=\"https:\/\/www.integra.cl\/\" target=\"_blank\" rel=\"noopener noreferrer\">https:\/\/www.integra.cl\/<\/a><span class=\"v1MsoHyperlink\">,<\/span>\u00a0o acerc\u00e1ndose directamente en los establecimientos educativos.<\/p>\n<p class=\"v1MsoNormal\" style=\"text-align: justify;\">Carlos Gonz\u00e1lez Rivas, director ejecutivo (i) de Fundaci\u00f3n Integra, indic\u00f3 tambi\u00e9n que, en el caso de Integra, \u201cla plataforma online adem\u00e1s permitir\u00e1 que las familias se inscriban en todos los establecimientos educativos que estimen convenientes, considerando la cercan\u00eda al hogar o lugar de trabajo, proyecto educativo o si cuentan con Reconocimiento Oficial del Estado, entre otros factores. Tambi\u00e9n ser\u00e1 posible ordenar las salas cuna y jardines infantiles seg\u00fan su preferencia\u201d.<\/p>\n<p class=\"v1MsoNormal\" style=\"text-align: justify;\">Por su parte la vicepresidenta ejecutiva\u00a0 de JUNJI Daniela Trivi\u00f1o, sostuvo que\u00a0 vicepresidenta ejecutiva de Junji, Daniela Trivi\u00f1o, sostuvo \u201ca partir de hoy iniciamos el per\u00edodo masivo de postulaci\u00f3n y matr\u00edcula, del que pueden informarse en nuestra p\u00e1gina web <a href=\"http:\/\/www.junji.cl\/\" target=\"_blank\" rel=\"noopener noreferrer\">www.junji.cl<\/a>, para nosotros es prioridad mejorar el acceso de las familias a la Educaci\u00f3n Parvularia P\u00fablica, nuestra oferta educativa prioriza el ingreso de los ni\u00f1os y ni\u00f1as cuyas familias se encuentren entre el 60% de la poblaci\u00f3n que requieren mayores aportes del Estado. En JUNJI estamos presentes en 334 de las 336 comunas de Chile. Al d\u00eda de hoy, contamos con m\u00e1s de 65 mil jardines de administraci\u00f3n directa donde asisten m\u00e1s de 167 mil ni\u00f1as y ni\u00f1os.\u201d<\/p>\n<p class=\"v1MsoNormal\" style=\"text-align: justify;\"><b>M\u00e1s cupos para las ni\u00f1as y ni\u00f1os<\/b><\/p>\n<p class=\"v1MsoNormal\" style=\"text-align: justify;\"><span lang=\"ES-MX\">Con el lanzamiento de\u00a0<b>Elige la Educaci\u00f3n Parvularia P\u00fablica<\/b>, otro importante anuncio son los esfuerzos para avanzar en evitar\u00a0<\/span>los cupos duplicados, o de ni\u00f1as y ni\u00f1os que no asisten a los establecimientos y no permiten liberar matr\u00edcula. A partir de ahora, una nueva resoluci\u00f3n exenta de la Superintendencia de Educaci\u00f3n permitir\u00e1 a los establecimientos incorporar en sus reglamentos internos la posibilidad de dar de baja la matr\u00edcula de ni\u00f1as y ni\u00f1os que se ausentan de las actividades pedag\u00f3gicas sin causa justificada.<\/p>\n<p class=\"v1MsoNormal\" style=\"text-align: justify;\">Lo anterior permitir\u00e1 liberar matr\u00edcula de ni\u00f1as y ni\u00f1os que no se encuentran asistiendo, y reasignarla a quienes lo necesitan para continuar o iniciar su trayectoria educativa. Todos estos esfuerzos van en la l\u00ednea de favorecer la matr\u00edcula, asistencia y continuidad de la educaci\u00f3n inicial de las infancias y sus familias.<\/p>\n<\/div><\/section><\/div><div  style='height:50px' class='hr hr-invisible   avia-builder-el-6  el_after_av_one_full  el_before_av_social_share '><span class='hr-inner ' ><span class='hr-inner-style'><\/span><\/span><\/div><\/p>\n<div  class='av-social-sharing-box  avia-builder-el-7  el_after_av_hr  el_before_av_hr  '><div class='av-share-box'><h5 class='av-share-link-description av-no-toc '>Compartir esta noticia<\/h5><ul class='av-share-box-list noLightbox'><li class='av-share-link av-social-link-facebook' ><a target=\"_blank\" aria-label=\"Compartir en Facebook\" href='https:\/\/www.facebook.com\/sharer.php?u=https:\/\/radiorevelacionfm.cl\/?p=36206&#038;t=Ya%20est%C3%A1n%20abiertas%20las%20postulaciones%20de%20ni%C3%B1as%20y%20ni%C3%B1os%20a%20jardines%20infantiles%20de%20JUNJI%20e%20Integra' aria-hidden='false' data-av_icon='\ue8f3' data-av_iconfont='entypo-fontello' title='' data-avia-related-tooltip='Compartir en Facebook' rel=\"noopener\"><span class='avia_hidden_link_text'>Compartir en Facebook<\/span><\/a><\/li><li class='av-share-link av-social-link-twitter' ><a target=\"_blank\" aria-label=\"Compartir en Twitter\" href='https:\/\/twitter.com\/share?text=Ya%20est%C3%A1n%20abiertas%20las%20postulaciones%20de%20ni%C3%B1as%20y%20ni%C3%B1os%20a%20jardines%20infantiles%20de%20JUNJI%20e%20Integra&#038;url=https:\/\/radiorevelacionfm.cl\/?p=36206' aria-hidden='false' data-av_icon='\ue8f1' data-av_iconfont='entypo-fontello' title='' data-avia-related-tooltip='Compartir en Twitter' rel=\"noopener\"><span class='avia_hidden_link_text'>Compartir en Twitter<\/span><\/a><\/li><li class='av-share-link av-social-link-whatsapp' ><a target=\"_blank\" aria-label=\"Compartir en Whatsapp\" href='https:\/\/api.whatsapp.com\/send?text=https:\/\/radiorevelacionfm.cl\/?p=36206' aria-hidden='false' data-av_icon='\uf232' data-av_iconfont='entypo-fontello' title='' data-avia-related-tooltip='Compartir en Whatsapp' rel=\"noopener\"><span class='avia_hidden_link_text'>Compartir en Whatsapp<\/span><\/a><\/li><li class='av-share-link av-social-link-linkedin' ><a target=\"_blank\" aria-label=\"Compartir en LinkedIn\" href='https:\/\/linkedin.com\/shareArticle?mini=true&#038;title=Ya%20est%C3%A1n%20abiertas%20las%20postulaciones%20de%20ni%C3%B1as%20y%20ni%C3%B1os%20a%20jardines%20infantiles%20de%20JUNJI%20e%20Integra&#038;url=https:\/\/radiorevelacionfm.cl\/?p=36206' aria-hidden='false' data-av_icon='\ue8fc' data-av_iconfont='entypo-fontello' title='' data-avia-related-tooltip='Compartir en LinkedIn' rel=\"noopener\"><span class='avia_hidden_link_text'>Compartir en LinkedIn<\/span><\/a><\/li><li class='av-share-link av-social-link-mail' ><a  aria-label=\"Compartir por correo\" href='mailto:?subject=Ya%20est%C3%A1n%20abiertas%20las%20postulaciones%20de%20ni%C3%B1as%20y%20ni%C3%B1os%20a%20jardines%20infantiles%20de%20JUNJI%20e%20Integra&#038;body=https:\/\/radiorevelacionfm.cl\/?p=36206' aria-hidden='false' data-av_icon='\ue805' data-av_iconfont='entypo-fontello' title='' data-avia-related-tooltip='Compartir por correo'><span class='avia_hidden_link_text'>Compartir por correo<\/span><\/a><\/li><\/ul><\/div><\/div>\n<div  style='height:50px' class='hr hr-invisible   avia-builder-el-8  el_after_av_social_share  el_before_av_comments_list '><span class='hr-inner ' ><span class='hr-inner-style'><\/span><\/span><\/div>\n<div  class='av-buildercomment  av-blog-meta-html-info-disabled av-blog-meta-tag-disabled  '><\/div>\n","protected":false},"excerpt":{"rendered":"","protected":false},"author":1,"featured_media":36207,"comment_status":"open","ping_status":"open","sticky":false,"template":"","format":"standard","meta":{"footnotes":""},"categories":[61],"tags":[],"class_list":["post-36206","post","type-post","status-publish","format-standard","has-post-thumbnail","hentry","category-nacional"],"jetpack_featured_media_url":"https:\/\/radiorevelacionfm.cl\/wp-content\/uploads\/2023\/10\/postulaciOn-1-1_optimized.jpeg","_links":{"self":[{"href":"https:\/\/radiorevelacionfm.cl\/index.php?rest_route=\/wp\/v2\/posts\/36206","targetHints":{"allow":["GET"]}}],"collection":[{"href":"https:\/\/radiorevelacionfm.cl\/index.php?rest_route=\/wp\/v2\/posts"}],"about":[{"href":"https:\/\/radiorevelacionfm.cl\/index.php?rest_route=\/wp\/v2\/types\/post"}],"author":[{"embeddable":true,"href":"https:\/\/radiorevelacionfm.cl\/index.php?rest_route=\/wp\/v2\/users\/1"}],"replies":[{"embeddable":true,"href":"https:\/\/radiorevelacionfm.cl\/index.php?rest_route=%2Fwp%2Fv2%2Fcomments&post=36206"}],"version-history":[{"count":1,"href":"https:\/\/radiorevelacionfm.cl\/index.php?rest_route=\/wp\/v2\/posts\/36206\/revisions"}],"predecessor-version":[{"id":36208,"href":"https:\/\/radiorevelacionfm.cl\/index.php?rest_route=\/wp\/v2\/posts\/36206\/revisions\/36208"}],"wp:featuredmedia":[{"embeddable":true,"href":"https:\/\/radiorevelacionfm.cl\/index.php?rest_route=\/wp\/v2\/media\/36207"}],"wp:attachment":[{"href":"https:\/\/radiorevelacionfm.cl\/index.php?rest_route=%2Fwp%2Fv2%2Fmedia&parent=36206"}],"wp:term":[{"taxonomy":"category","embeddable":true,"href":"https:\/\/radiorevelacionfm.cl\/index.php?rest_route=%2Fwp%2Fv2%2Fcategories&post=36206"},{"taxonomy":"post_tag","embeddable":true,"href":"https:\/\/radiorevelacionfm.cl\/index.php?rest_route=%2Fwp%2Fv2%2Ftags&post=36206"}],"curies":[{"name":"wp","href":"https:\/\/api.w.org\/{rel}","templated":true}]}}