{"id":36203,"date":"2023-10-24T10:10:14","date_gmt":"2023-10-24T13:10:14","guid":{"rendered":"https:\/\/radiorevelacionfm.cl\/?p=36203"},"modified":"2023-10-24T10:10:14","modified_gmt":"2023-10-24T13:10:14","slug":"unidos-por-la-seguridad-carabineros-y-municipalidad-de-cochrane-suscriben-convenio-os14","status":"publish","type":"post","link":"https:\/\/radiorevelacionfm.cl\/?p=36203","title":{"rendered":"Unidos por la seguridad: Carabineros y Municipalidad de Cochrane suscriben convenio OS14"},"content":{"rendered":"<div class=\"flex_column av_one_full  flex_column_div av-zero-column-padding first  avia-builder-el-0  el_before_av_one_full  avia-builder-el-first  \" style='border-radius:0px; '><div  class='avia-image-container  av-styling-    avia-builder-el-1  avia-builder-el-no-sibling  avia-align-center '  itemprop=\"image\" itemscope=\"itemscope\" itemtype=\"https:\/\/schema.org\/ImageObject\"  ><div class='avia-image-container-inner'><div class='avia-image-overlay-wrap'><img decoding=\"async\" class='wp-image-36204 avia-img-lazy-loading-not-36204 avia_image' src=\"https:\/\/radiorevelacionfm.cl\/wp-content\/uploads\/2023\/10\/74773891-dacb-42fc-af0f-14bdea8a7e36-1-1_optimized-1.jpg\" alt='' title='74773891-dacb-42fc-af0f-14bdea8a7e36-(1)-(1)_optimized (1)' height=\"600\" width=\"1333\"  itemprop=\"thumbnailUrl\" srcset=\"https:\/\/radiorevelacionfm.cl\/wp-content\/uploads\/2023\/10\/74773891-dacb-42fc-af0f-14bdea8a7e36-1-1_optimized-1.jpg 1333w, https:\/\/radiorevelacionfm.cl\/wp-content\/uploads\/2023\/10\/74773891-dacb-42fc-af0f-14bdea8a7e36-1-1_optimized-1-300x135.jpg 300w, https:\/\/radiorevelacionfm.cl\/wp-content\/uploads\/2023\/10\/74773891-dacb-42fc-af0f-14bdea8a7e36-1-1_optimized-1-1030x464.jpg 1030w, https:\/\/radiorevelacionfm.cl\/wp-content\/uploads\/2023\/10\/74773891-dacb-42fc-af0f-14bdea8a7e36-1-1_optimized-1-768x346.jpg 768w, https:\/\/radiorevelacionfm.cl\/wp-content\/uploads\/2023\/10\/74773891-dacb-42fc-af0f-14bdea8a7e36-1-1_optimized-1-705x317.jpg 705w, https:\/\/radiorevelacionfm.cl\/wp-content\/uploads\/2023\/10\/74773891-dacb-42fc-af0f-14bdea8a7e36-1-1_optimized-1-450x203.jpg 450w, https:\/\/radiorevelacionfm.cl\/wp-content\/uploads\/2023\/10\/74773891-dacb-42fc-af0f-14bdea8a7e36-1-1_optimized-1-600x270.jpg 600w\" sizes=\"(max-width: 1333px) 100vw, 1333px\" \/><\/div><\/div><\/div><\/div><div class=\"flex_column av_one_full  flex_column_div av-zero-column-padding first  avia-builder-el-2  el_after_av_one_full  el_before_av_one_full  column-top-margin\" style='border-radius:0px; '><section class=\"av_textblock_section \"  itemscope=\"itemscope\" itemtype=\"https:\/\/schema.org\/BlogPosting\" itemprop=\"blogPost\" ><div class='avia_textblock  '   itemprop=\"text\" ><p style=\"text-align: center;\"><span style=\"font-size: 18pt;\"><b>Unidos por la seguridad: Carabineros y Municipalidad de Cochrane suscriben convenio OS14<\/b><\/span><\/p>\n<div id=\"gtx-trans\" style=\"position: absolute; left: -50px; top: 4.31534px;\">\n<div class=\"gtx-trans-icon\"><\/div>\n<\/div>\n<\/div><\/section><\/div><div class=\"flex_column av_one_full  flex_column_div av-zero-column-padding first  avia-builder-el-4  el_after_av_one_full  el_before_av_hr  column-top-margin\" style='border-radius:0px; '><section class=\"av_textblock_section \"  itemscope=\"itemscope\" itemtype=\"https:\/\/schema.org\/BlogPosting\" itemprop=\"blogPost\" ><div class='avia_textblock  '   itemprop=\"text\" ><p class=\"v1MsoNormal\" style=\"text-align: justify;\">El Jefe de Zona Ays\u00e9n, General Patricio Santos Poblete, indic\u00f3 que esta modalidad de policiamiento mixto busca ampliar las capacidades de vigilancia, optimizar los recursos y atender las demandas de la comunidad a trav\u00e9s de una respuesta oportuna en materias de seguridad.<\/p>\n<p class=\"v1MsoNormal\" style=\"text-align: justify;\">La seguridad la hacemos entre todos y constituye uno de los desaf\u00edos de la pol\u00edtica p\u00fablica que recientemente cobr\u00f3 fuerza en el sur de la regi\u00f3n de Ays\u00e9n a trav\u00e9s de la firma del convenio OS14 entre la I. Municipalidad de Cochrane y Carabineros de Chile.<\/p>\n<p class=\"v1MsoNormal\" style=\"text-align: justify;\">Despu\u00e9s de Ays\u00e9n, Lago Verde y Coyhaique, Cochrane es el cuarto municipio en adherir a esta modalidad de policiamiento mixto a trav\u00e9s del cual se busca brindar m\u00e1s seguridad a la comunidad a trav\u00e9s de una respuesta oportuna a aquellos requerimientos que no constituyen una emergencia policial.<\/p>\n<p class=\"v1MsoNormal\" style=\"text-align: justify;\">\u00abLos convenios lo que vienen a hacer es dar sustento legal en lo administrativo, a poder trabajar en conjunto. Muchas veces esto se limita por las atribuciones de uno o de otro, pero desde el punto de vista de la seguridad -como un problema de todos- ciertamente es que debemos asumir tareas cuando las demandas de seguridad son tan amplias y las capacidades existentes son tan pocas\u00bb, se\u00f1al\u00f3 el Jefe de Zona de Carabineros Ays\u00e9n, General Patricio Javier Santos Poblete.<\/p>\n<p class=\"v1MsoNormal\" style=\"text-align: justify;\"><strong>Funciones<\/strong><\/p>\n<p class=\"v1MsoNormal\" style=\"text-align: justify;\">Este tipo de uniones permite ampliar las capacidades de vigilancia y formar duplas ya sea en veh\u00edculos municipales, pero tambi\u00e9n caminando, en caballo o de la forma que sea posible.<\/p>\n<p class=\"v1MsoNormal\" style=\"text-align: justify;\">\u00abCiertamente no van a cumplir las mismas funciones que cumple un carabinero en la atenci\u00f3n de emergencias policiales. El convenio en t\u00e9rminos generales va a liberar de funciones a recursos que est\u00e1n destinados a satisfacer demandas de emergencias policiales, por lo tanto, estas van a ser acciones de menor riesgo, pero principalmente orientadas a resolver materias de tr\u00e1nsito, ejecuci\u00f3n de \u00f3rdenes judiciales del tipo de citaciones y notificaciones, fiscalizar ruidos molestos, notificar infracciones a ordenanzas municipales, entre otros procedimientos\u00bb, detall\u00f3 el Jefe de Zona Ays\u00e9n.<\/p>\n<p class=\"v1MsoNormal\" style=\"text-align: justify;\">La suscripci\u00f3n de este convenio permitir\u00e1 fortalecer y optimizar los recursos existentes, lo cual responde al quinto principio de la pol\u00edtica de seguridad p\u00fablica de la actual administraci\u00f3n y que propone un trabajo conjunto para potenciar la capacidad del Estado y descongestionar la demanda de procedimientos de emergencia, permitiendo -cuando los recursos son limitados- reducir los tiempos de espera y satisfacer las demandas de seguridad de las personas.<\/p>\n<p class=\"v1MsoNormal\" style=\"text-align: justify;\"><strong>Compromiso con la seguridad<\/strong><\/p>\n<p class=\"v1MsoNormal\" style=\"text-align: justify;\">\u00abAgracemos el compromiso del Alcalde (Jorge Calder\u00f3n) con el trabajo de los Carabineros, \u00e9l siempre ha estado llano a cooperar en materias de seguridad\u00bb, a\u00f1adi\u00f3.<\/p>\n<p class=\"v1MsoNormal\" style=\"text-align: justify;\">Paralelamente el General Santos valor\u00f3 el reconocimiento de servicios a los esfuerzos desplegados por el personal, a trav\u00e9s de una condecoraci\u00f3n creada por la I. Municipalidad de Cochrane, distintivo que portan en su uniforme, quienes han sido acreedores de este s\u00edmbolo de reconocimiento.<\/p>\n<p class=\"v1MsoNormal\" style=\"text-align: justify;\">\u00a0El Jefe de Zona Ays\u00e9n agradeci\u00f3 igualmente a la Delegada Presidencial de Capit\u00e1n Prat, Marta Montiel Alarc\u00f3n, por su permanente preocupaci\u00f3n por las capacidades operativas de carabineros y que se ha traducido en la respuesta ante los requerimientos de carabineros que trabajan en frontera.<\/p>\n<p class=\"v1MsoNormal\" style=\"text-align: justify;\">Paralelamente, el General Patricio Santos destac\u00f3 el aporte de m\u00e1s de 3 mil millones de pesos el 28 de diciembre de 2022 y que tras la toma de raz\u00f3n -en abril pasado- hicieron posible el desarrollo de procesos licitatorios que pr\u00f3ximamente permitir\u00e1n contar con dos lanchas y 35 veh\u00edculos, nueve de los cuales prestar\u00e1n servicios en la provincia de Capit\u00e1n Prat.<\/p>\n<p class=\"v1MsoNormal\" style=\"text-align: justify;\"><strong>M\u00e1s medios es m\u00e1s seguridad<\/strong><\/p>\n<p class=\"v1MsoNormal\" style=\"text-align: justify;\">Hace cerca de tres semanas se hizo entrega de buggies que operar\u00e1n en Villa O&#8217;Higgins, Tcia. R\u00edo Mayer y Tcia. Hern\u00e1n Merino Correa, sumado a veh\u00edculos 4&#215;4 para atender las necesidades de la comuna de Cochrane.<\/p>\n<p class=\"v1MsoNormal\" style=\"text-align: justify;\">Respecto a estos \u00faltimos, se trata de medios que poseen caracter\u00edsticas que permiten brindar mayores condiciones de seguridad, contando con protecciones bal\u00edsticas y refuerzos en sus componentes estructurales para operar en este tipo de topograf\u00eda, proteger a sus ocupantes y brindar m\u00e1s seguridad a los habitantes del sur de la regi\u00f3n de Ays\u00e9n.<\/p>\n<\/div><\/section><\/div><div  style='height:50px' class='hr hr-invisible   avia-builder-el-6  el_after_av_one_full  el_before_av_social_share '><span class='hr-inner ' ><span class='hr-inner-style'><\/span><\/span><\/div><\/p>\n<div  class='av-social-sharing-box  avia-builder-el-7  el_after_av_hr  el_before_av_hr  '><div class='av-share-box'><h5 class='av-share-link-description av-no-toc '>Compartir esta noticia<\/h5><ul class='av-share-box-list noLightbox'><li class='av-share-link av-social-link-facebook' ><a target=\"_blank\" aria-label=\"Compartir en Facebook\" href='https:\/\/www.facebook.com\/sharer.php?u=https:\/\/radiorevelacionfm.cl\/?p=36203&#038;t=Unidos%20por%20la%20seguridad%3A%20Carabineros%20y%20Municipalidad%20de%20Cochrane%20suscriben%20convenio%20OS14' aria-hidden='false' data-av_icon='\ue8f3' data-av_iconfont='entypo-fontello' title='' data-avia-related-tooltip='Compartir en Facebook' rel=\"noopener\"><span class='avia_hidden_link_text'>Compartir en Facebook<\/span><\/a><\/li><li class='av-share-link av-social-link-twitter' ><a target=\"_blank\" aria-label=\"Compartir en Twitter\" href='https:\/\/twitter.com\/share?text=Unidos%20por%20la%20seguridad%3A%20Carabineros%20y%20Municipalidad%20de%20Cochrane%20suscriben%20convenio%20OS14&#038;url=https:\/\/radiorevelacionfm.cl\/?p=36203' aria-hidden='false' data-av_icon='\ue8f1' data-av_iconfont='entypo-fontello' title='' data-avia-related-tooltip='Compartir en Twitter' rel=\"noopener\"><span class='avia_hidden_link_text'>Compartir en Twitter<\/span><\/a><\/li><li class='av-share-link av-social-link-whatsapp' ><a target=\"_blank\" aria-label=\"Compartir en Whatsapp\" href='https:\/\/api.whatsapp.com\/send?text=https:\/\/radiorevelacionfm.cl\/?p=36203' aria-hidden='false' data-av_icon='\uf232' data-av_iconfont='entypo-fontello' title='' data-avia-related-tooltip='Compartir en Whatsapp' rel=\"noopener\"><span class='avia_hidden_link_text'>Compartir en Whatsapp<\/span><\/a><\/li><li class='av-share-link av-social-link-linkedin' ><a target=\"_blank\" aria-label=\"Compartir en LinkedIn\" href='https:\/\/linkedin.com\/shareArticle?mini=true&#038;title=Unidos%20por%20la%20seguridad%3A%20Carabineros%20y%20Municipalidad%20de%20Cochrane%20suscriben%20convenio%20OS14&#038;url=https:\/\/radiorevelacionfm.cl\/?p=36203' aria-hidden='false' data-av_icon='\ue8fc' data-av_iconfont='entypo-fontello' title='' data-avia-related-tooltip='Compartir en LinkedIn' rel=\"noopener\"><span class='avia_hidden_link_text'>Compartir en LinkedIn<\/span><\/a><\/li><li class='av-share-link av-social-link-mail' ><a  aria-label=\"Compartir por correo\" href='mailto:?subject=Unidos%20por%20la%20seguridad%3A%20Carabineros%20y%20Municipalidad%20de%20Cochrane%20suscriben%20convenio%20OS14&#038;body=https:\/\/radiorevelacionfm.cl\/?p=36203' aria-hidden='false' data-av_icon='\ue805' data-av_iconfont='entypo-fontello' title='' data-avia-related-tooltip='Compartir por correo'><span class='avia_hidden_link_text'>Compartir por correo<\/span><\/a><\/li><\/ul><\/div><\/div>\n<div  style='height:50px' class='hr hr-invisible   avia-builder-el-8  el_after_av_social_share  el_before_av_comments_list '><span class='hr-inner ' ><span class='hr-inner-style'><\/span><\/span><\/div>\n<div  class='av-buildercomment  av-blog-meta-html-info-disabled av-blog-meta-tag-disabled  '><\/div>\n","protected":false},"excerpt":{"rendered":"","protected":false},"author":1,"featured_media":36204,"comment_status":"open","ping_status":"open","sticky":false,"template":"","format":"standard","meta":{"footnotes":""},"categories":[38],"tags":[],"class_list":["post-36203","post","type-post","status-publish","format-standard","has-post-thumbnail","hentry","category-regional"],"jetpack_featured_media_url":"https:\/\/radiorevelacionfm.cl\/wp-content\/uploads\/2023\/10\/74773891-dacb-42fc-af0f-14bdea8a7e36-1-1_optimized-1.jpg","_links":{"self":[{"href":"https:\/\/radiorevelacionfm.cl\/index.php?rest_route=\/wp\/v2\/posts\/36203","targetHints":{"allow":["GET"]}}],"collection":[{"href":"https:\/\/radiorevelacionfm.cl\/index.php?rest_route=\/wp\/v2\/posts"}],"about":[{"href":"https:\/\/radiorevelacionfm.cl\/index.php?rest_route=\/wp\/v2\/types\/post"}],"author":[{"embeddable":true,"href":"https:\/\/radiorevelacionfm.cl\/index.php?rest_route=\/wp\/v2\/users\/1"}],"replies":[{"embeddable":true,"href":"https:\/\/radiorevelacionfm.cl\/index.php?rest_route=%2Fwp%2Fv2%2Fcomments&post=36203"}],"version-history":[{"count":1,"href":"https:\/\/radiorevelacionfm.cl\/index.php?rest_route=\/wp\/v2\/posts\/36203\/revisions"}],"predecessor-version":[{"id":36205,"href":"https:\/\/radiorevelacionfm.cl\/index.php?rest_route=\/wp\/v2\/posts\/36203\/revisions\/36205"}],"wp:featuredmedia":[{"embeddable":true,"href":"https:\/\/radiorevelacionfm.cl\/index.php?rest_route=\/wp\/v2\/media\/36204"}],"wp:attachment":[{"href":"https:\/\/radiorevelacionfm.cl\/index.php?rest_route=%2Fwp%2Fv2%2Fmedia&parent=36203"}],"wp:term":[{"taxonomy":"category","embeddable":true,"href":"https:\/\/radiorevelacionfm.cl\/index.php?rest_route=%2Fwp%2Fv2%2Fcategories&post=36203"},{"taxonomy":"post_tag","embeddable":true,"href":"https:\/\/radiorevelacionfm.cl\/index.php?rest_route=%2Fwp%2Fv2%2Ftags&post=36203"}],"curies":[{"name":"wp","href":"https:\/\/api.w.org\/{rel}","templated":true}]}}