{"id":36193,"date":"2023-10-23T18:02:08","date_gmt":"2023-10-23T21:02:08","guid":{"rendered":"https:\/\/radiorevelacionfm.cl\/?p=36193"},"modified":"2023-10-23T18:02:08","modified_gmt":"2023-10-23T21:02:08","slug":"puerto-chacabuco-se-luce-con-primer-campeonato-de-tablas-sup","status":"publish","type":"post","link":"https:\/\/radiorevelacionfm.cl\/?p=36193","title":{"rendered":"Puerto Chacabuco se luce con Primer Campeonato de Tablas SUP"},"content":{"rendered":"<div class=\"flex_column av_one_full  flex_column_div av-zero-column-padding first  avia-builder-el-0  el_before_av_one_full  avia-builder-el-first  \" style='border-radius:0px; '><div  class='avia-image-container  av-styling-    avia-builder-el-1  avia-builder-el-no-sibling  avia-align-center '  itemprop=\"image\" itemscope=\"itemscope\" itemtype=\"https:\/\/schema.org\/ImageObject\"  ><div class='avia-image-container-inner'><div class='avia-image-overlay-wrap'><img decoding=\"async\" class='wp-image-36194 avia-img-lazy-loading-not-36194 avia_image' src=\"https:\/\/radiorevelacionfm.cl\/wp-content\/uploads\/2023\/10\/sup-16-1_optimized.jpeg\" alt='' title='sup-16-(1)_optimized' height=\"600\" width=\"900\"  itemprop=\"thumbnailUrl\" srcset=\"https:\/\/radiorevelacionfm.cl\/wp-content\/uploads\/2023\/10\/sup-16-1_optimized.jpeg 900w, https:\/\/radiorevelacionfm.cl\/wp-content\/uploads\/2023\/10\/sup-16-1_optimized-300x200.jpeg 300w, https:\/\/radiorevelacionfm.cl\/wp-content\/uploads\/2023\/10\/sup-16-1_optimized-768x512.jpeg 768w, https:\/\/radiorevelacionfm.cl\/wp-content\/uploads\/2023\/10\/sup-16-1_optimized-705x470.jpeg 705w, https:\/\/radiorevelacionfm.cl\/wp-content\/uploads\/2023\/10\/sup-16-1_optimized-450x300.jpeg 450w, https:\/\/radiorevelacionfm.cl\/wp-content\/uploads\/2023\/10\/sup-16-1_optimized-600x400.jpeg 600w\" sizes=\"(max-width: 900px) 100vw, 900px\" \/><\/div><\/div><\/div><\/div><div class=\"flex_column av_one_full  flex_column_div av-zero-column-padding first  avia-builder-el-2  el_after_av_one_full  el_before_av_one_full  column-top-margin\" style='border-radius:0px; '><section class=\"av_textblock_section \"  itemscope=\"itemscope\" itemtype=\"https:\/\/schema.org\/BlogPosting\" itemprop=\"blogPost\" ><div class='avia_textblock  '   itemprop=\"text\" ><p style=\"text-align: center;\"><strong><span style=\"font-size: 18pt;\">Puerto Chacabuco se luce con Primer Campeonato de Tablas SUP<\/span><\/strong><\/p>\n<div id=\"gtx-trans\" style=\"position: absolute; left: -50px; top: 4.31534px;\">\n<div class=\"gtx-trans-icon\"><\/div>\n<\/div>\n<\/div><\/section><\/div><div class=\"flex_column av_one_full  flex_column_div av-zero-column-padding first  avia-builder-el-4  el_after_av_one_full  el_before_av_hr  column-top-margin\" style='border-radius:0px; '><section class=\"av_textblock_section \"  itemscope=\"itemscope\" itemtype=\"https:\/\/schema.org\/BlogPosting\" itemprop=\"blogPost\" ><div class='avia_textblock  '   itemprop=\"text\" ><p style=\"text-align: justify;\">La jornada deportiva se enmarca en el contexto de un nuevo aniversario del principal puerto de la comuna y regi\u00f3n de Ays\u00e9n. Iniciativa que cont\u00f3 con el apoyo de la Municipalidad, Armada de Chile, Bomberos mediante el Gersa, Club Patagones Kids, empresa Aqua Chile y la comunidad<\/p>\n<p style=\"text-align: justify;\">Ni\u00f1os, j\u00f3venes y adultos se tomaron la bah\u00eda del sector Ensenada Baja, para ser parte del primer Campeonato de Tablas SUP, un nuevo y entretenido deporte acu\u00e1tico que congreg\u00f3 a varias familias y competidores, que mostraron sus destrezas, en la gran mayor\u00eda, aprendidas bajo las clases del Club Patagones Kids.<\/p>\n<p style=\"text-align: justify;\">La jornada se vivi\u00f3 en medio de un nuevo aniversario de Puerto Chacabuco, tal como lo resalt\u00f3 el Alcalde, Julio Uribe Alvarado.<\/p>\n<p style=\"text-align: justify;\">\u201cEn el marco del aniversario de Chacabuco se realiz\u00f3 esta linda actividad, donde los ni\u00f1os disfrutan de su mar, del agua, del estuario, por lo tanto, son momentos bien hermosos que hemos vivido en la localidad. Destacar la articulaci\u00f3n de la seguridad que es lo m\u00e1s importante, a trav\u00e9s de nuestra Capitan\u00eda de Puerto, donde ellos est\u00e1n presentes con sus botes para la seguridad de los participantes, donde nuestras candidatas a Reina tambi\u00e9n se sumaron a esta actividad y la presencia de Bomberos con su unidad subacu\u00e1tica, as\u00ed es que, muy contento de poder articular toda esta fiesta que hay en Chacabuco\u201d.<\/p>\n<p style=\"text-align: justify;\">Por su parte, uno de los monitores de SUP, Fidel D\u00edaz, destac\u00f3 el desarrollo de la iniciativa donde participaron, en su gran mayor\u00eda, alumnos del Club donde \u00e9l gratuitamente imparte los talleres, todo sujeto al clima del puerto.<\/p>\n<p style=\"text-align: justify;\">\u201cLos participantes que hab\u00eda los conozco casi a todos, porque la mayor\u00eda tomaron su primera tabla o su primer remo conmigo, por lo tanto, ya sab\u00eda qui\u00e9nes iban a venir, como estaban navegando, no ten\u00edan miedo, lo pasaron s\u00faper bien. Esperemos que se sume m\u00e1s gente de todas las comunas y localidades aleda\u00f1as, ya que, tenemos un espacio hermoso y recurso humano para trabajar con ellos. Aqu\u00ed en Chacabuco tenemos una bah\u00eda, sobre todo aqu\u00ed en Ensenada Baja que es fenomenal para practicar este tipo de deportes, pero dependemos mucho del clima, aunque hoy tuvimos un d\u00eda espectacular\u201d.<\/p>\n<p style=\"text-align: justify;\">Nancy Almonacid, presidenta del Club Patagones Kids, organizadores junto al Municipio de este campeonato inserto en el aniversario de la localidad, se mostr\u00f3 feliz con el resultado de la iniciativa en su primera edici\u00f3n.<\/p>\n<p style=\"text-align: justify;\">\u201cUn d\u00eda precioso, agradecer a la gente que particip\u00f3, vino gente de Ays\u00e9n, los mismos vecinos de ac\u00e1 que trajeron a sus hijos, sali\u00f3 todo s\u00faper lindo, fue una actividad que se hace por primera vez. As\u00ed es que, muy agradecida, muy contenta, porque sali\u00f3 todo bien, tuvimos el apoyo de la Armada, el Capit\u00e1n de Puerto est\u00e1 muy comprometido con la comunidad, el Gersa de Bomberos, ellos no tuvieron ning\u00fan problema en apoyarnos por cualquier eventualidad que pudo haber pasado. A la gente de la Municipalidad, todos han hecho un excelente trabajo, los mismos que componen la comisi\u00f3n organizadora del aniversario de Puerto Chacabuco, tambi\u00e9n agradecerles\u201d.<\/p>\n<p style=\"text-align: justify;\">Nuevamente con el impecable resultado de esta novedosa actividad deportiva, se demuestra que la uni\u00f3n de voluntades entre el Municipio, organizaciones deportivas, los vecinos de Chacabuco, la Armada, Bomberos, la empresa privada a trav\u00e9s de Aqua Chile y los mismos participantes, hicieron del primer Campeonato de Tablas SUP, un evento que puede permanecer en el tiempo.<\/p>\n<\/div><\/section><\/div><div  style='height:50px' class='hr hr-invisible   avia-builder-el-6  el_after_av_one_full  el_before_av_social_share '><span class='hr-inner ' ><span class='hr-inner-style'><\/span><\/span><\/div><\/p>\n<div  class='av-social-sharing-box  avia-builder-el-7  el_after_av_hr  el_before_av_hr  '><div class='av-share-box'><h5 class='av-share-link-description av-no-toc '>Compartir esta noticia<\/h5><ul class='av-share-box-list noLightbox'><li class='av-share-link av-social-link-facebook' ><a target=\"_blank\" aria-label=\"Compartir en Facebook\" href='https:\/\/www.facebook.com\/sharer.php?u=https:\/\/radiorevelacionfm.cl\/?p=36193&#038;t=Puerto%20Chacabuco%20se%20luce%20con%20Primer%20Campeonato%20de%20Tablas%20SUP' aria-hidden='false' data-av_icon='\ue8f3' data-av_iconfont='entypo-fontello' title='' data-avia-related-tooltip='Compartir en Facebook' rel=\"noopener\"><span class='avia_hidden_link_text'>Compartir en Facebook<\/span><\/a><\/li><li class='av-share-link av-social-link-twitter' ><a target=\"_blank\" aria-label=\"Compartir en Twitter\" href='https:\/\/twitter.com\/share?text=Puerto%20Chacabuco%20se%20luce%20con%20Primer%20Campeonato%20de%20Tablas%20SUP&#038;url=https:\/\/radiorevelacionfm.cl\/?p=36193' aria-hidden='false' data-av_icon='\ue8f1' data-av_iconfont='entypo-fontello' title='' data-avia-related-tooltip='Compartir en Twitter' rel=\"noopener\"><span class='avia_hidden_link_text'>Compartir en Twitter<\/span><\/a><\/li><li class='av-share-link av-social-link-whatsapp' ><a target=\"_blank\" aria-label=\"Compartir en Whatsapp\" href='https:\/\/api.whatsapp.com\/send?text=https:\/\/radiorevelacionfm.cl\/?p=36193' aria-hidden='false' data-av_icon='\uf232' data-av_iconfont='entypo-fontello' title='' data-avia-related-tooltip='Compartir en Whatsapp' rel=\"noopener\"><span class='avia_hidden_link_text'>Compartir en Whatsapp<\/span><\/a><\/li><li class='av-share-link av-social-link-linkedin' ><a target=\"_blank\" aria-label=\"Compartir en LinkedIn\" href='https:\/\/linkedin.com\/shareArticle?mini=true&#038;title=Puerto%20Chacabuco%20se%20luce%20con%20Primer%20Campeonato%20de%20Tablas%20SUP&#038;url=https:\/\/radiorevelacionfm.cl\/?p=36193' aria-hidden='false' data-av_icon='\ue8fc' data-av_iconfont='entypo-fontello' title='' data-avia-related-tooltip='Compartir en LinkedIn' rel=\"noopener\"><span class='avia_hidden_link_text'>Compartir en LinkedIn<\/span><\/a><\/li><li class='av-share-link av-social-link-mail' ><a  aria-label=\"Compartir por correo\" href='mailto:?subject=Puerto%20Chacabuco%20se%20luce%20con%20Primer%20Campeonato%20de%20Tablas%20SUP&#038;body=https:\/\/radiorevelacionfm.cl\/?p=36193' aria-hidden='false' data-av_icon='\ue805' data-av_iconfont='entypo-fontello' title='' data-avia-related-tooltip='Compartir por correo'><span class='avia_hidden_link_text'>Compartir por correo<\/span><\/a><\/li><\/ul><\/div><\/div>\n<div  style='height:50px' class='hr hr-invisible   avia-builder-el-8  el_after_av_social_share  el_before_av_comments_list '><span class='hr-inner ' ><span class='hr-inner-style'><\/span><\/span><\/div>\n<div  class='av-buildercomment  av-blog-meta-html-info-disabled av-blog-meta-tag-disabled  '><\/div>\n","protected":false},"excerpt":{"rendered":"","protected":false},"author":1,"featured_media":36194,"comment_status":"open","ping_status":"open","sticky":false,"template":"","format":"standard","meta":{"footnotes":""},"categories":[38],"tags":[],"class_list":["post-36193","post","type-post","status-publish","format-standard","has-post-thumbnail","hentry","category-regional"],"jetpack_featured_media_url":"https:\/\/radiorevelacionfm.cl\/wp-content\/uploads\/2023\/10\/sup-16-1_optimized.jpeg","_links":{"self":[{"href":"https:\/\/radiorevelacionfm.cl\/index.php?rest_route=\/wp\/v2\/posts\/36193","targetHints":{"allow":["GET"]}}],"collection":[{"href":"https:\/\/radiorevelacionfm.cl\/index.php?rest_route=\/wp\/v2\/posts"}],"about":[{"href":"https:\/\/radiorevelacionfm.cl\/index.php?rest_route=\/wp\/v2\/types\/post"}],"author":[{"embeddable":true,"href":"https:\/\/radiorevelacionfm.cl\/index.php?rest_route=\/wp\/v2\/users\/1"}],"replies":[{"embeddable":true,"href":"https:\/\/radiorevelacionfm.cl\/index.php?rest_route=%2Fwp%2Fv2%2Fcomments&post=36193"}],"version-history":[{"count":1,"href":"https:\/\/radiorevelacionfm.cl\/index.php?rest_route=\/wp\/v2\/posts\/36193\/revisions"}],"predecessor-version":[{"id":36195,"href":"https:\/\/radiorevelacionfm.cl\/index.php?rest_route=\/wp\/v2\/posts\/36193\/revisions\/36195"}],"wp:featuredmedia":[{"embeddable":true,"href":"https:\/\/radiorevelacionfm.cl\/index.php?rest_route=\/wp\/v2\/media\/36194"}],"wp:attachment":[{"href":"https:\/\/radiorevelacionfm.cl\/index.php?rest_route=%2Fwp%2Fv2%2Fmedia&parent=36193"}],"wp:term":[{"taxonomy":"category","embeddable":true,"href":"https:\/\/radiorevelacionfm.cl\/index.php?rest_route=%2Fwp%2Fv2%2Fcategories&post=36193"},{"taxonomy":"post_tag","embeddable":true,"href":"https:\/\/radiorevelacionfm.cl\/index.php?rest_route=%2Fwp%2Fv2%2Ftags&post=36193"}],"curies":[{"name":"wp","href":"https:\/\/api.w.org\/{rel}","templated":true}]}}