{"id":36190,"date":"2023-10-24T11:07:00","date_gmt":"2023-10-24T14:07:00","guid":{"rendered":"https:\/\/radiorevelacionfm.cl\/?p=36190"},"modified":"2023-10-24T11:07:00","modified_gmt":"2023-10-24T14:07:00","slug":"realizan-primer-taller-ciudadano-de-consulta-publica-para-el-anteproyecto-del-plan-de-descontaminacion-de-puerto-aysen","status":"publish","type":"post","link":"https:\/\/radiorevelacionfm.cl\/?p=36190","title":{"rendered":"Realizan primer taller ciudadano de consulta p\u00fablica para el anteproyecto del Plan de descontaminaci\u00f3n de Puerto Ays\u00e9n"},"content":{"rendered":"<div class=\"flex_column av_one_full  flex_column_div av-zero-column-padding first  avia-builder-el-0  el_before_av_one_full  avia-builder-el-first  \" style='border-radius:0px; '><div  class='avia-image-container  av-styling-    avia-builder-el-1  avia-builder-el-no-sibling  avia-align-center '  itemprop=\"image\" itemscope=\"itemscope\" itemtype=\"https:\/\/schema.org\/ImageObject\"  ><div class='avia-image-container-inner'><div class='avia-image-overlay-wrap'><img decoding=\"async\" class='wp-image-36191 avia-img-lazy-loading-not-36191 avia_image' src=\"https:\/\/radiorevelacionfm.cl\/wp-content\/uploads\/2023\/10\/1-84-2_optimized-1.jpg\" alt='' title='1-(84)-(2)_optimized (1)' height=\"600\" width=\"1142\"  itemprop=\"thumbnailUrl\" srcset=\"https:\/\/radiorevelacionfm.cl\/wp-content\/uploads\/2023\/10\/1-84-2_optimized-1.jpg 1142w, https:\/\/radiorevelacionfm.cl\/wp-content\/uploads\/2023\/10\/1-84-2_optimized-1-300x158.jpg 300w, https:\/\/radiorevelacionfm.cl\/wp-content\/uploads\/2023\/10\/1-84-2_optimized-1-1030x541.jpg 1030w, https:\/\/radiorevelacionfm.cl\/wp-content\/uploads\/2023\/10\/1-84-2_optimized-1-768x404.jpg 768w, https:\/\/radiorevelacionfm.cl\/wp-content\/uploads\/2023\/10\/1-84-2_optimized-1-705x370.jpg 705w, https:\/\/radiorevelacionfm.cl\/wp-content\/uploads\/2023\/10\/1-84-2_optimized-1-450x236.jpg 450w, https:\/\/radiorevelacionfm.cl\/wp-content\/uploads\/2023\/10\/1-84-2_optimized-1-600x315.jpg 600w\" sizes=\"(max-width: 1142px) 100vw, 1142px\" \/><\/div><\/div><\/div><\/div><div class=\"flex_column av_one_full  flex_column_div av-zero-column-padding first  avia-builder-el-2  el_after_av_one_full  el_before_av_one_full  column-top-margin\" style='border-radius:0px; '><section class=\"av_textblock_section \"  itemscope=\"itemscope\" itemtype=\"https:\/\/schema.org\/BlogPosting\" itemprop=\"blogPost\" ><div class='avia_textblock  '   itemprop=\"text\" ><p style=\"text-align: center;\"><span style=\"font-size: 18pt;\"><strong>Realizan primer taller ciudadano de consulta p\u00fablica para el anteproyecto del Plan de descontaminaci\u00f3n de Puerto Ays\u00e9n<\/strong><\/span><\/p>\n<div id=\"gtx-trans\" style=\"position: absolute; left: -50px; top: 4.31534px;\">\n<div class=\"gtx-trans-icon\"><\/div>\n<\/div>\n<\/div><\/section><\/div><div class=\"flex_column av_one_full  flex_column_div av-zero-column-padding first  avia-builder-el-4  el_after_av_one_full  el_before_av_hr  column-top-margin\" style='border-radius:0px; '><section class=\"av_textblock_section \"  itemscope=\"itemscope\" itemtype=\"https:\/\/schema.org\/BlogPosting\" itemprop=\"blogPost\" ><div class='avia_textblock  '   itemprop=\"text\" ><p style=\"text-align: justify;\">Hasta el 18 de diciembre se encontrar\u00e1 \u00a0disponible la consulta p\u00fablica para el Anteproyecto del Plan de Descontaminaci\u00f3n Atmosf\u00e9rica PDA de la zona saturada de Puerto Ays\u00e9n y su \u00e1rea circundante, para apoyar el proceso de participaci\u00f3n ciudadana, desde la Seremi del Medio Ambiente se est\u00e1n llevando a cabo talleres informativos ciudadanos con el objetivo de incentivar a vecinos y vecinas a plasmar sus observaciones respecto de la hoja de ruta propuesta para descontaminar el aire de la ciudad.<\/p>\n<p style=\"text-align: justify;\">La primera de una serie de jornadas tuvo lugar en el auditorio del hospital de Puerto Ays\u00e9n, donde vecinos, vecinas y representantes de organizaciones dialogaron respecto de las medidas presentadas\u00a0 \u201cha sido muy enriquecedor pues se ha puesto en valor y tambi\u00e9n planteado varias de las inquietudes que tiene la ciudadan\u00eda, que requieren de un trabajo multidisciplinario e interinstitucional, requerimos escuchar esto para tambi\u00e9n plantearlo a otras instituciones para que la realidad del PDA tenga sentido y pertinencia con lo que se vive en el territorio actualmente\u201d, asegur\u00f3 el Seremi del Medio Ambiente, Yoal D\u00edaz durante la actividad.<\/p>\n<p style=\"text-align: justify;\">El anteproyecto del PDA de Puerto Ays\u00e9n considera medidas de regulaci\u00f3n para el control de emisiones de calefacci\u00f3n domiciliaria, medidas de mejoramiento t\u00e9rmico para las actuales viviendas, programas de recambio de calefactores, promoci\u00f3n de proyectos de calefacci\u00f3n distrital, difusi\u00f3n y educaci\u00f3n a la ciudadan\u00eda, un plan operacional para la gesti\u00f3n de episodios cr\u00edticos; pero, adem\u00e1s, el plan aborda compensaci\u00f3n de emisiones en el marco del SEIA y regulaci\u00f3n para el control de emisiones del transporte entre otras.<\/p>\n<p style=\"text-align: justify;\">La profesora y presidenta de Reinventa Ays\u00e9n, Carolina Vega, presente en el taller, valor\u00f3 la iniciativa desde la oportunidad no solo de conocer el anteproyecto y sus detalles para hacerse parte del proceso, sino tambi\u00e9n de permearse de las diversas visiones de quienes asistieron a la jornada \u201cla invitaci\u00f3n es a sumarse, pero no desde la desesperanza, como que la gente se sume a estas instancias como s\u00faper a la defensiva porque la experiencia nos ha ense\u00f1ado que estos procesos son dif\u00edciles y no siempre ven la luz (\u2026)pero si uno no participa \u00bfde qu\u00e9 se va a quejar despu\u00e9s?\u201d, pregunt\u00f3.<\/p>\n<p style=\"text-align: justify;\">Para conocer el anteproyecto e ingresar las observaciones, los y las interesadas pueden acceder al portal consultasciudadanas.mma.gob.cl; solicitar informaci\u00f3n en la oficina de la Seremi del Medio Ambiente, ubicada en Portales N\u00b0125, Coyhaique; o bien, participar del ciclo de talleres ciudadanos que continuar\u00e1n desarroll\u00e1ndose. Espec\u00edficamente el pr\u00f3ximo encuentro se llevar\u00e1 a cabo el martes 7 de noviembre en la Casa de la Cultura ubicada en Sargento Aldea N\u00b0 695 y estar\u00e1 dirigido a docentes y educadoras de la ciudad de Puerto Ays\u00e9n. No obstante ello, podr\u00e1n sumarse quienes se interesen en conocer m\u00e1s sobre esta tem\u00e1tica. La consulta p\u00fablica se extender\u00e1 hasta diciembre de este a\u00f1o y los pr\u00f3ximos talleres ser\u00e1n anunciados oportunamente.<\/p>\n<\/div><\/section><\/div><div  style='height:50px' class='hr hr-invisible   avia-builder-el-6  el_after_av_one_full  el_before_av_social_share '><span class='hr-inner ' ><span class='hr-inner-style'><\/span><\/span><\/div><\/p>\n<div  class='av-social-sharing-box  avia-builder-el-7  el_after_av_hr  el_before_av_hr  '><div class='av-share-box'><h5 class='av-share-link-description av-no-toc '>Compartir esta noticia<\/h5><ul class='av-share-box-list noLightbox'><li class='av-share-link av-social-link-facebook' ><a target=\"_blank\" aria-label=\"Compartir en Facebook\" href='https:\/\/www.facebook.com\/sharer.php?u=https:\/\/radiorevelacionfm.cl\/?p=36190&#038;t=Realizan%20primer%20taller%20ciudadano%20de%20consulta%20p%C3%BAblica%20para%20el%20anteproyecto%20del%20Plan%20de%20descontaminaci%C3%B3n%20de%20Puerto%20Ays%C3%A9n' aria-hidden='false' data-av_icon='\ue8f3' data-av_iconfont='entypo-fontello' title='' data-avia-related-tooltip='Compartir en Facebook' rel=\"noopener\"><span class='avia_hidden_link_text'>Compartir en Facebook<\/span><\/a><\/li><li class='av-share-link av-social-link-twitter' ><a target=\"_blank\" aria-label=\"Compartir en Twitter\" href='https:\/\/twitter.com\/share?text=Realizan%20primer%20taller%20ciudadano%20de%20consulta%20p%C3%BAblica%20para%20el%20anteproyecto%20del%20Plan%20de%20descontaminaci%C3%B3n%20de%20Puerto%20Ays%C3%A9n&#038;url=https:\/\/radiorevelacionfm.cl\/?p=36190' aria-hidden='false' data-av_icon='\ue8f1' data-av_iconfont='entypo-fontello' title='' data-avia-related-tooltip='Compartir en Twitter' rel=\"noopener\"><span class='avia_hidden_link_text'>Compartir en Twitter<\/span><\/a><\/li><li class='av-share-link av-social-link-whatsapp' ><a target=\"_blank\" aria-label=\"Compartir en Whatsapp\" href='https:\/\/api.whatsapp.com\/send?text=https:\/\/radiorevelacionfm.cl\/?p=36190' aria-hidden='false' data-av_icon='\uf232' data-av_iconfont='entypo-fontello' title='' data-avia-related-tooltip='Compartir en Whatsapp' rel=\"noopener\"><span class='avia_hidden_link_text'>Compartir en Whatsapp<\/span><\/a><\/li><li class='av-share-link av-social-link-linkedin' ><a target=\"_blank\" aria-label=\"Compartir en LinkedIn\" href='https:\/\/linkedin.com\/shareArticle?mini=true&#038;title=Realizan%20primer%20taller%20ciudadano%20de%20consulta%20p%C3%BAblica%20para%20el%20anteproyecto%20del%20Plan%20de%20descontaminaci%C3%B3n%20de%20Puerto%20Ays%C3%A9n&#038;url=https:\/\/radiorevelacionfm.cl\/?p=36190' aria-hidden='false' data-av_icon='\ue8fc' data-av_iconfont='entypo-fontello' title='' data-avia-related-tooltip='Compartir en LinkedIn' rel=\"noopener\"><span class='avia_hidden_link_text'>Compartir en LinkedIn<\/span><\/a><\/li><li class='av-share-link av-social-link-mail' ><a  aria-label=\"Compartir por correo\" href='mailto:?subject=Realizan%20primer%20taller%20ciudadano%20de%20consulta%20p%C3%BAblica%20para%20el%20anteproyecto%20del%20Plan%20de%20descontaminaci%C3%B3n%20de%20Puerto%20Ays%C3%A9n&#038;body=https:\/\/radiorevelacionfm.cl\/?p=36190' aria-hidden='false' data-av_icon='\ue805' data-av_iconfont='entypo-fontello' title='' data-avia-related-tooltip='Compartir por correo'><span class='avia_hidden_link_text'>Compartir por correo<\/span><\/a><\/li><\/ul><\/div><\/div>\n<div  style='height:50px' class='hr hr-invisible   avia-builder-el-8  el_after_av_social_share  el_before_av_comments_list '><span class='hr-inner ' ><span class='hr-inner-style'><\/span><\/span><\/div>\n<div  class='av-buildercomment  av-blog-meta-html-info-disabled av-blog-meta-tag-disabled  '><\/div>\n","protected":false},"excerpt":{"rendered":"","protected":false},"author":1,"featured_media":36191,"comment_status":"open","ping_status":"open","sticky":false,"template":"","format":"standard","meta":{"footnotes":""},"categories":[39],"tags":[],"class_list":["post-36190","post","type-post","status-publish","format-standard","has-post-thumbnail","hentry","category-medio-ambiente"],"jetpack_featured_media_url":"https:\/\/radiorevelacionfm.cl\/wp-content\/uploads\/2023\/10\/1-84-2_optimized-1.jpg","_links":{"self":[{"href":"https:\/\/radiorevelacionfm.cl\/index.php?rest_route=\/wp\/v2\/posts\/36190","targetHints":{"allow":["GET"]}}],"collection":[{"href":"https:\/\/radiorevelacionfm.cl\/index.php?rest_route=\/wp\/v2\/posts"}],"about":[{"href":"https:\/\/radiorevelacionfm.cl\/index.php?rest_route=\/wp\/v2\/types\/post"}],"author":[{"embeddable":true,"href":"https:\/\/radiorevelacionfm.cl\/index.php?rest_route=\/wp\/v2\/users\/1"}],"replies":[{"embeddable":true,"href":"https:\/\/radiorevelacionfm.cl\/index.php?rest_route=%2Fwp%2Fv2%2Fcomments&post=36190"}],"version-history":[{"count":1,"href":"https:\/\/radiorevelacionfm.cl\/index.php?rest_route=\/wp\/v2\/posts\/36190\/revisions"}],"predecessor-version":[{"id":36192,"href":"https:\/\/radiorevelacionfm.cl\/index.php?rest_route=\/wp\/v2\/posts\/36190\/revisions\/36192"}],"wp:featuredmedia":[{"embeddable":true,"href":"https:\/\/radiorevelacionfm.cl\/index.php?rest_route=\/wp\/v2\/media\/36191"}],"wp:attachment":[{"href":"https:\/\/radiorevelacionfm.cl\/index.php?rest_route=%2Fwp%2Fv2%2Fmedia&parent=36190"}],"wp:term":[{"taxonomy":"category","embeddable":true,"href":"https:\/\/radiorevelacionfm.cl\/index.php?rest_route=%2Fwp%2Fv2%2Fcategories&post=36190"},{"taxonomy":"post_tag","embeddable":true,"href":"https:\/\/radiorevelacionfm.cl\/index.php?rest_route=%2Fwp%2Fv2%2Ftags&post=36190"}],"curies":[{"name":"wp","href":"https:\/\/api.w.org\/{rel}","templated":true}]}}