{"id":36185,"date":"2023-10-23T18:30:34","date_gmt":"2023-10-23T21:30:34","guid":{"rendered":"https:\/\/radiorevelacionfm.cl\/?p=36185"},"modified":"2023-10-23T18:30:34","modified_gmt":"2023-10-23T21:30:34","slug":"calisto-resalto-encuentro-deportivo-donde-participaron-350-ninos-de-las-provincias-de-aysen-y-coyhaique","status":"publish","type":"post","link":"https:\/\/radiorevelacionfm.cl\/?p=36185","title":{"rendered":"Calisto resalt\u00f3 encuentro deportivo donde participaron 350 ni\u00f1os de las provincias de Ays\u00e9n y Coyhaique"},"content":{"rendered":"<div class=\"flex_column av_one_full  flex_column_div av-zero-column-padding first  avia-builder-el-0  el_before_av_one_full  avia-builder-el-first  \" style='border-radius:0px; '><div  class='avia-image-container  av-styling-    avia-builder-el-1  avia-builder-el-no-sibling  avia-align-center '  itemprop=\"image\" itemscope=\"itemscope\" itemtype=\"https:\/\/schema.org\/ImageObject\"  ><div class='avia-image-container-inner'><div class='avia-image-overlay-wrap'><img decoding=\"async\" class='wp-image-36199 avia-img-lazy-loading-not-36199 avia_image' src=\"https:\/\/radiorevelacionfm.cl\/wp-content\/uploads\/2023\/10\/foto-actividad-uc-1-1-1_optimized-1.jpeg\" alt='' title='foto-actividad-uc-1-(1)-(1)_optimized (1)' height=\"600\" width=\"1067\"  itemprop=\"thumbnailUrl\" srcset=\"https:\/\/radiorevelacionfm.cl\/wp-content\/uploads\/2023\/10\/foto-actividad-uc-1-1-1_optimized-1.jpeg 1067w, https:\/\/radiorevelacionfm.cl\/wp-content\/uploads\/2023\/10\/foto-actividad-uc-1-1-1_optimized-1-300x169.jpeg 300w, https:\/\/radiorevelacionfm.cl\/wp-content\/uploads\/2023\/10\/foto-actividad-uc-1-1-1_optimized-1-1030x579.jpeg 1030w, https:\/\/radiorevelacionfm.cl\/wp-content\/uploads\/2023\/10\/foto-actividad-uc-1-1-1_optimized-1-768x432.jpeg 768w, https:\/\/radiorevelacionfm.cl\/wp-content\/uploads\/2023\/10\/foto-actividad-uc-1-1-1_optimized-1-705x396.jpeg 705w, https:\/\/radiorevelacionfm.cl\/wp-content\/uploads\/2023\/10\/foto-actividad-uc-1-1-1_optimized-1-450x253.jpeg 450w, https:\/\/radiorevelacionfm.cl\/wp-content\/uploads\/2023\/10\/foto-actividad-uc-1-1-1_optimized-1-600x337.jpeg 600w\" sizes=\"(max-width: 1067px) 100vw, 1067px\" \/><\/div><\/div><\/div><\/div><div class=\"flex_column av_one_full  flex_column_div av-zero-column-padding first  avia-builder-el-2  el_after_av_one_full  el_before_av_one_full  column-top-margin\" style='border-radius:0px; '><section class=\"av_textblock_section \"  itemscope=\"itemscope\" itemtype=\"https:\/\/schema.org\/BlogPosting\" itemprop=\"blogPost\" ><div class='avia_textblock  '   itemprop=\"text\" ><p style=\"text-align: center;\"><span style=\"font-size: 18pt;\"><b><span lang=\"ES\">Calisto resalt\u00f3 encuentro deportivo donde participaron 350 ni\u00f1os de las provincias de Ays\u00e9n y Coyhaique\u00a0\u00a0<\/span><\/b><\/span><\/p>\n<div id=\"gtx-trans\" style=\"position: absolute; left: -50px; top: 4.31534px;\">\n<div class=\"gtx-trans-icon\"><\/div>\n<\/div>\n<\/div><\/section><\/div><\/p>\n<div class=\"flex_column av_one_full  flex_column_div av-zero-column-padding first  avia-builder-el-4  el_after_av_one_full  el_before_av_hr  column-top-margin\" style='border-radius:0px; '><section class=\"av_textblock_section \"  itemscope=\"itemscope\" itemtype=\"https:\/\/schema.org\/BlogPosting\" itemprop=\"blogPost\" ><div class='avia_textblock  '   itemprop=\"text\" ><p style=\"font-weight: 400; text-align: justify;\"><em>El encuentro, organizado por la filial Coyhaique de la Universidad Cat\u00f3lica, permiti\u00f3 que muchos ni\u00f1os de diferentes localidades fueran observados por el ex futbolista Mario Lepe, que ahora trabaja en el \u00e1rea de captaci\u00f3n del club cruzado.\u00a0<\/em><\/p>\n<p style=\"font-weight: 400; text-align: justify;\">Con la participaci\u00f3n de m\u00e1s de 350 ni\u00f1os de distintas localidades de la regi\u00f3n, este fin de semana la filial de Coyhaique de la Universidad Cat\u00f3lica realiz\u00f3 el \u201cFestival UC\u201d, un encuentro futbol\u00edstico que cont\u00f3 con la presencia del ex seleccionado nacional y ex capit\u00e1n cruzado, Mario Lepe y que cont\u00f3 con el apoyo del diputado Miguel \u00c1ngel Calisto.<\/p>\n<p style=\"font-weight: 400; text-align: justify;\">El \u00abFestival de f\u00fatbol UC\u00bb es un formato nuevo que la instituci\u00f3n est\u00e1 implementando para captar nuevos talentos en paralelo a la captaci\u00f3n masiva. Se trata de un formato m\u00e1s amigable para el ni\u00f1o, en d\u00f3nde juega con sus compa\u00f1eros en el puesto donde habitualmente lo hace.<\/p>\n<p style=\"font-weight: 400; text-align: justify;\">La actividad cont\u00f3 con presencia de 3 profesionales del \u00e1rea de captaci\u00f3n, Se\u00f1ores Mario Lepe, El\u00edas Cantillana y Coordinador de escuela filiales Tom\u00e1s Gonz\u00e1lez.<\/p>\n<p style=\"font-weight: 400; text-align: justify;\">El diputado Calisto ya hab\u00eda apoyado otras actividades deportivas,\u00a0 como la cl\u00ednica de ex estrellas del club Colo Colo, la que se realiz\u00f3 en marzo de este a\u00f1o, y el campeonato binacional infantil que se realiz\u00f3 en septiembre pasado.<\/p>\n<p style=\"font-weight: 400; text-align: justify;\">Seg\u00fan el diputado Miguel \u00c1ngel Calisto, \u201cestamos contentos por este evento organizado por el club deportivo Universidad Cat\u00f3lica, filial Coyhaique. Felicitamos a los dirigentes, padres y apoderados, porque se han congregado clubes de diferentes partes de la Regi\u00f3n, no s\u00f3lo de la capital regional, como Puerto Ays\u00e9n, Villa Ma\u00f1ihuales e incluso Islas Huichas\u201d.<\/p>\n<p style=\"font-weight: 400; text-align: justify;\">El legislador agreg\u00f3 que \u201cse trata de ni\u00f1os que han venido a probarse para el equipo de la Universidad Cat\u00f3lico, siendo observados por ex jugadores que vinieron a Coyhaique, como es el caso del ex seleccionado nacional y ex capit\u00e1n Mario Lepe, para ir identificando futuras promesas del deporte\u201d.<\/p>\n<p style=\"font-weight: 400; text-align: justify;\">\u201cFeliz de poder contribuir y apoyar este tipo de actividades que son importantes para el desarrollo de nuestros ni\u00f1os, para que tengan oportunidades en el deporte, no s\u00f3lo en la regi\u00f3n, sino tambi\u00e9n a nivel nacional\u201d, indic\u00f3 el parlamentario.<\/p>\n<p style=\"font-weight: 400; text-align: justify;\">Por su parte, Mauricio Alvarado, coordinador de la filial de la Universidad Cat\u00f3lica de Coyhaique, asegur\u00f3 que \u201cquiero agradecer al diputado miguel \u00c1ngel Calisto por todo el compromiso hacia el tema deportivo que ha manifestado durante todo este tiempo, se ha portado muy bien con el deporte y con la escuela de f\u00fatbol de la UC, siempre colaborador. Esperamos seguir contando con su apoyo en actividades que se vienen m\u00e1s adelante\u201d.<\/p>\n<p style=\"font-weight: 400; text-align: justify;\">Finalmente, Mario Lepe tambi\u00e9n tuvo palabras de agradecimiento con el diputado Calisto, asegurando que \u201cagradecemos a todos los que organizaron, al diputado, al alcalde. Estas instancias son muy buenas para los ni\u00f1os, sobre todo en ciudades tan lejanas a la zona central, como es el caso de Coyhaique. Muy agradecido de esta actividad y espero que este tipo de eventos se sigan realizando en la regi\u00f3n\u201d.<\/p>\n<\/div><\/section><\/div>\n<div  style='height:50px' class='hr hr-invisible   avia-builder-el-6  el_after_av_one_full  el_before_av_social_share '><span class='hr-inner ' ><span class='hr-inner-style'><\/span><\/span><\/div>\n<div  class='av-social-sharing-box  avia-builder-el-7  el_after_av_hr  el_before_av_hr  '><div class='av-share-box'><h5 class='av-share-link-description av-no-toc '>Compartir esta noticia<\/h5><ul class='av-share-box-list noLightbox'><li class='av-share-link av-social-link-facebook' ><a target=\"_blank\" aria-label=\"Compartir en Facebook\" href='https:\/\/www.facebook.com\/sharer.php?u=https:\/\/radiorevelacionfm.cl\/?p=36185&#038;t=Calisto%20resalt%C3%B3%20encuentro%20deportivo%20donde%20participaron%20350%20ni%C3%B1os%20de%20las%20provincias%20de%20Ays%C3%A9n%20y%20Coyhaique' aria-hidden='false' data-av_icon='\ue8f3' data-av_iconfont='entypo-fontello' title='' data-avia-related-tooltip='Compartir en Facebook' rel=\"noopener\"><span class='avia_hidden_link_text'>Compartir en Facebook<\/span><\/a><\/li><li class='av-share-link av-social-link-twitter' ><a target=\"_blank\" aria-label=\"Compartir en Twitter\" href='https:\/\/twitter.com\/share?text=Calisto%20resalt%C3%B3%20encuentro%20deportivo%20donde%20participaron%20350%20ni%C3%B1os%20de%20las%20provincias%20de%20Ays%C3%A9n%20y%20Coyhaique&#038;url=https:\/\/radiorevelacionfm.cl\/?p=36185' aria-hidden='false' data-av_icon='\ue8f1' data-av_iconfont='entypo-fontello' title='' data-avia-related-tooltip='Compartir en Twitter' rel=\"noopener\"><span class='avia_hidden_link_text'>Compartir en Twitter<\/span><\/a><\/li><li class='av-share-link av-social-link-whatsapp' ><a target=\"_blank\" aria-label=\"Compartir en Whatsapp\" href='https:\/\/api.whatsapp.com\/send?text=https:\/\/radiorevelacionfm.cl\/?p=36185' aria-hidden='false' data-av_icon='\uf232' data-av_iconfont='entypo-fontello' title='' data-avia-related-tooltip='Compartir en Whatsapp' rel=\"noopener\"><span class='avia_hidden_link_text'>Compartir en Whatsapp<\/span><\/a><\/li><li class='av-share-link av-social-link-linkedin' ><a target=\"_blank\" aria-label=\"Compartir en LinkedIn\" href='https:\/\/linkedin.com\/shareArticle?mini=true&#038;title=Calisto%20resalt%C3%B3%20encuentro%20deportivo%20donde%20participaron%20350%20ni%C3%B1os%20de%20las%20provincias%20de%20Ays%C3%A9n%20y%20Coyhaique&#038;url=https:\/\/radiorevelacionfm.cl\/?p=36185' aria-hidden='false' data-av_icon='\ue8fc' data-av_iconfont='entypo-fontello' title='' data-avia-related-tooltip='Compartir en LinkedIn' rel=\"noopener\"><span class='avia_hidden_link_text'>Compartir en LinkedIn<\/span><\/a><\/li><li class='av-share-link av-social-link-mail' ><a  aria-label=\"Compartir por correo\" href='mailto:?subject=Calisto%20resalt%C3%B3%20encuentro%20deportivo%20donde%20participaron%20350%20ni%C3%B1os%20de%20las%20provincias%20de%20Ays%C3%A9n%20y%20Coyhaique&#038;body=https:\/\/radiorevelacionfm.cl\/?p=36185' aria-hidden='false' data-av_icon='\ue805' data-av_iconfont='entypo-fontello' title='' data-avia-related-tooltip='Compartir por correo'><span class='avia_hidden_link_text'>Compartir por correo<\/span><\/a><\/li><\/ul><\/div><\/div>\n<div  style='height:50px' class='hr hr-invisible   avia-builder-el-8  el_after_av_social_share  el_before_av_comments_list '><span class='hr-inner ' ><span class='hr-inner-style'><\/span><\/span><\/div>\n<div  class='av-buildercomment  av-blog-meta-html-info-disabled av-blog-meta-tag-disabled  '><\/div>\n","protected":false},"excerpt":{"rendered":"","protected":false},"author":1,"featured_media":36199,"comment_status":"open","ping_status":"open","sticky":false,"template":"","format":"standard","meta":{"footnotes":""},"categories":[35],"tags":[],"class_list":["post-36185","post","type-post","status-publish","format-standard","has-post-thumbnail","hentry","category-politica"],"jetpack_featured_media_url":"https:\/\/radiorevelacionfm.cl\/wp-content\/uploads\/2023\/10\/foto-actividad-uc-1-1-1_optimized-1.jpeg","_links":{"self":[{"href":"https:\/\/radiorevelacionfm.cl\/index.php?rest_route=\/wp\/v2\/posts\/36185","targetHints":{"allow":["GET"]}}],"collection":[{"href":"https:\/\/radiorevelacionfm.cl\/index.php?rest_route=\/wp\/v2\/posts"}],"about":[{"href":"https:\/\/radiorevelacionfm.cl\/index.php?rest_route=\/wp\/v2\/types\/post"}],"author":[{"embeddable":true,"href":"https:\/\/radiorevelacionfm.cl\/index.php?rest_route=\/wp\/v2\/users\/1"}],"replies":[{"embeddable":true,"href":"https:\/\/radiorevelacionfm.cl\/index.php?rest_route=%2Fwp%2Fv2%2Fcomments&post=36185"}],"version-history":[{"count":2,"href":"https:\/\/radiorevelacionfm.cl\/index.php?rest_route=\/wp\/v2\/posts\/36185\/revisions"}],"predecessor-version":[{"id":36200,"href":"https:\/\/radiorevelacionfm.cl\/index.php?rest_route=\/wp\/v2\/posts\/36185\/revisions\/36200"}],"wp:featuredmedia":[{"embeddable":true,"href":"https:\/\/radiorevelacionfm.cl\/index.php?rest_route=\/wp\/v2\/media\/36199"}],"wp:attachment":[{"href":"https:\/\/radiorevelacionfm.cl\/index.php?rest_route=%2Fwp%2Fv2%2Fmedia&parent=36185"}],"wp:term":[{"taxonomy":"category","embeddable":true,"href":"https:\/\/radiorevelacionfm.cl\/index.php?rest_route=%2Fwp%2Fv2%2Fcategories&post=36185"},{"taxonomy":"post_tag","embeddable":true,"href":"https:\/\/radiorevelacionfm.cl\/index.php?rest_route=%2Fwp%2Fv2%2Ftags&post=36185"}],"curies":[{"name":"wp","href":"https:\/\/api.w.org\/{rel}","templated":true}]}}