{"id":36179,"date":"2023-10-23T16:41:21","date_gmt":"2023-10-23T19:41:21","guid":{"rendered":"https:\/\/radiorevelacionfm.cl\/?p=36179"},"modified":"2023-10-23T16:41:21","modified_gmt":"2023-10-23T19:41:21","slug":"musica-en-los-balcones-lleva-sonidos-regionales-a-puerto-aysen-chile-chico-y-coyhaique","status":"publish","type":"post","link":"https:\/\/radiorevelacionfm.cl\/?p=36179","title":{"rendered":"M\u00fasica en los Balcones lleva sonidos regionales a Puerto Ays\u00e9n, Chile Chico y Coyhaique"},"content":{"rendered":"<div class=\"flex_column av_one_full  flex_column_div av-zero-column-padding first  avia-builder-el-0  el_before_av_one_full  avia-builder-el-first  \" style='border-radius:0px; '><div  class='avia-image-container  av-styling-    avia-builder-el-1  avia-builder-el-no-sibling  avia-align-center '  itemprop=\"image\" itemscope=\"itemscope\" itemtype=\"https:\/\/schema.org\/ImageObject\"  ><div class='avia-image-container-inner'><div class='avia-image-overlay-wrap'><img decoding=\"async\" class='wp-image-36180 avia-img-lazy-loading-not-36180 avia_image' src=\"https:\/\/radiorevelacionfm.cl\/wp-content\/uploads\/2023\/10\/savir-balcones9-1-1.jpg\" alt='' title='savir balcones9 (1) (1)' height=\"600\" width=\"900\"  itemprop=\"thumbnailUrl\" srcset=\"https:\/\/radiorevelacionfm.cl\/wp-content\/uploads\/2023\/10\/savir-balcones9-1-1.jpg 900w, https:\/\/radiorevelacionfm.cl\/wp-content\/uploads\/2023\/10\/savir-balcones9-1-1-300x200.jpg 300w, https:\/\/radiorevelacionfm.cl\/wp-content\/uploads\/2023\/10\/savir-balcones9-1-1-768x512.jpg 768w, https:\/\/radiorevelacionfm.cl\/wp-content\/uploads\/2023\/10\/savir-balcones9-1-1-705x470.jpg 705w, https:\/\/radiorevelacionfm.cl\/wp-content\/uploads\/2023\/10\/savir-balcones9-1-1-450x300.jpg 450w, https:\/\/radiorevelacionfm.cl\/wp-content\/uploads\/2023\/10\/savir-balcones9-1-1-600x400.jpg 600w\" sizes=\"(max-width: 900px) 100vw, 900px\" \/><\/div><\/div><\/div><\/div><div class=\"flex_column av_one_full  flex_column_div av-zero-column-padding first  avia-builder-el-2  el_after_av_one_full  el_before_av_one_full  column-top-margin\" style='border-radius:0px; '><section class=\"av_textblock_section \"  itemscope=\"itemscope\" itemtype=\"https:\/\/schema.org\/BlogPosting\" itemprop=\"blogPost\" ><div class='avia_textblock  '   itemprop=\"text\" ><p style=\"text-align: center;\"><span style=\"font-size: 18pt;\"><b>M\u00fasica en los Balcones lleva sonidos regionales a Puerto Ays\u00e9n, Chile Chico y Coyhaique<\/b><\/span><\/p>\n<div id=\"gtx-trans\" style=\"position: absolute; left: -50px; top: 4.31534px;\">\n<div class=\"gtx-trans-icon\"><\/div>\n<\/div>\n<\/div><\/section><\/div><div class=\"flex_column av_one_full  flex_column_div av-zero-column-padding first  avia-builder-el-4  el_after_av_one_full  el_before_av_hr  column-top-margin\" style='border-radius:0px; '><section class=\"av_textblock_section \"  itemscope=\"itemscope\" itemtype=\"https:\/\/schema.org\/BlogPosting\" itemprop=\"blogPost\" ><div class='avia_textblock  '   itemprop=\"text\" ><p style=\"text-align: justify;\">\u201cLa gente de la barcaza nunca se imagin\u00f3 que pod\u00eda organizarse un acto cultural a bordo\u201d, dice con sorpresa Celeste Anacletxx tras haber brindado un repertorio literalmente flotante, embarcada en la Tehuelche.<\/p>\n<p style=\"text-align: justify;\">Y es que Celeste regres\u00f3 a sus or\u00edgenes chilechiquenses con un recital muy diferente, que deleit\u00f3 a la comunidad lacustre que lleg\u00f3 hasta el muelle para embarcar en esta especial velada denominada M\u00fasica en los Balcones, y que forma parte de la programaci\u00f3n regional del Mes de la M\u00fasica.<\/p>\n<p style=\"text-align: justify;\">\u201cM\u00fasica en los Balcones\u201d, resume el seremi de Culturas Ays\u00e9n, Felipe Quiroz, \u201ces una iniciativa gubernamental, que en el caso de Ays\u00e9n, estuvo presente en la Plaza de Puerto Ays\u00e9n con Cepa Funk, con Celeste en la Tehuelche en Chile Chico en un recital flotante y Savir Quintana en nuestra Feria Las Quintas de Coyhaique. Estamos contentos porque es evidente que el p\u00fablico goza estas experiencias musicales en espacios no tradicionales para esta disciplina. De este modo, estamos cumpliendo el mandato presidencial de estar en los territorios\u201d.<\/p>\n<p style=\"text-align: justify;\">El Mes de la M\u00fasica comenz\u00f3 con nuestro Festival regional Confluencia, donde triunf\u00f3 Celeste Anacletxx y se adjudic\u00f3 un cupo para representar al territorio en el 19\u00ba Festival Rock\u00f3dromo 2023 en Valpara\u00edso.<\/p>\n<p style=\"text-align: justify;\">Celeste narr\u00f3 que tocar en la barcaza Tehuelche fue \u201cuna experiencia superlinda; estar flotando y tocando al mismo tiempo. Nunca lo hab\u00eda experimentado. Y la convocatoria tambi\u00e9n fue amplia, llegaron m\u00e1s de 40 personas, todos muy contentos, recibimos comentarios de que esto se debe repetir, todos muy felices\u201d.<\/p>\n<p style=\"text-align: justify;\">Para Savir Quintana, la Feria Las Quintas se convirti\u00f3 en su escenario: \u201cFue una experiencia muy grata. Llegar a un lugar y darse cuenta de que no hab\u00eda un escenario como tal, sino que ponerse en la vereda, entre la gente, fue una experiencia muy enriquecedora. De hecho, me preguntaron si consideraba necesario cerrar la vereda con vallas y no, la idea era que la gente se paseara entremedio de nosotros, porque me sent\u00ed parte del paisaje. Yo no era el foco principal de inter\u00e9s de ese d\u00eda, sino un aporte al lugar. La m\u00fasica era un elemento m\u00e1s y el eje principal era la feria en s\u00ed\u201d.<\/p>\n<\/div><\/section><\/div><div  style='height:50px' class='hr hr-invisible   avia-builder-el-6  el_after_av_one_full  el_before_av_social_share '><span class='hr-inner ' ><span class='hr-inner-style'><\/span><\/span><\/div><\/p>\n<div  class='av-social-sharing-box  avia-builder-el-7  el_after_av_hr  el_before_av_hr  '><div class='av-share-box'><h5 class='av-share-link-description av-no-toc '>Compartir esta noticia<\/h5><ul class='av-share-box-list noLightbox'><li class='av-share-link av-social-link-facebook' ><a target=\"_blank\" aria-label=\"Compartir en Facebook\" href='https:\/\/www.facebook.com\/sharer.php?u=https:\/\/radiorevelacionfm.cl\/?p=36179&#038;t=M%C3%BAsica%20en%20los%20Balcones%20lleva%20sonidos%20regionales%20a%20Puerto%20Ays%C3%A9n%2C%20Chile%20Chico%20y%20Coyhaique' aria-hidden='false' data-av_icon='\ue8f3' data-av_iconfont='entypo-fontello' title='' data-avia-related-tooltip='Compartir en Facebook' rel=\"noopener\"><span class='avia_hidden_link_text'>Compartir en Facebook<\/span><\/a><\/li><li class='av-share-link av-social-link-twitter' ><a target=\"_blank\" aria-label=\"Compartir en Twitter\" href='https:\/\/twitter.com\/share?text=M%C3%BAsica%20en%20los%20Balcones%20lleva%20sonidos%20regionales%20a%20Puerto%20Ays%C3%A9n%2C%20Chile%20Chico%20y%20Coyhaique&#038;url=https:\/\/radiorevelacionfm.cl\/?p=36179' aria-hidden='false' data-av_icon='\ue8f1' data-av_iconfont='entypo-fontello' title='' data-avia-related-tooltip='Compartir en Twitter' rel=\"noopener\"><span class='avia_hidden_link_text'>Compartir en Twitter<\/span><\/a><\/li><li class='av-share-link av-social-link-whatsapp' ><a target=\"_blank\" aria-label=\"Compartir en Whatsapp\" href='https:\/\/api.whatsapp.com\/send?text=https:\/\/radiorevelacionfm.cl\/?p=36179' aria-hidden='false' data-av_icon='\uf232' data-av_iconfont='entypo-fontello' title='' data-avia-related-tooltip='Compartir en Whatsapp' rel=\"noopener\"><span class='avia_hidden_link_text'>Compartir en Whatsapp<\/span><\/a><\/li><li class='av-share-link av-social-link-linkedin' ><a target=\"_blank\" aria-label=\"Compartir en LinkedIn\" href='https:\/\/linkedin.com\/shareArticle?mini=true&#038;title=M%C3%BAsica%20en%20los%20Balcones%20lleva%20sonidos%20regionales%20a%20Puerto%20Ays%C3%A9n%2C%20Chile%20Chico%20y%20Coyhaique&#038;url=https:\/\/radiorevelacionfm.cl\/?p=36179' aria-hidden='false' data-av_icon='\ue8fc' data-av_iconfont='entypo-fontello' title='' data-avia-related-tooltip='Compartir en LinkedIn' rel=\"noopener\"><span class='avia_hidden_link_text'>Compartir en LinkedIn<\/span><\/a><\/li><li class='av-share-link av-social-link-mail' ><a  aria-label=\"Compartir por correo\" href='mailto:?subject=M%C3%BAsica%20en%20los%20Balcones%20lleva%20sonidos%20regionales%20a%20Puerto%20Ays%C3%A9n%2C%20Chile%20Chico%20y%20Coyhaique&#038;body=https:\/\/radiorevelacionfm.cl\/?p=36179' aria-hidden='false' data-av_icon='\ue805' data-av_iconfont='entypo-fontello' title='' data-avia-related-tooltip='Compartir por correo'><span class='avia_hidden_link_text'>Compartir por correo<\/span><\/a><\/li><\/ul><\/div><\/div>\n<div  style='height:50px' class='hr hr-invisible   avia-builder-el-8  el_after_av_social_share  el_before_av_comments_list '><span class='hr-inner ' ><span class='hr-inner-style'><\/span><\/span><\/div>\n<div  class='av-buildercomment  av-blog-meta-html-info-disabled av-blog-meta-tag-disabled  '><\/div>\n","protected":false},"excerpt":{"rendered":"","protected":false},"author":1,"featured_media":36180,"comment_status":"open","ping_status":"open","sticky":false,"template":"","format":"standard","meta":{"footnotes":""},"categories":[52],"tags":[],"class_list":["post-36179","post","type-post","status-publish","format-standard","has-post-thumbnail","hentry","category-cultura"],"jetpack_featured_media_url":"https:\/\/radiorevelacionfm.cl\/wp-content\/uploads\/2023\/10\/savir-balcones9-1-1.jpg","_links":{"self":[{"href":"https:\/\/radiorevelacionfm.cl\/index.php?rest_route=\/wp\/v2\/posts\/36179","targetHints":{"allow":["GET"]}}],"collection":[{"href":"https:\/\/radiorevelacionfm.cl\/index.php?rest_route=\/wp\/v2\/posts"}],"about":[{"href":"https:\/\/radiorevelacionfm.cl\/index.php?rest_route=\/wp\/v2\/types\/post"}],"author":[{"embeddable":true,"href":"https:\/\/radiorevelacionfm.cl\/index.php?rest_route=\/wp\/v2\/users\/1"}],"replies":[{"embeddable":true,"href":"https:\/\/radiorevelacionfm.cl\/index.php?rest_route=%2Fwp%2Fv2%2Fcomments&post=36179"}],"version-history":[{"count":1,"href":"https:\/\/radiorevelacionfm.cl\/index.php?rest_route=\/wp\/v2\/posts\/36179\/revisions"}],"predecessor-version":[{"id":36181,"href":"https:\/\/radiorevelacionfm.cl\/index.php?rest_route=\/wp\/v2\/posts\/36179\/revisions\/36181"}],"wp:featuredmedia":[{"embeddable":true,"href":"https:\/\/radiorevelacionfm.cl\/index.php?rest_route=\/wp\/v2\/media\/36180"}],"wp:attachment":[{"href":"https:\/\/radiorevelacionfm.cl\/index.php?rest_route=%2Fwp%2Fv2%2Fmedia&parent=36179"}],"wp:term":[{"taxonomy":"category","embeddable":true,"href":"https:\/\/radiorevelacionfm.cl\/index.php?rest_route=%2Fwp%2Fv2%2Fcategories&post=36179"},{"taxonomy":"post_tag","embeddable":true,"href":"https:\/\/radiorevelacionfm.cl\/index.php?rest_route=%2Fwp%2Fv2%2Ftags&post=36179"}],"curies":[{"name":"wp","href":"https:\/\/api.w.org\/{rel}","templated":true}]}}