{"id":36177,"date":"2023-10-23T15:13:02","date_gmt":"2023-10-23T18:13:02","guid":{"rendered":"https:\/\/radiorevelacionfm.cl\/?p=36177"},"modified":"2023-10-23T15:13:02","modified_gmt":"2023-10-23T18:13:02","slug":"fiscalia-logra-prision-preventiva-y-arresto-domiciliario-total-para-7-integrantes-de-banda-rival-en-caso-de-homicidio-ocurrido-en-avenida-ogana","status":"publish","type":"post","link":"https:\/\/radiorevelacionfm.cl\/?p=36177","title":{"rendered":"Fiscal\u00eda logra prisi\u00f3n preventiva y arresto domiciliario total para 7 integrantes de banda rival en caso de homicidio ocurrido en avenida Ogana"},"content":{"rendered":"<div class=\"flex_column av_one_full  flex_column_div av-zero-column-padding first  avia-builder-el-0  el_before_av_one_full  avia-builder-el-first  \" style='border-radius:0px; '><div  class='avia-image-container  av-styling-    avia-builder-el-1  avia-builder-el-no-sibling  avia-align-center '  itemprop=\"image\" itemscope=\"itemscope\" itemtype=\"https:\/\/schema.org\/ImageObject\"  ><div class='avia-image-container-inner'><div class='avia-image-overlay-wrap'><img decoding=\"async\" class='wp-image-34424 avia-img-lazy-loading-not-34424 avia_image' src=\"https:\/\/radiorevelacionfm.cl\/wp-content\/uploads\/2023\/08\/fiscalia_2023-copia-1_optimized.jpeg\" alt='' title='fiscalia_2023 - -copia-(1)_optimized' height=\"600\" width=\"867\"  itemprop=\"thumbnailUrl\" srcset=\"https:\/\/radiorevelacionfm.cl\/wp-content\/uploads\/2023\/08\/fiscalia_2023-copia-1_optimized.jpeg 867w, https:\/\/radiorevelacionfm.cl\/wp-content\/uploads\/2023\/08\/fiscalia_2023-copia-1_optimized-300x208.jpeg 300w, https:\/\/radiorevelacionfm.cl\/wp-content\/uploads\/2023\/08\/fiscalia_2023-copia-1_optimized-768x531.jpeg 768w, https:\/\/radiorevelacionfm.cl\/wp-content\/uploads\/2023\/08\/fiscalia_2023-copia-1_optimized-705x488.jpeg 705w, https:\/\/radiorevelacionfm.cl\/wp-content\/uploads\/2023\/08\/fiscalia_2023-copia-1_optimized-450x311.jpeg 450w, https:\/\/radiorevelacionfm.cl\/wp-content\/uploads\/2023\/08\/fiscalia_2023-copia-1_optimized-600x415.jpeg 600w\" sizes=\"(max-width: 867px) 100vw, 867px\" \/><\/div><\/div><\/div><\/div><div class=\"flex_column av_one_full  flex_column_div av-zero-column-padding first  avia-builder-el-2  el_after_av_one_full  el_before_av_one_full  column-top-margin\" style='border-radius:0px; '><section class=\"av_textblock_section \"  itemscope=\"itemscope\" itemtype=\"https:\/\/schema.org\/BlogPosting\" itemprop=\"blogPost\" ><div class='avia_textblock  '   itemprop=\"text\" ><p style=\"text-align: center;\"><span style=\"font-size: 18pt;\"><b>Fiscal\u00eda logra prisi\u00f3n preventiva y arresto domiciliario total para 7 integrantes de banda rival en caso de homicidio ocurrido en avenida Ogana<\/b><\/span><\/p>\n<div id=\"gtx-trans\" style=\"position: absolute; left: -50px; top: 4.31534px;\">\n<div class=\"gtx-trans-icon\"><\/div>\n<\/div>\n<\/div><\/section><\/div><div class=\"flex_column av_one_full  flex_column_div av-zero-column-padding first  avia-builder-el-4  el_after_av_one_full  el_before_av_hr  column-top-margin\" style='border-radius:0px; '><section class=\"av_textblock_section \"  itemscope=\"itemscope\" itemtype=\"https:\/\/schema.org\/BlogPosting\" itemprop=\"blogPost\" ><div class='avia_textblock  '   itemprop=\"text\" ><p style=\"font-weight: 400; text-align: justify;\">Este mediod\u00eda y tras una apelaci\u00f3n presentada por la Fiscal\u00eda, la Ilustr\u00edsima Corte de Apelaciones de Coyhaique decret\u00f3 la prisi\u00f3n preventiva para 6 imputados adultos y el arresto domiciliario total para un adolescente, quienes fueron formalizados el viernes como coautores y encubridores de homicidio, delito ocurrido a fines de enero de este a\u00f1o en Coyhaique, en el contexto de luchas de poder entre dos bandas rivales dedicadas al tr\u00e1fico de drogas. Los alegatos de la Fiscal\u00eda ante el Tribunal de Alzada, estuvieron a cargo de la Unidad de Asesor\u00eda Jur\u00eddica del Ministerio P\u00fablico.<\/p>\n<p style=\"font-weight: 400; text-align: justify;\">Esta investigaci\u00f3n coordinada por la Fiscal\u00eda y minuciosas diligencias efectuadas por detectives de las Brigadas de Homicidios y Antinarc\u00f3ticos y Contra el Crimen Organizado de la PDI, permiti\u00f3 la detenci\u00f3n de 7 imputados en distintas ciudades de Chile.<\/p>\n<p style=\"font-weight: 400; text-align: justify;\">El Fiscal Regional, Carlos Palma, destac\u00f3 la trascendencia de este procedimiento policial de amplio alcance, en el cual se efectuaron diligencias paralelas en las regiones de Valpara\u00edso, Metropolitana y Ays\u00e9n por parte de detectives de la PDI, a fin de lograr la captura de los 7 imputados.<\/p>\n<p style=\"font-weight: 400; text-align: justify;\">HECHOS<\/p>\n<p style=\"font-weight: 400; text-align: justify;\">De acuerdo a lo mencionado en la audiencia de formalizaci\u00f3n por la fiscal Mar\u00eda In\u00e9s N\u00fa\u00f1ez, de la Unidad de Drogas del Ministerio P\u00fablico y Jos\u00e9 Moris, fiscal jefe de Coyhaique, el 28 de enero de este a\u00f1o cuatro imputados, entre ellos una mujer, quienes forman parte de una agrupaci\u00f3n de personas dedicadas al tr\u00e1fico de drogas, viajaron a Puerto Ays\u00e9n. En dicha ciudad, en un evento musical, sostuvieron un altercado con la v\u00edctima quien formaba parte de un grupo rival en la venta de drogas.<\/p>\n<p style=\"font-weight: 400; text-align: justify;\">Luego, el domingo 29 de enero de 2023, alrededor de las 02:00 horas, los imputados ya referidos concurrieron en veh\u00edculo a un servicentro de calle Ogana en Coyhaique, lugar hasta el cual lleg\u00f3 la v\u00edctima con sus amigos a bordo de otro autom\u00f3vil.<\/p>\n<p style=\"font-weight: 400; text-align: justify;\">La v\u00edctima con sus amigos, se bajaron del m\u00f3vil y sin mediar provocaci\u00f3n, a ra\u00edz del altercado previo, los imputados realizan maniobras que permiten que uno de ellos extraiga un arma de fuego, de lo que estaban en conocimiento los dem\u00e1s integrantes de la banda. La Fiscal\u00eda a\u00f1adi\u00f3 en la audiencia que, uno de ellos percut\u00f3 al menos tres disparos a una distancia cercana, hiriendo con una de las balas a la v\u00edctima, quien result\u00f3 fallecido.<\/p>\n<p style=\"font-weight: 400; text-align: justify;\">Los imputados, a los que se suma un octavo sujeto que ya estaba en prisi\u00f3n preventiva, fueron formalizados el viernes por la Fiscal\u00eda ante el Juzgado de Garant\u00eda, en calidad de coautores y encubridores de homicidio.<\/p>\n<p style=\"font-weight: 400; text-align: justify;\">ENCUBRIDORES<\/p>\n<p style=\"font-weight: 400; text-align: justify;\">Con el fin de ocultar la evidencia que pudiera obtenerse, uno de los imputados, junto a un quinto sujeto, acuerdan que este \u00faltimo limpiar\u00eda el veh\u00edculo en que se trasladaban, de todo rastro\u00a0de p\u00f3lvora o evidencia que pudiera incriminarlos, acci\u00f3n que realizan el 30 de enero de 2023.<\/p>\n<p style=\"font-weight: 400; text-align: justify;\">Con posterioridad, otro integrante del grupo, el cual tambi\u00e9n est\u00e1 en prisi\u00f3n preventiva por otros hechos, contacta a un imputado menor de edad, con quien acuerdan entregar\u00eda una versi\u00f3n falsa ante las autoridades, se\u00f1alando que \u00e9l hab\u00eda sido el autor de los disparos.<\/p>\n<p style=\"font-weight: 400; text-align: justify;\">Los primeros d\u00edas de febrero de 2023, este sujeto concurri\u00f3 hasta la Primera Comisar\u00eda de Coyhaique indicando que confesar\u00eda el crimen, sin embargo, desisti\u00f3 de autoincriminarse. Con esta maniobra, distrajo el actuar policial, proporcionando al resto de los involucrados el tiempo necesario para escapar.<\/p>\n<p style=\"font-weight: 400; text-align: justify;\">Dos de los autores del homicidio, decidieron darse a la fuga del pa\u00eds, para lo cual -con la ayuda del imputado que limpi\u00f3 el veh\u00edculo-, contactaron a otros dos sujetos, quienes les facilitan medios de traslado desde Coyhaique a Chile Chico, alojamiento y el cruce a trav\u00e9s de un paso no habilitado hacia Los Antiguos. Lo anterior, con la finalidad de abandonar el pa\u00eds rumbo a Argentina, a comienzos de febrero de 2023.<\/p>\n<p style=\"font-weight: 400; text-align: justify;\">TRAFICO DE DROGAS<\/p>\n<p style=\"font-weight: 400; text-align: justify;\">Una de las personas detenida como encubridor, fue formalizada adem\u00e1s por tr\u00e1fico de drogas, luego que la PDI decomisara en su domicilio del sector alto de Coyhaique, 196 gramos de clorhidrato de coca\u00edna, 34 gramos de cannabis y 77 gramos de hongos psilocybe, adem\u00e1s de $619.000 en dinero en efectivo, dos tel\u00e9fonos celulares, dos balanzas digitales y bolsas para dosificar utilizadas para el tr\u00e1fico de drogas.<\/p>\n<p style=\"font-weight: 400; text-align: justify;\">Otro encubridor, tambi\u00e9n de Coyhaique, fue formalizado adem\u00e1s por microtr\u00e1fico de drogas. En su domicilio, seg\u00fan detall\u00f3 en la audiencia la Fiscal\u00eda, detectives de la PDI decomisaron 17,08 gramos de clorhidrato de coca\u00edna, 0,7 gramos de cannabis y 77 gramos de hongos psilocybe.<\/p>\n<p style=\"font-weight: 400; text-align: justify;\">Adem\u00e1s, este imputado pose\u00eda cuatro tel\u00e9fonos celulares, utilizadas para la coordinaci\u00f3n del tr\u00e1fico de drogas. Incluso, en estos allanamientos, fueron decomisadas dos armas que utilizan postones.<\/p>\n<p style=\"font-weight: 400; text-align: justify;\">Para el t\u00e9rmino de esta investigaci\u00f3n por crimen organizado, que ejecuta la Fiscal\u00eda y PDI, se fij\u00f3 un plazo de 90 d\u00edas.<\/p>\n<\/div><\/section><\/div><div  style='height:50px' class='hr hr-invisible   avia-builder-el-6  el_after_av_one_full  el_before_av_social_share '><span class='hr-inner ' ><span class='hr-inner-style'><\/span><\/span><\/div><\/p>\n<div  class='av-social-sharing-box  avia-builder-el-7  el_after_av_hr  el_before_av_hr  '><div class='av-share-box'><h5 class='av-share-link-description av-no-toc '>Compartir esta noticia<\/h5><ul class='av-share-box-list noLightbox'><li class='av-share-link av-social-link-facebook' ><a target=\"_blank\" aria-label=\"Compartir en Facebook\" href='https:\/\/www.facebook.com\/sharer.php?u=https:\/\/radiorevelacionfm.cl\/?p=36177&#038;t=Fiscal%C3%ADa%20logra%20prisi%C3%B3n%20preventiva%20y%20arresto%20domiciliario%20total%20para%207%20integrantes%20de%20banda%20rival%20en%20caso%20de%20homicidio%20ocurrido%20en%20avenida%20Ogana' aria-hidden='false' data-av_icon='\ue8f3' data-av_iconfont='entypo-fontello' title='' data-avia-related-tooltip='Compartir en Facebook' rel=\"noopener\"><span class='avia_hidden_link_text'>Compartir en Facebook<\/span><\/a><\/li><li class='av-share-link av-social-link-twitter' ><a target=\"_blank\" aria-label=\"Compartir en Twitter\" href='https:\/\/twitter.com\/share?text=Fiscal%C3%ADa%20logra%20prisi%C3%B3n%20preventiva%20y%20arresto%20domiciliario%20total%20para%207%20integrantes%20de%20banda%20rival%20en%20caso%20de%20homicidio%20ocurrido%20en%20avenida%20Ogana&#038;url=https:\/\/radiorevelacionfm.cl\/?p=36177' aria-hidden='false' data-av_icon='\ue8f1' data-av_iconfont='entypo-fontello' title='' data-avia-related-tooltip='Compartir en Twitter' rel=\"noopener\"><span class='avia_hidden_link_text'>Compartir en Twitter<\/span><\/a><\/li><li class='av-share-link av-social-link-whatsapp' ><a target=\"_blank\" aria-label=\"Compartir en Whatsapp\" href='https:\/\/api.whatsapp.com\/send?text=https:\/\/radiorevelacionfm.cl\/?p=36177' aria-hidden='false' data-av_icon='\uf232' data-av_iconfont='entypo-fontello' title='' data-avia-related-tooltip='Compartir en Whatsapp' rel=\"noopener\"><span class='avia_hidden_link_text'>Compartir en Whatsapp<\/span><\/a><\/li><li class='av-share-link av-social-link-linkedin' ><a target=\"_blank\" aria-label=\"Compartir en LinkedIn\" href='https:\/\/linkedin.com\/shareArticle?mini=true&#038;title=Fiscal%C3%ADa%20logra%20prisi%C3%B3n%20preventiva%20y%20arresto%20domiciliario%20total%20para%207%20integrantes%20de%20banda%20rival%20en%20caso%20de%20homicidio%20ocurrido%20en%20avenida%20Ogana&#038;url=https:\/\/radiorevelacionfm.cl\/?p=36177' aria-hidden='false' data-av_icon='\ue8fc' data-av_iconfont='entypo-fontello' title='' data-avia-related-tooltip='Compartir en LinkedIn' rel=\"noopener\"><span class='avia_hidden_link_text'>Compartir en LinkedIn<\/span><\/a><\/li><li class='av-share-link av-social-link-mail' ><a  aria-label=\"Compartir por correo\" href='mailto:?subject=Fiscal%C3%ADa%20logra%20prisi%C3%B3n%20preventiva%20y%20arresto%20domiciliario%20total%20para%207%20integrantes%20de%20banda%20rival%20en%20caso%20de%20homicidio%20ocurrido%20en%20avenida%20Ogana&#038;body=https:\/\/radiorevelacionfm.cl\/?p=36177' aria-hidden='false' data-av_icon='\ue805' data-av_iconfont='entypo-fontello' title='' data-avia-related-tooltip='Compartir por correo'><span class='avia_hidden_link_text'>Compartir por correo<\/span><\/a><\/li><\/ul><\/div><\/div>\n<div  style='height:50px' class='hr hr-invisible   avia-builder-el-8  el_after_av_social_share  el_before_av_comments_list '><span class='hr-inner ' ><span class='hr-inner-style'><\/span><\/span><\/div>\n<div  class='av-buildercomment  av-blog-meta-html-info-disabled av-blog-meta-tag-disabled  '><\/div>\n","protected":false},"excerpt":{"rendered":"","protected":false},"author":1,"featured_media":34424,"comment_status":"open","ping_status":"open","sticky":false,"template":"","format":"standard","meta":{"footnotes":""},"categories":[55],"tags":[],"class_list":["post-36177","post","type-post","status-publish","format-standard","has-post-thumbnail","hentry","category-justicia"],"jetpack_featured_media_url":"https:\/\/radiorevelacionfm.cl\/wp-content\/uploads\/2023\/08\/fiscalia_2023-copia-1_optimized.jpeg","_links":{"self":[{"href":"https:\/\/radiorevelacionfm.cl\/index.php?rest_route=\/wp\/v2\/posts\/36177","targetHints":{"allow":["GET"]}}],"collection":[{"href":"https:\/\/radiorevelacionfm.cl\/index.php?rest_route=\/wp\/v2\/posts"}],"about":[{"href":"https:\/\/radiorevelacionfm.cl\/index.php?rest_route=\/wp\/v2\/types\/post"}],"author":[{"embeddable":true,"href":"https:\/\/radiorevelacionfm.cl\/index.php?rest_route=\/wp\/v2\/users\/1"}],"replies":[{"embeddable":true,"href":"https:\/\/radiorevelacionfm.cl\/index.php?rest_route=%2Fwp%2Fv2%2Fcomments&post=36177"}],"version-history":[{"count":1,"href":"https:\/\/radiorevelacionfm.cl\/index.php?rest_route=\/wp\/v2\/posts\/36177\/revisions"}],"predecessor-version":[{"id":36178,"href":"https:\/\/radiorevelacionfm.cl\/index.php?rest_route=\/wp\/v2\/posts\/36177\/revisions\/36178"}],"wp:featuredmedia":[{"embeddable":true,"href":"https:\/\/radiorevelacionfm.cl\/index.php?rest_route=\/wp\/v2\/media\/34424"}],"wp:attachment":[{"href":"https:\/\/radiorevelacionfm.cl\/index.php?rest_route=%2Fwp%2Fv2%2Fmedia&parent=36177"}],"wp:term":[{"taxonomy":"category","embeddable":true,"href":"https:\/\/radiorevelacionfm.cl\/index.php?rest_route=%2Fwp%2Fv2%2Fcategories&post=36177"},{"taxonomy":"post_tag","embeddable":true,"href":"https:\/\/radiorevelacionfm.cl\/index.php?rest_route=%2Fwp%2Fv2%2Ftags&post=36177"}],"curies":[{"name":"wp","href":"https:\/\/api.w.org\/{rel}","templated":true}]}}