{"id":36171,"date":"2023-10-24T10:20:08","date_gmt":"2023-10-24T13:20:08","guid":{"rendered":"https:\/\/radiorevelacionfm.cl\/?p=36171"},"modified":"2023-10-24T10:20:08","modified_gmt":"2023-10-24T13:20:08","slug":"hasta-el-25-de-octubre-jardines-infantiles-pueden-postular-al-fondo-de-innovacion-en-educacion-parvularia-fiep","status":"publish","type":"post","link":"https:\/\/radiorevelacionfm.cl\/?p=36171","title":{"rendered":"Hasta el 25 de Octubre jardines infantiles pueden postular al Fondo de innovaci\u00f3n en Educaci\u00f3n Parvularia (FIEP)"},"content":{"rendered":"<div class=\"flex_column av_one_full  flex_column_div av-zero-column-padding first  avia-builder-el-0  el_before_av_one_full  avia-builder-el-first  \" style='border-radius:0px; '><div  class='avia-image-container  av-styling-    avia-builder-el-1  avia-builder-el-no-sibling  avia-align-center '  itemprop=\"image\" itemscope=\"itemscope\" itemtype=\"https:\/\/schema.org\/ImageObject\"  ><div class='avia-image-container-inner'><div class='avia-image-overlay-wrap'><img decoding=\"async\" class='wp-image-36172 avia-img-lazy-loading-not-36172 avia_image' src=\"https:\/\/radiorevelacionfm.cl\/wp-content\/uploads\/2023\/10\/FIEP-1-1.jpg\" alt='' title='FIEP (1) (1)' height=\"600\" width=\"902\"  itemprop=\"thumbnailUrl\" srcset=\"https:\/\/radiorevelacionfm.cl\/wp-content\/uploads\/2023\/10\/FIEP-1-1.jpg 902w, https:\/\/radiorevelacionfm.cl\/wp-content\/uploads\/2023\/10\/FIEP-1-1-300x200.jpg 300w, https:\/\/radiorevelacionfm.cl\/wp-content\/uploads\/2023\/10\/FIEP-1-1-768x511.jpg 768w, https:\/\/radiorevelacionfm.cl\/wp-content\/uploads\/2023\/10\/FIEP-1-1-705x469.jpg 705w, https:\/\/radiorevelacionfm.cl\/wp-content\/uploads\/2023\/10\/FIEP-1-1-450x299.jpg 450w, https:\/\/radiorevelacionfm.cl\/wp-content\/uploads\/2023\/10\/FIEP-1-1-600x399.jpg 600w\" sizes=\"(max-width: 902px) 100vw, 902px\" \/><\/div><\/div><\/div><\/div><div class=\"flex_column av_one_full  flex_column_div av-zero-column-padding first  avia-builder-el-2  el_after_av_one_full  el_before_av_one_full  column-top-margin\" style='border-radius:0px; '><section class=\"av_textblock_section \"  itemscope=\"itemscope\" itemtype=\"https:\/\/schema.org\/BlogPosting\" itemprop=\"blogPost\" ><div class='avia_textblock  '   itemprop=\"text\" ><p style=\"text-align: center;\"><span style=\"font-size: 18pt;\"><b>Hasta el 25 de Octubre jardines infantiles pueden postular al Fondo de innovaci\u00f3n en Educaci\u00f3n Parvularia (FIEP)<\/b><\/span><\/p>\n<div id=\"gtx-trans\" style=\"position: absolute; left: -50px; top: 4.31534px;\">\n<div class=\"gtx-trans-icon\"><\/div>\n<\/div>\n<\/div><\/section><\/div><div class=\"flex_column av_one_full  flex_column_div av-zero-column-padding first  avia-builder-el-4  el_after_av_one_full  el_before_av_hr  column-top-margin\" style='border-radius:0px; '><section class=\"av_textblock_section \"  itemscope=\"itemscope\" itemtype=\"https:\/\/schema.org\/BlogPosting\" itemprop=\"blogPost\" ><div class='avia_textblock  '   itemprop=\"text\" ><p class=\"v1MsoNormal\" style=\"text-align: justify;\">La Seremi de Educaci\u00f3n de Ays\u00e9n Isabel Garrido invit\u00f3 a los jardines infantiles y salas cunas\u00a0 a postular al Fondo de Innovaci\u00f3n en Educaci\u00f3n Parvularia (FIEP), iniciativa de la Subsecretar\u00eda de Educaci\u00f3n Parvularia que financia proyectos formulados por las comunidades educativas, a fin de promover la innovaci\u00f3n en los procesos de ense\u00f1anza y aprendizaje del primer nivel.<\/p>\n<p class=\"v1MsoNormal\" style=\"text-align: justify;\">Esta es la sexta versi\u00f3n del FIEP, que desde 2018 acompa\u00f1a a las comunidades educativas y promueve acciones innovadoras en las aulas, que respondan a las caracter\u00edsticas y particularidades del nivel, con pertinencia a las realidades territoriales y relevando al juego como herramienta clave para el aprendizaje, desarrollo y bienestar integral de los ni\u00f1os y ni\u00f1as. Este a\u00f1o, FIEP se enmarca en las iniciativas del Plan de Fortalecimiento de la Educaci\u00f3n Rural Gabriela Mistral, que es impulsado por el Ministerio de Educaci\u00f3n, este\u00a0 busca articular las pol\u00edticas del sector para fortalecer el desarrollo de la educaci\u00f3n rural, detall\u00f3 la autoridad sectorial regional.<\/p>\n<p class=\"v1MsoNormal\" style=\"text-align: justify;\">\u201cInvitamos a salas cuna y jardines infantiles a postular sus proyectos al FIEP, porque son las propias comunidades y equipos educativos quienes mejor conocen la realidad y los requerimientos de las ni\u00f1as y ni\u00f1os\u201d.<\/p>\n<p class=\"v1MsoNormal\" style=\"text-align: justify;\">La convocatoria de FIEP 2023 est\u00e1 abierta hasta el 25 de octubre y est\u00e1 dirigida a comunidades educativas de salas cuna y jardines infantiles VTF, as\u00ed como modalidades o programas alternativos, ubicados en ruralidad.<\/p>\n<p class=\"v1MsoNormal\" style=\"text-align: justify;\">Para este a\u00f1o, el fondo considera una inversi\u00f3n total de $542 millones, para financiar proyectos de $4.500.000 cada uno.<\/p>\n<p class=\"v1MsoNormal\" style=\"text-align: justify;\">Las bases de postulaci\u00f3n e informaci\u00f3n sobre FIEP 2023 se encuentra disponible en:\u00a0<a href=\"https:\/\/parvularia.mineduc.cl\/fiep\/\" target=\"_blank\" rel=\"noopener noreferrer\">https:\/\/parvularia.mineduc.cl\/fiep\/<\/a>.<\/p>\n<p class=\"v1MsoNormal\" style=\"text-align: justify;\">La postulaci\u00f3n de los proyectos estar\u00e1 abierta hasta el 25 de octubre, en el portal de fondos concursables del Estado:\u00a0<a href=\"https:\/\/fondos.gob.cl\/\" target=\"_blank\" rel=\"noopener noreferrer\">https:\/\/fondos.gob.cl\/<\/a>.<\/p>\n<\/div><\/section><\/div><div  style='height:50px' class='hr hr-invisible   avia-builder-el-6  el_after_av_one_full  el_before_av_social_share '><span class='hr-inner ' ><span class='hr-inner-style'><\/span><\/span><\/div><\/p>\n<div  class='av-social-sharing-box  avia-builder-el-7  el_after_av_hr  el_before_av_hr  '><div class='av-share-box'><h5 class='av-share-link-description av-no-toc '>Compartir esta noticia<\/h5><ul class='av-share-box-list noLightbox'><li class='av-share-link av-social-link-facebook' ><a target=\"_blank\" aria-label=\"Compartir en Facebook\" href='https:\/\/www.facebook.com\/sharer.php?u=https:\/\/radiorevelacionfm.cl\/?p=36171&#038;t=Hasta%20el%2025%20de%20Octubre%20jardines%20infantiles%20pueden%20postular%20al%20Fondo%20de%20innovaci%C3%B3n%20en%20Educaci%C3%B3n%20Parvularia%20%28FIEP%29' aria-hidden='false' data-av_icon='\ue8f3' data-av_iconfont='entypo-fontello' title='' data-avia-related-tooltip='Compartir en Facebook' rel=\"noopener\"><span class='avia_hidden_link_text'>Compartir en Facebook<\/span><\/a><\/li><li class='av-share-link av-social-link-twitter' ><a target=\"_blank\" aria-label=\"Compartir en Twitter\" href='https:\/\/twitter.com\/share?text=Hasta%20el%2025%20de%20Octubre%20jardines%20infantiles%20pueden%20postular%20al%20Fondo%20de%20innovaci%C3%B3n%20en%20Educaci%C3%B3n%20Parvularia%20%28FIEP%29&#038;url=https:\/\/radiorevelacionfm.cl\/?p=36171' aria-hidden='false' data-av_icon='\ue8f1' data-av_iconfont='entypo-fontello' title='' data-avia-related-tooltip='Compartir en Twitter' rel=\"noopener\"><span class='avia_hidden_link_text'>Compartir en Twitter<\/span><\/a><\/li><li class='av-share-link av-social-link-whatsapp' ><a target=\"_blank\" aria-label=\"Compartir en Whatsapp\" href='https:\/\/api.whatsapp.com\/send?text=https:\/\/radiorevelacionfm.cl\/?p=36171' aria-hidden='false' data-av_icon='\uf232' data-av_iconfont='entypo-fontello' title='' data-avia-related-tooltip='Compartir en Whatsapp' rel=\"noopener\"><span class='avia_hidden_link_text'>Compartir en Whatsapp<\/span><\/a><\/li><li class='av-share-link av-social-link-linkedin' ><a target=\"_blank\" aria-label=\"Compartir en LinkedIn\" href='https:\/\/linkedin.com\/shareArticle?mini=true&#038;title=Hasta%20el%2025%20de%20Octubre%20jardines%20infantiles%20pueden%20postular%20al%20Fondo%20de%20innovaci%C3%B3n%20en%20Educaci%C3%B3n%20Parvularia%20%28FIEP%29&#038;url=https:\/\/radiorevelacionfm.cl\/?p=36171' aria-hidden='false' data-av_icon='\ue8fc' data-av_iconfont='entypo-fontello' title='' data-avia-related-tooltip='Compartir en LinkedIn' rel=\"noopener\"><span class='avia_hidden_link_text'>Compartir en LinkedIn<\/span><\/a><\/li><li class='av-share-link av-social-link-mail' ><a  aria-label=\"Compartir por correo\" href='mailto:?subject=Hasta%20el%2025%20de%20Octubre%20jardines%20infantiles%20pueden%20postular%20al%20Fondo%20de%20innovaci%C3%B3n%20en%20Educaci%C3%B3n%20Parvularia%20%28FIEP%29&#038;body=https:\/\/radiorevelacionfm.cl\/?p=36171' aria-hidden='false' data-av_icon='\ue805' data-av_iconfont='entypo-fontello' title='' data-avia-related-tooltip='Compartir por correo'><span class='avia_hidden_link_text'>Compartir por correo<\/span><\/a><\/li><\/ul><\/div><\/div>\n<div  style='height:50px' class='hr hr-invisible   avia-builder-el-8  el_after_av_social_share  el_before_av_comments_list '><span class='hr-inner ' ><span class='hr-inner-style'><\/span><\/span><\/div>\n<div  class='av-buildercomment  av-blog-meta-html-info-disabled av-blog-meta-tag-disabled  '><\/div>\n","protected":false},"excerpt":{"rendered":"","protected":false},"author":1,"featured_media":36172,"comment_status":"open","ping_status":"open","sticky":false,"template":"","format":"standard","meta":{"footnotes":""},"categories":[49],"tags":[],"class_list":["post-36171","post","type-post","status-publish","format-standard","has-post-thumbnail","hentry","category-educacion"],"jetpack_featured_media_url":"https:\/\/radiorevelacionfm.cl\/wp-content\/uploads\/2023\/10\/FIEP-1-1.jpg","_links":{"self":[{"href":"https:\/\/radiorevelacionfm.cl\/index.php?rest_route=\/wp\/v2\/posts\/36171","targetHints":{"allow":["GET"]}}],"collection":[{"href":"https:\/\/radiorevelacionfm.cl\/index.php?rest_route=\/wp\/v2\/posts"}],"about":[{"href":"https:\/\/radiorevelacionfm.cl\/index.php?rest_route=\/wp\/v2\/types\/post"}],"author":[{"embeddable":true,"href":"https:\/\/radiorevelacionfm.cl\/index.php?rest_route=\/wp\/v2\/users\/1"}],"replies":[{"embeddable":true,"href":"https:\/\/radiorevelacionfm.cl\/index.php?rest_route=%2Fwp%2Fv2%2Fcomments&post=36171"}],"version-history":[{"count":1,"href":"https:\/\/radiorevelacionfm.cl\/index.php?rest_route=\/wp\/v2\/posts\/36171\/revisions"}],"predecessor-version":[{"id":36173,"href":"https:\/\/radiorevelacionfm.cl\/index.php?rest_route=\/wp\/v2\/posts\/36171\/revisions\/36173"}],"wp:featuredmedia":[{"embeddable":true,"href":"https:\/\/radiorevelacionfm.cl\/index.php?rest_route=\/wp\/v2\/media\/36172"}],"wp:attachment":[{"href":"https:\/\/radiorevelacionfm.cl\/index.php?rest_route=%2Fwp%2Fv2%2Fmedia&parent=36171"}],"wp:term":[{"taxonomy":"category","embeddable":true,"href":"https:\/\/radiorevelacionfm.cl\/index.php?rest_route=%2Fwp%2Fv2%2Fcategories&post=36171"},{"taxonomy":"post_tag","embeddable":true,"href":"https:\/\/radiorevelacionfm.cl\/index.php?rest_route=%2Fwp%2Fv2%2Ftags&post=36171"}],"curies":[{"name":"wp","href":"https:\/\/api.w.org\/{rel}","templated":true}]}}